{"id":37291,"date":"2021-04-29T22:48:00","date_gmt":"2021-04-30T01:48:00","guid":{"rendered":"http:\/\/vocesparalelas.com.ar\/sitio\/?p=37291"},"modified":"2021-04-30T20:37:56","modified_gmt":"2021-04-30T23:37:56","slug":"el-candente-panorama-eleccionario-en-la-universidad-nacional-de-san-juan","status":"publish","type":"post","link":"https:\/\/vocesparalelas.com.ar\/sitio\/el-candente-panorama-eleccionario-en-la-universidad-nacional-de-san-juan\/","title":{"rendered":"\u201cEl candente panorama eleccionario en la Universidad Nacional de San Juan\u201d"},"content":{"rendered":"<p>Las elecciones en la UNSJ est\u00e1n en un punto \u00e1lgido y solo un espacio prevalece sobre el resto.<\/p>\n<p>Por el\u00a0Lic. Prof. Fernando A. Ocampo Bravo<\/p>\n<p>En los medios sociales, el actual Rector de la UNSJ, el Dr. Oscar Nasisi, arremeti\u00f3 como ha sido su costumbre en este tiempo, tratando de amedrentar a integrantes del\u00a0 espacio consolidado VAMOS UNSJ, el oficio N\u00b0 13-013, fechado el 23 de Abril de 2021, es complejo de tratar y comprenderlo realmente.<\/p>\n<p>Para entender esto, hace un tiempo el\u00a0 Decano de la Facultad de Arquitectura, Arq. Roberto G\u00f3mez, entrelazo a la consultora \u201cTr\u00edpode\u201d de su ri\u00f1\u00f3n, realizando encuestas de datos de miembros de \u00e9sta, Casa de Estudios Superior para las elecciones, Nasisi y equipo, se\u00f1alaron de \u201cfalsa la noticia y le peg\u00f3 a la lista que realmente lleva la delantera en la Universidad, \u00abVamos UNSJ\u201d.<\/p>\n<p>G\u00f3mez por otro lado, coment\u00f3 que\u201cdesconoce y \u00a0no es ilegal, que ocupo el padr\u00f3n electoral del 2016 que es p\u00fablico\u201d, esta opereta es totalmente pol\u00edtica, la filtraci\u00f3n de n\u00fameros privados para maniobras eleccionarias con gente de la Universidad que inclusive, es sabida que no eran integrantes de la Universidad y posteriormente entraron y recibi\u00f3 este tipo de llamadas, es dudoso y conocida en ambientes pre eleccionarios.<\/p>\n<p>Es sabido el tiempo actual, vivido por Nasisi; con juicios, descuidos de gesti\u00f3n, falta de transparencia y la guinda de la torta,la UNSJ fue una de las \u00faltimas universidades que ha ingresado al sistema virtual,estando en un mundo globalizado y conectado, no es bien visto ni a nivel provincial, ni nacional, ni menos internacional, que un Rector de la UNSJ, este en este entramado. El juicio en contra de Oscar Nasisi, Alfredo Daroni, Guillermo Coto y Joaqu\u00edn Roso; todos est\u00e1n se\u00f1alados como presuntos responsables de homicidio culposo en contra del alumno muerto en la Facultad de Ingenier\u00eda, esto puede llegar con sentencia firme en contra de ellos, como responsables por el delito de homicidio con dolo eventual. La Fiscal\u00eda ir\u00eda por el delito de homicidio culposo. Fatal termino de gesti\u00f3n.<\/p>\n<p>Por otro lado, el espacio VAMOS UNSJ, no son diferencia \u201c<u>marcan la diferencia<\/u>\u201d,\u00a0 en todo el universo eleccionario universitario presente, con propuestas e ideas fuertes, como;<\/p>\n<p>Se comprometen con la comunidad universitaria sanjuanina a hacer una defensa irrestricta de los principios consagrados en nuestro Estatuto: educaci\u00f3n p\u00fablica, laica y gratuita. Trabajaran con integridad, respeto y cordialidad.<\/p>\n<p>Generaran espacios de di\u00e1logo y participaci\u00f3n, que permitan avanzar hacia formas m\u00e1s horizontales de gesti\u00f3n. Promover\u00e1n una universidad inclusiva y de excelencia avanzando en la construcci\u00f3n de una educaci\u00f3n de alta calidad. Impulsar\u00e1n la perspectiva de g\u00e9nero en pos de una universidad con una real igualdad de oportunidades en la democracia universitaria, desnaturalizando la reproducci\u00f3n de estereotipos y las situaciones de inequidad.<\/p>\n<p>Fortalecer\u00e1n los espacios de vinculaci\u00f3n con la comunidad sanjuanina desde la docencia, la investigaci\u00f3n, la creaci\u00f3n y la extensi\u00f3n. Promover\u00e1n una universidad integrada al sector productivo a trav\u00e9s de organizaciones p\u00fablicas, privadas, de la sociedad civil y de la econom\u00eda social. Proyectar\u00e1n la universidad del futuro, contribuyendo a la generaci\u00f3n de nuevos liderazgos.<\/p>\n<p>Trabajar\u00e1n por un modelo sustentable para nuestra universidad, que nos permita profundizar nuestros aportes a la comunidad en esta tem\u00e1tica. Favorecer\u00e1n la incorporaci\u00f3n de las tecnolog\u00edas de informaci\u00f3n y comunicaci\u00f3n en todas las actividades y espacios en los que se desarrolla nuestra universidad.<\/p>\n<p>Por \u00faltimo, desarrollar\u00e1n el compromiso social universitario, que nos impone incorporar saberes invisibilizados, promover la solidaridad y trabajar para extinguir toda desigualdad social.<\/p>\n<p>En resumen el espacio VAMOS UNSJ, es; inteligente, humano, unido, independiente y futurista para una Universidad m\u00e1s accesible y amena para todos y todas.<\/p>\n<p>&nbsp;<\/p>\n<p>&nbsp;<\/p>\n","protected":false},"excerpt":{"rendered":"<p>Las elecciones en la UNSJ est\u00e1n en un punto \u00e1lgido y solo un espacio prevalece sobre el resto. Por el\u00a0Lic.<\/p>\n","protected":false},"author":3,"featured_media":22486,"comment_status":"closed","ping_status":"closed","sticky":false,"template":"","format":"standard","meta":{"_acf_changed":false,"_seopress_robots_primary_cat":"none","_seopress_titles_title":"","_seopress_titles_desc":"","_seopress_robots_index":"","colormag_page_container_layout":"default_layout","colormag_page_sidebar_layout":"default_layout","footnotes":""},"categories":[10],"tags":[],"class_list":["post-37291","post","type-post","status-publish","format-standard","has-post-thumbnail","hentry","category-opiniones"],"acf":[],"_links":{"self":[{"href":"https:\/\/vocesparalelas.com.ar\/sitio\/wp-json\/wp\/v2\/posts\/37291","targetHints":{"allow":["GET"]}}],"collection":[{"href":"https:\/\/vocesparalelas.com.ar\/sitio\/wp-json\/wp\/v2\/posts"}],"about":[{"href":"https:\/\/vocesparalelas.com.ar\/sitio\/wp-json\/wp\/v2\/types\/post"}],"author":[{"embeddable":true,"href":"https:\/\/vocesparalelas.com.ar\/sitio\/wp-json\/wp\/v2\/users\/3"}],"replies":[{"embeddable":true,"href":"https:\/\/vocesparalelas.com.ar\/sitio\/wp-json\/wp\/v2\/comments?post=37291"}],"version-history":[{"count":1,"href":"https:\/\/vocesparalelas.com.ar\/sitio\/wp-json\/wp\/v2\/posts\/37291\/revisions"}],"predecessor-version":[{"id":37293,"href":"https:\/\/vocesparalelas.com.ar\/sitio\/wp-json\/wp\/v2\/posts\/37291\/revisions\/37293"}],"wp:featuredmedia":[{"embeddable":true,"href":"https:\/\/vocesparalelas.com.ar\/sitio\/wp-json\/wp\/v2\/media\/22486"}],"wp:attachment":[{"href":"https:\/\/vocesparalelas.com.ar\/sitio\/wp-json\/wp\/v2\/media?parent=37291"}],"wp:term":[{"taxonomy":"category","embeddable":true,"href":"https:\/\/vocesparalelas.com.ar\/sitio\/wp-json\/wp\/v2\/categories?post=37291"},{"taxonomy":"post_tag","embeddable":true,"href":"https:\/\/vocesparalelas.com.ar\/sitio\/wp-json\/wp\/v2\/tags?post=37291"}],"curies":[{"name":"wp","href":"https:\/\/api.w.org\/{rel}","templated":true}]}}