{"id":37274,"date":"2021-04-29T20:47:49","date_gmt":"2021-04-29T23:47:49","guid":{"rendered":"http:\/\/vocesparalelas.com.ar\/sitio\/?p=37274"},"modified":"2021-04-29T20:47:49","modified_gmt":"2021-04-29T23:47:49","slug":"se-dicto-el-curso-para-informantes-de-sitio","status":"publish","type":"post","link":"https:\/\/vocesparalelas.com.ar\/sitio\/se-dicto-el-curso-para-informantes-de-sitio\/","title":{"rendered":"Se dict\u00f3 el curso para \u00abInformantes de Sitio\u00bb"},"content":{"rendered":"<p>El Ministerio de Turismo y Cultura del Gobierno de San Juan a trav\u00e9s de la Secretar\u00eda de Cultura y la Secretar\u00eda de Turismo, dictaron el curso para \u00abInformantes de Sitio\u00bb a diversos actores de la comunidad de Angualasto, Departamento de Iglesia.<\/p>\n<p>Angualasto integra la declaratoria de Patrimonio de la Humanidad, otorgada por la UNESCO, ello requiere involucrar a la comunidad local en la importancia e implicancia de dicha declaratoria.<\/p>\n<p><img loading=\"lazy\" decoding=\"async\" class=\"alignnone wp-image-37277 size-full\" src=\"https:\/\/vocesparalelas.com.ar\/sitio\/wp-content\/uploads\/2021\/04\/ANGUALASTO-03.jpg\" alt=\"\" width=\"800\" height=\"600\" srcset=\"https:\/\/vocesparalelas.com.ar\/sitio\/wp-content\/uploads\/2021\/04\/ANGUALASTO-03.jpg 800w, https:\/\/vocesparalelas.com.ar\/sitio\/wp-content\/uploads\/2021\/04\/ANGUALASTO-03-300x225.jpg 300w, https:\/\/vocesparalelas.com.ar\/sitio\/wp-content\/uploads\/2021\/04\/ANGUALASTO-03-768x576.jpg 768w\" sizes=\"auto, (max-width: 800px) 100vw, 800px\" \/><\/p>\n<p>&nbsp;<\/p>\n<p>El curso fue organizado por la Direcci\u00f3n de Productos Tur\u00edstico y la Municipalidad de Iglesia y dictado por el Director de Patrimonio Cultural, Arq. Jorge Mart\u00edn y la Directora del Instituto de Investigaciones Arqueol\u00f3gicas y Museo \u201cProf. Mariano Gambier\u00bb de la Facultad de Filosof\u00eda, Humanidades y Artes de la Universidad Nacional de San Juan, Mg. Claudia Mallea.<\/p>\n<p><img loading=\"lazy\" decoding=\"async\" class=\"alignnone wp-image-37279 size-full\" src=\"https:\/\/vocesparalelas.com.ar\/sitio\/wp-content\/uploads\/2021\/04\/ANGUALASTO-02.jpg\" alt=\"\" width=\"800\" height=\"600\" srcset=\"https:\/\/vocesparalelas.com.ar\/sitio\/wp-content\/uploads\/2021\/04\/ANGUALASTO-02.jpg 800w, https:\/\/vocesparalelas.com.ar\/sitio\/wp-content\/uploads\/2021\/04\/ANGUALASTO-02-300x225.jpg 300w, https:\/\/vocesparalelas.com.ar\/sitio\/wp-content\/uploads\/2021\/04\/ANGUALASTO-02-768x576.jpg 768w\" sizes=\"auto, (max-width: 800px) 100vw, 800px\" \/><\/p>\n<p>Se abordaron contenidos referidos a la Gesti\u00f3n y Legislaci\u00f3n pertinente y a contenidos espec\u00edficos en cuanto al marco temporal, caracter\u00edsticas de la cultura Angualasto e importancia de este Sitio Arqueol\u00f3gico.<\/p>\n<p><img loading=\"lazy\" decoding=\"async\" class=\"alignnone wp-image-37276 size-full\" src=\"https:\/\/vocesparalelas.com.ar\/sitio\/wp-content\/uploads\/2021\/04\/ANGUALASTO.jpg\" alt=\"\" width=\"800\" height=\"397\" srcset=\"https:\/\/vocesparalelas.com.ar\/sitio\/wp-content\/uploads\/2021\/04\/ANGUALASTO.jpg 800w, https:\/\/vocesparalelas.com.ar\/sitio\/wp-content\/uploads\/2021\/04\/ANGUALASTO-300x149.jpg 300w, https:\/\/vocesparalelas.com.ar\/sitio\/wp-content\/uploads\/2021\/04\/ANGUALASTO-768x381.jpg 768w\" sizes=\"auto, (max-width: 800px) 100vw, 800px\" \/><\/p>\n<p>&nbsp;<\/p>\n<p>&nbsp;<\/p>\n<p>&nbsp;<\/p>\n","protected":false},"excerpt":{"rendered":"<p>El Ministerio de Turismo y Cultura del Gobierno de San Juan a trav\u00e9s de la Secretar\u00eda de Cultura y la<\/p>\n","protected":false},"author":3,"featured_media":37278,"comment_status":"closed","ping_status":"closed","sticky":false,"template":"","format":"standard","meta":{"_acf_changed":false,"_seopress_robots_primary_cat":"none","_seopress_titles_title":"","_seopress_titles_desc":"","_seopress_robots_index":"","colormag_page_container_layout":"default_layout","colormag_page_sidebar_layout":"default_layout","footnotes":""},"categories":[1],"tags":[],"class_list":["post-37274","post","type-post","status-publish","format-standard","has-post-thumbnail","hentry","category-destacadas"],"acf":[],"_links":{"self":[{"href":"https:\/\/vocesparalelas.com.ar\/sitio\/wp-json\/wp\/v2\/posts\/37274","targetHints":{"allow":["GET"]}}],"collection":[{"href":"https:\/\/vocesparalelas.com.ar\/sitio\/wp-json\/wp\/v2\/posts"}],"about":[{"href":"https:\/\/vocesparalelas.com.ar\/sitio\/wp-json\/wp\/v2\/types\/post"}],"author":[{"embeddable":true,"href":"https:\/\/vocesparalelas.com.ar\/sitio\/wp-json\/wp\/v2\/users\/3"}],"replies":[{"embeddable":true,"href":"https:\/\/vocesparalelas.com.ar\/sitio\/wp-json\/wp\/v2\/comments?post=37274"}],"version-history":[{"count":1,"href":"https:\/\/vocesparalelas.com.ar\/sitio\/wp-json\/wp\/v2\/posts\/37274\/revisions"}],"predecessor-version":[{"id":37280,"href":"https:\/\/vocesparalelas.com.ar\/sitio\/wp-json\/wp\/v2\/posts\/37274\/revisions\/37280"}],"wp:featuredmedia":[{"embeddable":true,"href":"https:\/\/vocesparalelas.com.ar\/sitio\/wp-json\/wp\/v2\/media\/37278"}],"wp:attachment":[{"href":"https:\/\/vocesparalelas.com.ar\/sitio\/wp-json\/wp\/v2\/media?parent=37274"}],"wp:term":[{"taxonomy":"category","embeddable":true,"href":"https:\/\/vocesparalelas.com.ar\/sitio\/wp-json\/wp\/v2\/categories?post=37274"},{"taxonomy":"post_tag","embeddable":true,"href":"https:\/\/vocesparalelas.com.ar\/sitio\/wp-json\/wp\/v2\/tags?post=37274"}],"curies":[{"name":"wp","href":"https:\/\/api.w.org\/{rel}","templated":true}]}}