{"id":37270,"date":"2021-04-29T00:40:20","date_gmt":"2021-04-29T03:40:20","guid":{"rendered":"http:\/\/vocesparalelas.com.ar\/sitio\/?p=37270"},"modified":"2021-04-30T01:51:59","modified_gmt":"2021-04-30T04:51:59","slug":"cambio-de-horario-para-la-atencion-al-publico","status":"publish","type":"post","link":"https:\/\/vocesparalelas.com.ar\/sitio\/cambio-de-horario-para-la-atencion-al-publico\/","title":{"rendered":"Cambio de horario para la atenci\u00f3n al p\u00fablico"},"content":{"rendered":"<p>La Junta de Clasificaci\u00f3n Docente Rama Media y Superior informa a la comunidad que a partir del Lunes, 3 de Mayo, la atenci\u00f3n al p\u00fablico es de Lunes a Viernes, de 8 a 16 hs.<\/p>\n<p>Los docentes pueden retirar carnets del Ciclo Lectivo 2021, como as\u00ed tambi\u00e9n los listados definitivos de Cargo de Ascenso que est\u00e1n a disposici\u00f3n de los directivos escolares de toda la provincia.<\/p>\n<p>Por consultas o mayor informaci\u00f3n comunicarse de 8 a 16 horas al 4307982 o acudir bajo estricto protocolo a la sede ubicada en Laprida 372 &#8211; E &#8211; Capital.<\/p>\n<p>&nbsp;<\/p>\n<p>&nbsp;<\/p>\n","protected":false},"excerpt":{"rendered":"<p>La Junta de Clasificaci\u00f3n Docente Rama Media y Superior informa a la comunidad que a partir del Lunes, 3 de<\/p>\n","protected":false},"author":3,"featured_media":28823,"comment_status":"closed","ping_status":"closed","sticky":false,"template":"","format":"standard","meta":{"_acf_changed":false,"_seopress_robots_primary_cat":"none","_seopress_titles_title":"","_seopress_titles_desc":"","_seopress_robots_index":"","colormag_page_container_layout":"default_layout","colormag_page_sidebar_layout":"default_layout","footnotes":""},"categories":[5],"tags":[],"class_list":["post-37270","post","type-post","status-publish","format-standard","has-post-thumbnail","hentry","category-ofrecimientos"],"acf":[],"_links":{"self":[{"href":"https:\/\/vocesparalelas.com.ar\/sitio\/wp-json\/wp\/v2\/posts\/37270","targetHints":{"allow":["GET"]}}],"collection":[{"href":"https:\/\/vocesparalelas.com.ar\/sitio\/wp-json\/wp\/v2\/posts"}],"about":[{"href":"https:\/\/vocesparalelas.com.ar\/sitio\/wp-json\/wp\/v2\/types\/post"}],"author":[{"embeddable":true,"href":"https:\/\/vocesparalelas.com.ar\/sitio\/wp-json\/wp\/v2\/users\/3"}],"replies":[{"embeddable":true,"href":"https:\/\/vocesparalelas.com.ar\/sitio\/wp-json\/wp\/v2\/comments?post=37270"}],"version-history":[{"count":1,"href":"https:\/\/vocesparalelas.com.ar\/sitio\/wp-json\/wp\/v2\/posts\/37270\/revisions"}],"predecessor-version":[{"id":37272,"href":"https:\/\/vocesparalelas.com.ar\/sitio\/wp-json\/wp\/v2\/posts\/37270\/revisions\/37272"}],"wp:featuredmedia":[{"embeddable":true,"href":"https:\/\/vocesparalelas.com.ar\/sitio\/wp-json\/wp\/v2\/media\/28823"}],"wp:attachment":[{"href":"https:\/\/vocesparalelas.com.ar\/sitio\/wp-json\/wp\/v2\/media?parent=37270"}],"wp:term":[{"taxonomy":"category","embeddable":true,"href":"https:\/\/vocesparalelas.com.ar\/sitio\/wp-json\/wp\/v2\/categories?post=37270"},{"taxonomy":"post_tag","embeddable":true,"href":"https:\/\/vocesparalelas.com.ar\/sitio\/wp-json\/wp\/v2\/tags?post=37270"}],"curies":[{"name":"wp","href":"https:\/\/api.w.org\/{rel}","templated":true}]}}