{"id":37264,"date":"2021-04-29T00:32:37","date_gmt":"2021-04-29T03:32:37","guid":{"rendered":"http:\/\/vocesparalelas.com.ar\/sitio\/?p=37264"},"modified":"2021-04-30T00:56:29","modified_gmt":"2021-04-30T03:56:29","slug":"disfruta-de-borde-verde-en-el-encuentro-nacional-de-musica-2021","status":"publish","type":"post","link":"https:\/\/vocesparalelas.com.ar\/sitio\/disfruta-de-borde-verde-en-el-encuentro-nacional-de-musica-2021\/","title":{"rendered":"Disfruta de \u00abBorde Verde\u00bb en el Encuentro Nacional de M\u00fasica 2021"},"content":{"rendered":"<p>El tema convocante de 2021 es \u00abEducaci\u00f3n Musical en tiempo presente\u00bb. Entonces hay MOMUSI, Movimiento de M\u00fasica para Ni\u00f1os y Ni\u00f1as, nuevamente, porque este Encuentro Nacional de M\u00fasica 2021.<\/p>\n<p><span style=\"color: #008000;\"><strong>Inscripci\u00f3n\u00a0<\/strong><\/span><\/p>\n<p><a href=\"https:\/\/docs.google.com\/forms\/d\/e\/1FAIpQLSeTKtRQVBRYCEwMIawpUOT2_-2cHebhSme--l2qvKrPXM629Q\/viewform\" target=\"_blank\" rel=\"noopener noreferrer\">https:\/\/shortest.link\/cWL<\/a><\/p>\n<p>La fecha para la primera actividad est\u00e1 prevista para el S\u00e1bado, 8 de mayo, de 9.30 a 13 hs., y los encuentros, virtuales v\u00eda Zoom, se extienden hasta Julio de este a\u00f1o. El MOMUSI agrupa artistas, docentes y dem\u00e1s hacedores de la cultura para ofrecer una propuesta variada de talleres, para trabajadores\/as de la educaci\u00f3n y p\u00fablico en general interesado en la tem\u00e1tica.<\/p>\n<p>El sitio Web del MOMUSI, Asociaci\u00f3n sin fines de lucro dice: \u201cHoy, en tiempo presente, con la experiencia transitada durante el a\u00f1o 2020 nos animamos a promover la educaci\u00f3n musical a partir de m\u00faltiples recursos, porque para quienes nos dedicamos al arte no hay obst\u00e1culos que puedan interferir en nuestras pr\u00e1cticas pedag\u00f3gicas que contribuyen a la formaci\u00f3n integral de las personas. El Tema que nos convoca este a\u00f1o es \u00abEducaci\u00f3n Musical en tiempo presente\u00bb.<\/p>\n<p>El MOMUSI, a nivel local, es un proyecto interinstitucional entre el Departamento de M\u00fasica de la Facultad de Filosof\u00eda, Humanidades y Artes de la UNSJ y el \u00e1rea de Supervisi\u00f3n de Educaci\u00f3n Musical del Ministerio de Educaci\u00f3n de la Provincia. La responsable de la realizaci\u00f3n del MOMUSI \u2013 Sede San Juan \u2013 Regi\u00f3n Cuyo, es Stella M\u00e1s, subdirectora del Departamento de M\u00fasica \u2013 UNSJ. Por ello,\u00a0la propuesta cuenta con un equipo de colaboradores docentes y estudiantes de esta unidad acad\u00e9mica de la Universidad, adem\u00e1s de las provincias de La Rioja y de San Luis.<\/p>\n<p>El 1er Festival Momusi Federal fue seleccionado y cuenta con el apoyo del Ministerio de Cultura de la Naci\u00f3n mediante el programa \u201cFestivales Argentinos\u201d.<\/p>\n<p><span style=\"color: #008000;\"><strong>Informes<\/strong><\/span><\/p>\n<p><a href=\"http:\/\/momusi.org\/\">http:\/\/momusi.org<\/a><\/p>\n<p><span style=\"color: #008000;\"><strong>Para consultas<\/strong><\/span><\/p>\n<p><a href=\"https:\/\/vocesparalelas.com.ar\/sitio\/encuentro-nacional-de-musica-2021\/cpnmomusi@gmail.com\">cpnmomusi@gmail.com<\/a><\/p>\n<p>&nbsp;<\/p>\n<p>Voces Paralelas les propuso a los integrantes del conjunto musical \u00abBorde Verde\u00bb, un pu\u00f1ado de preguntas y asombraron con el video que enviaron y que comparten para que valoren el nivel musical creativo que proponen.<\/p>\n<p><iframe loading=\"lazy\" title=\"BORDE VERDE\" width=\"800\" height=\"450\" src=\"https:\/\/www.youtube.com\/embed\/wvVr4CaNoWA?feature=oembed\" frameborder=\"0\" allow=\"accelerometer; autoplay; clipboard-write; encrypted-media; gyroscope; picture-in-picture\" allowfullscreen><\/iframe><\/p>\n<p>&nbsp;<\/p>\n<p>\u00abBorde Verde\u00bb est\u00e1 integrado por Cecilia Rodriguez Planes, Margarita Rodriguez Planes y Gabriel Estarque, quienes participan con capacitaciones a los que se sumen y que no se debe perder el encanto de las grandes sorpresas. Brindan sus voces musicales a los ni\u00f1os, para regalarles la dulzura de la inocencia y de la felicidad.<\/p>\n<p class=\"title style-scope ytd-video-primary-info-renderer\"><span style=\"color: #008000;\"><strong>Canci\u00f3n para ba\u00f1ar la luna por Borde Verde<\/strong><\/span><\/p>\n<p><iframe loading=\"lazy\" title=\"Borde Verde - Canci\u00f3n para ba\u00f1ar la luna\" width=\"800\" height=\"450\" src=\"https:\/\/www.youtube.com\/embed\/nfJVNvW3Hdc?feature=oembed\" frameborder=\"0\" allow=\"accelerometer; autoplay; clipboard-write; encrypted-media; gyroscope; picture-in-picture\" allowfullscreen><\/iframe><\/p>\n<p>&nbsp;<\/p>\n<p><img loading=\"lazy\" decoding=\"async\" class=\"alignnone wp-image-36967 size-full\" src=\"https:\/\/vocesparalelas.com.ar\/sitio\/wp-content\/uploads\/2021\/04\/ENCUENTRO-MUSICA-01.jpg\" alt=\"\" width=\"800\" height=\"600\" srcset=\"https:\/\/vocesparalelas.com.ar\/sitio\/wp-content\/uploads\/2021\/04\/ENCUENTRO-MUSICA-01.jpg 800w, https:\/\/vocesparalelas.com.ar\/sitio\/wp-content\/uploads\/2021\/04\/ENCUENTRO-MUSICA-01-300x225.jpg 300w, https:\/\/vocesparalelas.com.ar\/sitio\/wp-content\/uploads\/2021\/04\/ENCUENTRO-MUSICA-01-768x576.jpg 768w\" sizes=\"auto, (max-width: 800px) 100vw, 800px\" \/><\/p>\n<p>&nbsp;<\/p>\n<p>&nbsp;<\/p>\n","protected":false},"excerpt":{"rendered":"<p>El tema convocante de 2021 es \u00abEducaci\u00f3n Musical en tiempo presente\u00bb. Entonces hay MOMUSI, Movimiento de M\u00fasica para Ni\u00f1os y<\/p>\n","protected":false},"author":3,"featured_media":37266,"comment_status":"closed","ping_status":"closed","sticky":false,"template":"","format":"video","meta":{"_acf_changed":false,"_seopress_robots_primary_cat":"none","_seopress_titles_title":"","_seopress_titles_desc":"","_seopress_robots_index":"","colormag_page_container_layout":"default_layout","colormag_page_sidebar_layout":"default_layout","footnotes":""},"categories":[9,7],"tags":[],"class_list":["post-37264","post","type-post","status-publish","format-video","has-post-thumbnail","hentry","category-cursos","category-videos","post_format-post-format-video"],"acf":[],"_links":{"self":[{"href":"https:\/\/vocesparalelas.com.ar\/sitio\/wp-json\/wp\/v2\/posts\/37264","targetHints":{"allow":["GET"]}}],"collection":[{"href":"https:\/\/vocesparalelas.com.ar\/sitio\/wp-json\/wp\/v2\/posts"}],"about":[{"href":"https:\/\/vocesparalelas.com.ar\/sitio\/wp-json\/wp\/v2\/types\/post"}],"author":[{"embeddable":true,"href":"https:\/\/vocesparalelas.com.ar\/sitio\/wp-json\/wp\/v2\/users\/3"}],"replies":[{"embeddable":true,"href":"https:\/\/vocesparalelas.com.ar\/sitio\/wp-json\/wp\/v2\/comments?post=37264"}],"version-history":[{"count":1,"href":"https:\/\/vocesparalelas.com.ar\/sitio\/wp-json\/wp\/v2\/posts\/37264\/revisions"}],"predecessor-version":[{"id":37267,"href":"https:\/\/vocesparalelas.com.ar\/sitio\/wp-json\/wp\/v2\/posts\/37264\/revisions\/37267"}],"wp:featuredmedia":[{"embeddable":true,"href":"https:\/\/vocesparalelas.com.ar\/sitio\/wp-json\/wp\/v2\/media\/37266"}],"wp:attachment":[{"href":"https:\/\/vocesparalelas.com.ar\/sitio\/wp-json\/wp\/v2\/media?parent=37264"}],"wp:term":[{"taxonomy":"category","embeddable":true,"href":"https:\/\/vocesparalelas.com.ar\/sitio\/wp-json\/wp\/v2\/categories?post=37264"},{"taxonomy":"post_tag","embeddable":true,"href":"https:\/\/vocesparalelas.com.ar\/sitio\/wp-json\/wp\/v2\/tags?post=37264"}],"curies":[{"name":"wp","href":"https:\/\/api.w.org\/{rel}","templated":true}]}}