{"id":37256,"date":"2021-04-29T00:09:30","date_gmt":"2021-04-29T03:09:30","guid":{"rendered":"http:\/\/vocesparalelas.com.ar\/sitio\/?p=37256"},"modified":"2021-04-30T00:55:47","modified_gmt":"2021-04-30T03:55:47","slug":"se-dicta-en-san-juan-la-carrera-danza-contemporanea-y-autogestion","status":"publish","type":"post","link":"https:\/\/vocesparalelas.com.ar\/sitio\/se-dicta-en-san-juan-la-carrera-danza-contemporanea-y-autogestion\/","title":{"rendered":"Se dicta en San Juan la Carrera \u201cDanza contempor\u00e1nea y autogesti\u00f3n\u201d"},"content":{"rendered":"<p>Se trata de la carrera de formaci\u00f3n en danza contempor\u00e1nea y autogesti\u00f3n impulsada por Volteada 101, representada en la provincia de San Juan por la gestora, directora y docente Carla Vellio. Se otorgan 6 becas para bailarines locales.<\/p>\n<p>El proyecto Volteada 101 dio sus primeros pasos en el a\u00f1o 2020 en la regi\u00f3n AMBA como iniciativa de los\/as creadores y docentes Tatiana Cittadini, Joaquin Toloza, Oscar Farias y Magali Brey.<\/p>\n<p>Hac\u00eda tiempo que los\/as bailarines ve\u00edan la necesidad de generar un espacio para profundizar la formaci\u00f3n profesional en el campo de la danza contempor\u00e1nea independiente y promover la producci\u00f3n y creaci\u00f3n en la Argentina. As\u00ed surgi\u00f3 esta propuesta que, en esta segunda convocatoria, se orient\u00f3 a federalizar su alcance, llegando a distintas provincias en articulaci\u00f3n con hacedores locales y, de esta manera, le lleg\u00f3 el turno a San Juan a trav\u00e9s de la gesti\u00f3n de la core\u00f3grafa Carla Vellio.<\/p>\n<p>El objetivo del programa es \u201cformar profesionales de la danza con una amplia mirada en el hacer art\u00edstico y una inquieta creatividad productiva, capaces de autogestionar proyectos pudiendo construir y aportar nuevos espacios de investigaci\u00f3n, creaci\u00f3n, intercambio, ense\u00f1anza, en la escena de la danza actual. Con herramientas contundentes que le permitan desenvolverse en el \u00e1mbito art\u00edstico seg\u00fan sus propios deseos colaborando con la ampliaci\u00f3n de nuestro territorio como colectivo art\u00edstico.\u201d<\/p>\n<p>La carrera completa tiene una duraci\u00f3n de 3 a\u00f1os, dividida en 2 cuatrimestres por a\u00f1o. El tercer a\u00f1o consta de un programa de Acci\u00f3n en el cual los alumnos realizar\u00e1n el trabajo final de poniendo en pr\u00e1ctica todo lo aprendido durante la cursada, llevando a cabo la investigaci\u00f3n, creaci\u00f3n, producci\u00f3n y ejecuci\u00f3n de una obra.<\/p>\n<p>El grupo de alumnos que se inscriba en San Juan pueden cursar presencialmente algunas de las materias; adem\u00e1s, se entregan medias becas y cuartos de beca para realizar el primer cuatrimestre de la formaci\u00f3n virtual, con posibilidades de renovaci\u00f3n para completar el a\u00f1o.<\/p>\n<p>Los interesados en ingresar a la carrera deben completar el FORMULARIO DE INSCRIPCI\u00d3N y presentar a trav\u00e9s de email DOS VIDEOS que no superen los 2 minutos de duraci\u00f3n y no contengan menos de 1 minuto de duraci\u00f3n con secuencias\/rutinas.<\/p>\n<ul>\n<li>Uno de Danza cl\u00e1sica (Seleccionar alg\u00fan material de barra y alg\u00fan material de centro)<\/li>\n<li><span style=\"line-height: 1.5;\">Uno de Danza contempor\u00e1nea (Secuencia coreogr\u00e1fica)<\/span><\/li>\n<\/ul>\n<p>Fechas de inscripciones y env\u00edo de material hasta el 30 de Abril del 2021<\/p>\n<p><strong><span style=\"color: #ff9900;\">En Archivo Adjunto est\u00e1 el Formulario de Inscripci\u00f3n. Adem\u00e1s, en el otro, hay m\u00e1s informaci\u00f3n de la propuesta educativa.<\/span><\/strong><\/p>\n<p><a href=\"https:\/\/vocesparalelas.com.ar\/sitio\/wp-content\/uploads\/2021\/04\/SAN-JUAN-FORMULARIO-INSCRIPCION.doc\">SAN JUAN-FORMULARIO-INSCRIPCION<\/a><\/p>\n<p><a href=\"https:\/\/vocesparalelas.com.ar\/sitio\/wp-content\/uploads\/2021\/04\/PDF-SAN-JUAN-.docx-2.pdf\">_PDF SAN JUAN .docx (2)<\/a><\/p>\n<p>&nbsp;<\/p>\n<p><img loading=\"lazy\" decoding=\"async\" class=\"alignnone wp-image-37259 size-full\" src=\"https:\/\/vocesparalelas.com.ar\/sitio\/wp-content\/uploads\/2021\/04\/DANZA-CONTEMPORANEA-02.jpg\" alt=\"\" width=\"800\" height=\"533\" srcset=\"https:\/\/vocesparalelas.com.ar\/sitio\/wp-content\/uploads\/2021\/04\/DANZA-CONTEMPORANEA-02.jpg 800w, https:\/\/vocesparalelas.com.ar\/sitio\/wp-content\/uploads\/2021\/04\/DANZA-CONTEMPORANEA-02-300x200.jpg 300w, https:\/\/vocesparalelas.com.ar\/sitio\/wp-content\/uploads\/2021\/04\/DANZA-CONTEMPORANEA-02-768x512.jpg 768w\" sizes=\"auto, (max-width: 800px) 100vw, 800px\" \/><\/p>\n<p><strong><span style=\"color: #ff9900;\">El Mail debe contener:<\/span><\/strong><\/p>\n<ul>\n<li>Asunto del mail: Ingreso Volteada 101 Federal \u2013 Nombre del alumno<\/li>\n<li>Cuerpo del Mail: Nombre completo, edad, vienen desde San Juan-Carla Vellio<\/li>\n<li>Adjunto: Planilla de inscripci\u00f3n completa + Videos. Cada video debe estar nombrado con nombre y apellido del alumno.<\/li>\n<\/ul>\n<p><span style=\"color: #ff9900;\"><strong>Valores mensuales<\/strong><\/span><\/p>\n<ul>\n<li>$5.600 de Abril a Julio<\/li>\n<li>$6.800 de Agosto a Noviembre<\/li>\n<\/ul>\n<p><strong><span style=\"color: #ff9900;\">Inscripciones, consultas y contacto<\/span><\/strong><\/p>\n<p><a href=\"mailto:carlavellio@gmail.com\">carlavellio@gmail.com<\/a><\/p>\n<p>264-5111529<\/p>\n<p>&nbsp;<\/p>\n<p><img loading=\"lazy\" decoding=\"async\" class=\"alignnone wp-image-37260 size-full\" src=\"https:\/\/vocesparalelas.com.ar\/sitio\/wp-content\/uploads\/2021\/04\/BECAS-ARTISTAS.jpg\" alt=\"\" width=\"800\" height=\"800\" srcset=\"https:\/\/vocesparalelas.com.ar\/sitio\/wp-content\/uploads\/2021\/04\/BECAS-ARTISTAS.jpg 800w, https:\/\/vocesparalelas.com.ar\/sitio\/wp-content\/uploads\/2021\/04\/BECAS-ARTISTAS-300x300.jpg 300w, https:\/\/vocesparalelas.com.ar\/sitio\/wp-content\/uploads\/2021\/04\/BECAS-ARTISTAS-150x150.jpg 150w, https:\/\/vocesparalelas.com.ar\/sitio\/wp-content\/uploads\/2021\/04\/BECAS-ARTISTAS-768x768.jpg 768w\" sizes=\"auto, (max-width: 800px) 100vw, 800px\" \/><\/p>\n<p>&nbsp;<\/p>\n<p>&nbsp;<\/p>\n<p>&nbsp;<\/p>\n","protected":false},"excerpt":{"rendered":"<p>Se trata de la carrera de formaci\u00f3n en danza contempor\u00e1nea y autogesti\u00f3n impulsada por Volteada 101, representada en la provincia<\/p>\n","protected":false},"author":3,"featured_media":37258,"comment_status":"closed","ping_status":"closed","sticky":false,"template":"","format":"standard","meta":{"_acf_changed":false,"_seopress_robots_primary_cat":"none","_seopress_titles_title":"","_seopress_titles_desc":"","_seopress_robots_index":"","colormag_page_container_layout":"default_layout","colormag_page_sidebar_layout":"default_layout","footnotes":""},"categories":[9],"tags":[],"class_list":["post-37256","post","type-post","status-publish","format-standard","has-post-thumbnail","hentry","category-cursos"],"acf":[],"_links":{"self":[{"href":"https:\/\/vocesparalelas.com.ar\/sitio\/wp-json\/wp\/v2\/posts\/37256","targetHints":{"allow":["GET"]}}],"collection":[{"href":"https:\/\/vocesparalelas.com.ar\/sitio\/wp-json\/wp\/v2\/posts"}],"about":[{"href":"https:\/\/vocesparalelas.com.ar\/sitio\/wp-json\/wp\/v2\/types\/post"}],"author":[{"embeddable":true,"href":"https:\/\/vocesparalelas.com.ar\/sitio\/wp-json\/wp\/v2\/users\/3"}],"replies":[{"embeddable":true,"href":"https:\/\/vocesparalelas.com.ar\/sitio\/wp-json\/wp\/v2\/comments?post=37256"}],"version-history":[{"count":1,"href":"https:\/\/vocesparalelas.com.ar\/sitio\/wp-json\/wp\/v2\/posts\/37256\/revisions"}],"predecessor-version":[{"id":37263,"href":"https:\/\/vocesparalelas.com.ar\/sitio\/wp-json\/wp\/v2\/posts\/37256\/revisions\/37263"}],"wp:featuredmedia":[{"embeddable":true,"href":"https:\/\/vocesparalelas.com.ar\/sitio\/wp-json\/wp\/v2\/media\/37258"}],"wp:attachment":[{"href":"https:\/\/vocesparalelas.com.ar\/sitio\/wp-json\/wp\/v2\/media?parent=37256"}],"wp:term":[{"taxonomy":"category","embeddable":true,"href":"https:\/\/vocesparalelas.com.ar\/sitio\/wp-json\/wp\/v2\/categories?post=37256"},{"taxonomy":"post_tag","embeddable":true,"href":"https:\/\/vocesparalelas.com.ar\/sitio\/wp-json\/wp\/v2\/tags?post=37256"}],"curies":[{"name":"wp","href":"https:\/\/api.w.org\/{rel}","templated":true}]}}