{"id":37252,"date":"2021-04-28T23:40:24","date_gmt":"2021-04-29T02:40:24","guid":{"rendered":"http:\/\/vocesparalelas.com.ar\/sitio\/?p=37252"},"modified":"2021-04-28T23:40:24","modified_gmt":"2021-04-29T02:40:24","slug":"reunion-de-comision-ampliada-con-representantes-del-ipv","status":"publish","type":"post","link":"https:\/\/vocesparalelas.com.ar\/sitio\/reunion-de-comision-ampliada-con-representantes-del-ipv\/","title":{"rendered":"Reuni\u00f3n de comisi\u00f3n ampliada con representantes del IPV"},"content":{"rendered":"<div class=\"itemFullText jbintrotext\">\n<p>Los diputados integrantes de las Comisiones de Legislaci\u00f3n y Asuntos Constitucionales, y de Justicia y Seguridad, de la C\u00e1mara de Diputados de San Juan recibieron a representantes del Instituto Provincial de la Vivienda &#8211; IPV &#8211; para abordar en el seno de una comisi\u00f3n ampliada un proyecto de ley que tiene que ver con la regularizaci\u00f3n y escrituraci\u00f3n de viviendas sociales.<\/p>\n<\/div>\n<div class=\"itemFullText\">\n<p>El encuentro fue llevado\u00a0 a cabo en la sala de Vicegobernadores. Estuvo encabezado por el presidente del bloque Justicialista, diputado Juan Carlos Abarca y las \u00a0titulares de las Comisiones de Legislaci\u00f3n y Asuntos Constitucionales, legisladora Marcela Monti; y de Justicia y Seguridad, diputada Celina Ramella. Tambi\u00e9n participaron las legisladoras Florencia Pe\u00f1aloza, Marcela Quiroga, Nancy Pic\u00f3n,\u00a0 Fernanda Paredes y Graciela Seva; y los diputados Jos\u00e9 Luis Esteve, Enzo Cornejo, y Mario Romero. Por parte del IPV concurri\u00f3 su director, Arq. Marcelo Yornet e integrantes de su equipo t\u00e9cnico.<\/p>\n<p>En la ocasi\u00f3n, dialogaron, resolvieron dudas y avanzaron en el tratamiento de este proyecto de Ley, de autor\u00eda de la diputada Celina Ramella, que tiene como objeto la creaci\u00f3n de un r\u00e9gimen excepcional y temporario de regularizaci\u00f3n y escrituraci\u00f3n para convertir en titular de dominio a las familias adjudicatarias de las viviendas sociales construidas y financiadas por el IPV.<\/p>\n<\/div>\n","protected":false},"excerpt":{"rendered":"<p>Los diputados integrantes de las Comisiones de Legislaci\u00f3n y Asuntos Constitucionales, y de Justicia y Seguridad, de la C\u00e1mara de<\/p>\n","protected":false},"author":3,"featured_media":37254,"comment_status":"closed","ping_status":"closed","sticky":false,"template":"","format":"standard","meta":{"_acf_changed":false,"_seopress_robots_primary_cat":"none","_seopress_titles_title":"","_seopress_titles_desc":"","_seopress_robots_index":"","colormag_page_container_layout":"default_layout","colormag_page_sidebar_layout":"default_layout","footnotes":""},"categories":[1],"tags":[],"class_list":["post-37252","post","type-post","status-publish","format-standard","has-post-thumbnail","hentry","category-destacadas"],"acf":[],"_links":{"self":[{"href":"https:\/\/vocesparalelas.com.ar\/sitio\/wp-json\/wp\/v2\/posts\/37252","targetHints":{"allow":["GET"]}}],"collection":[{"href":"https:\/\/vocesparalelas.com.ar\/sitio\/wp-json\/wp\/v2\/posts"}],"about":[{"href":"https:\/\/vocesparalelas.com.ar\/sitio\/wp-json\/wp\/v2\/types\/post"}],"author":[{"embeddable":true,"href":"https:\/\/vocesparalelas.com.ar\/sitio\/wp-json\/wp\/v2\/users\/3"}],"replies":[{"embeddable":true,"href":"https:\/\/vocesparalelas.com.ar\/sitio\/wp-json\/wp\/v2\/comments?post=37252"}],"version-history":[{"count":1,"href":"https:\/\/vocesparalelas.com.ar\/sitio\/wp-json\/wp\/v2\/posts\/37252\/revisions"}],"predecessor-version":[{"id":37255,"href":"https:\/\/vocesparalelas.com.ar\/sitio\/wp-json\/wp\/v2\/posts\/37252\/revisions\/37255"}],"wp:featuredmedia":[{"embeddable":true,"href":"https:\/\/vocesparalelas.com.ar\/sitio\/wp-json\/wp\/v2\/media\/37254"}],"wp:attachment":[{"href":"https:\/\/vocesparalelas.com.ar\/sitio\/wp-json\/wp\/v2\/media?parent=37252"}],"wp:term":[{"taxonomy":"category","embeddable":true,"href":"https:\/\/vocesparalelas.com.ar\/sitio\/wp-json\/wp\/v2\/categories?post=37252"},{"taxonomy":"post_tag","embeddable":true,"href":"https:\/\/vocesparalelas.com.ar\/sitio\/wp-json\/wp\/v2\/tags?post=37252"}],"curies":[{"name":"wp","href":"https:\/\/api.w.org\/{rel}","templated":true}]}}