{"id":37246,"date":"2021-04-28T22:13:30","date_gmt":"2021-04-29T01:13:30","guid":{"rendered":"http:\/\/vocesparalelas.com.ar\/sitio\/?p=37246"},"modified":"2021-04-29T23:08:00","modified_gmt":"2021-04-30T02:08:00","slug":"se-profundiza-el-conflicto-docente-en-las-universidades-nacionales","status":"publish","type":"post","link":"https:\/\/vocesparalelas.com.ar\/sitio\/se-profundiza-el-conflicto-docente-en-las-universidades-nacionales\/","title":{"rendered":"Se profundiza el conflicto Docente en las Universidades Nacionales"},"content":{"rendered":"<div class=\"o9v6fnle cxmmr5t8 oygrvhab hcukyx3x c1et5uql ii04i59q\">\n<div dir=\"auto\">El Plenario de Secretar\u00edas Generales de la CONADU HIST\u00d3RICA por unanimidad ratific\u00f3 el rechazo a la propuesta salarial realizada por el Ministerio de Educaci\u00f3n de la Naci\u00f3n en la paritaria del Martes, 27 de Abril, a la que calificaron de \u201cclaramente insuficiente en el porcentaje final, en la cantidad de cuotas y en la extensi\u00f3n de las mismas hasta el a\u00f1o 2022, profundizando la p\u00e9rdida del poder adquisitivo de los salarios frente al sostenido avance de la inflaci\u00f3n\u201d.<\/div>\n<div dir=\"auto\"><\/div>\n<div dir=\"auto\">Vale recordar que la propuesta presentada formalmente por el Ministro de Educaci\u00f3n Nicol\u00e1s Trotta y su Secretario de Pol\u00edticas Universitarias Jaime Perczyk consisti\u00f3 en cinco cuotas no acumulativas (8% en abril, 5% en junio, 6% en noviembre de 2021 y 9% para enero de 2022) y fue rechazada un\u00e1nimemente por todas las representaciones sindicales en la Mesa de Negociaci\u00f3n Salarial.<\/div>\n<div dir=\"auto\"><\/div>\n<\/div>\n<div class=\"o9v6fnle cxmmr5t8 oygrvhab hcukyx3x c1et5uql ii04i59q\">\n<div dir=\"auto\">Las Asociaciones de Base de la Federaci\u00f3n Nacional expresaron la disconformidad y malestar que esta oferta provoc\u00f3 en las asambleas docentes, habida cuenta que ya llevan varias semanas con paros y la propuesta no s\u00f3lo es insuficiente en t\u00e9rminos salariales, sino que tampoco contempla cl\u00e1usula gatillo ni compensaci\u00f3n alguna por los gastos de conectividad que el sector viene sosteniendo desde sus bolsillos para el dictado de clases en entornos virtuales.<\/div>\n<div dir=\"auto\"><\/div>\n<\/div>\n<div class=\"o9v6fnle cxmmr5t8 oygrvhab hcukyx3x c1et5uql ii04i59q\">\n<div dir=\"auto\">Ante esta situaci\u00f3n y la no existencia de una fecha cierta de continuidad de la paritaria el Plenario resolvi\u00f3 aprobar la continuidad de las medidas de reclamo con una jornada de Protesta y Visibilizaci\u00f3n para el lunes 3 de mayo, con acciones en las distintas Universidades del pa\u00eds y un nuevo Paro Nacional para los d\u00edas 6 y 7 de mayo. Destacaron la confluencia con los sindicatos docentes de todo el pa\u00eds para los d\u00edas lunes 3 y jueves 6.<\/div>\n<\/div>\n<div dir=\"auto\"><\/div>\n<div dir=\"auto\"><\/div>\n<div dir=\"auto\"><\/div>\n","protected":false},"excerpt":{"rendered":"<p>El Plenario de Secretar\u00edas Generales de la CONADU HIST\u00d3RICA por unanimidad ratific\u00f3 el rechazo a la propuesta salarial realizada por<\/p>\n","protected":false},"author":3,"featured_media":37248,"comment_status":"closed","ping_status":"closed","sticky":false,"template":"","format":"standard","meta":{"_acf_changed":false,"_seopress_robots_primary_cat":"none","_seopress_titles_title":"","_seopress_titles_desc":"","_seopress_robots_index":"","colormag_page_container_layout":"default_layout","colormag_page_sidebar_layout":"default_layout","footnotes":""},"categories":[6],"tags":[],"class_list":["post-37246","post","type-post","status-publish","format-standard","has-post-thumbnail","hentry","category-eventos"],"acf":[],"_links":{"self":[{"href":"https:\/\/vocesparalelas.com.ar\/sitio\/wp-json\/wp\/v2\/posts\/37246","targetHints":{"allow":["GET"]}}],"collection":[{"href":"https:\/\/vocesparalelas.com.ar\/sitio\/wp-json\/wp\/v2\/posts"}],"about":[{"href":"https:\/\/vocesparalelas.com.ar\/sitio\/wp-json\/wp\/v2\/types\/post"}],"author":[{"embeddable":true,"href":"https:\/\/vocesparalelas.com.ar\/sitio\/wp-json\/wp\/v2\/users\/3"}],"replies":[{"embeddable":true,"href":"https:\/\/vocesparalelas.com.ar\/sitio\/wp-json\/wp\/v2\/comments?post=37246"}],"version-history":[{"count":1,"href":"https:\/\/vocesparalelas.com.ar\/sitio\/wp-json\/wp\/v2\/posts\/37246\/revisions"}],"predecessor-version":[{"id":37249,"href":"https:\/\/vocesparalelas.com.ar\/sitio\/wp-json\/wp\/v2\/posts\/37246\/revisions\/37249"}],"wp:featuredmedia":[{"embeddable":true,"href":"https:\/\/vocesparalelas.com.ar\/sitio\/wp-json\/wp\/v2\/media\/37248"}],"wp:attachment":[{"href":"https:\/\/vocesparalelas.com.ar\/sitio\/wp-json\/wp\/v2\/media?parent=37246"}],"wp:term":[{"taxonomy":"category","embeddable":true,"href":"https:\/\/vocesparalelas.com.ar\/sitio\/wp-json\/wp\/v2\/categories?post=37246"},{"taxonomy":"post_tag","embeddable":true,"href":"https:\/\/vocesparalelas.com.ar\/sitio\/wp-json\/wp\/v2\/tags?post=37246"}],"curies":[{"name":"wp","href":"https:\/\/api.w.org\/{rel}","templated":true}]}}