{"id":37233,"date":"2021-04-28T00:35:29","date_gmt":"2021-04-28T03:35:29","guid":{"rendered":"http:\/\/vocesparalelas.com.ar\/sitio\/?p=37233"},"modified":"2021-04-29T23:07:18","modified_gmt":"2021-04-30T02:07:18","slug":"inscripcion-gratuita-para-el-ix-congreso-nacional-de-extension-y-las-viii-jornadas-de-extension-del-mercosur","status":"publish","type":"post","link":"https:\/\/vocesparalelas.com.ar\/sitio\/inscripcion-gratuita-para-el-ix-congreso-nacional-de-extension-y-las-viii-jornadas-de-extension-del-mercosur\/","title":{"rendered":"Inscripci\u00f3n gratuita para el IX Congreso Nacional de Extensi\u00f3n y las VIII Jornadas de Extensi\u00f3n del Mercosur"},"content":{"rendered":"<p>La Secretar\u00eda de Extensi\u00f3n Universitaria de la UNSJ invita a participar del\u00a0IX Congreso Nacional de Extensi\u00f3n y las VIII Jornadas de Extensi\u00f3n del Mercosur que se desarrollan del\u00a014 al 17 de septiembre de 2021.<\/p>\n<p><span style=\"color: #99cc00;\"><strong>La modalidad es de car\u00e1cter virtual y\u00a0la inscripci\u00f3n es gratuita<\/strong><\/span><\/p>\n<p>Se prev\u00e9 la participaci\u00f3n de estudiantes, docentes, nodocentes, graduados y graduadas, integrantes de organizaciones sociales e instituciones que integran y comparten experiencias extensionistas en sus diversos espacios.<\/p>\n<p><span style=\"color: #99cc00;\"><strong>Ejes tem\u00e1ticos:\u00a0<\/strong><\/span><\/p>\n<p><span style=\"color: #99cc00;\"><strong>Pol\u00edticas p\u00fablicas y Universidad: el rol de la extensi\u00f3n universitaria en el acompa\u00f1amiento y asistencia en la pandemia por Covid-19.<\/strong><\/span><\/p>\n<p>Iniciativas diversas en la lucha contra la pandemia en el marco del Programa Universidades por la Emergencia del Covid-19 (PUPLEC 19) de la Secretar\u00eda de Pol\u00edticas Universitarias de la Naci\u00f3n, entre otras acciones de extensi\u00f3n, docencia e investigaci\u00f3n.<\/p>\n<p><span style=\"color: #99cc00;\"><strong>Enfoques te\u00f3ricos, metodol\u00f3gicos y pr\u00e1cticos para la curricularizaci\u00f3n de la extensi\u00f3n.<\/strong><\/span><\/p>\n<p>Pr\u00e1cticas sociales y educativas en territorio; Pr\u00e1cticas aprendizaje-servicio; Trayectos de formaci\u00f3n integral; Voluntariados; C\u00e1tedras espec\u00edficas, Iniciativas novedosas en la curricularizaci\u00f3n de la extensi\u00f3n universitaria, entre otros.<\/p>\n<p><span style=\"color: #99cc00;\"><strong>Praxis extensionistas y construcci\u00f3n colectiva del conocimiento. <\/strong><\/span><\/p>\n<p>Aportes a pol\u00edticas sociales en territorios diversos; Protecciones sociales de grupos vulnerados; Salud comunitaria y salud ambiental; Educaci\u00f3n de calidad, inclusiva y equitativa; Econom\u00eda social e inclusi\u00f3n socio productiva; Procesos barriales, territoriales y comunitarios; Arte y cultura popular; Promoci\u00f3n de la igualdad entre los g\u00e9neros; Transversalizaci\u00f3n de la perspectiva de discapacidad, Pueblos originarios; Innovaci\u00f3n ciudadana y emprendedores sociales; entre otros.<\/p>\n<p><span style=\"color: #99cc00;\"><strong>Estrategias de gesti\u00f3n integral para el abordaje institucional de la extensi\u00f3n.<\/strong><\/span><\/p>\n<p>Jerarquizaci\u00f3n e institucionalizaci\u00f3n de la extensi\u00f3n; Aportes a la definici\u00f3n de indicadores para la evaluaci\u00f3n y sistematizaci\u00f3n de la extensi\u00f3n; Reconocimiento de la labor extensionista en la carrera docente; Trabajadores no docentes y extensi\u00f3n, Propuestas de formaci\u00f3n en extensi\u00f3n; Experiencias metodol\u00f3gicas de plataformas territoriales; Comunicaci\u00f3n, difusi\u00f3n y visibilizaci\u00f3n de la extensi\u00f3n; Estrategias y dispositivos innovadores en la gesti\u00f3n de la extensi\u00f3n, entre otros.<\/p>\n<p>Toda la informaci\u00f3n referida a modalidades de participaci\u00f3n, ejes tem\u00e1ticos y fechas de presentaci\u00f3n podr\u00e1 ser consultada en la p\u00e1gina web del Congreso <a href=\"https:\/\/web.extension.unicen.edu.ar\/congreso\/\" target=\"_blank\" rel=\"noopener noreferrer\">www.web.extension.unicen.edu.ar<\/a><\/p>\n<p>Facebook:\u00a0<a href=\"https:\/\/www.facebook.com\/congresoextension.arg\" target=\"_blank\" rel=\"noopener noreferrer\">IX Congreso Nacional de Extensi\u00f3n<\/a><\/p>\n<p>Instagram:\u00a0<a href=\"https:\/\/www.instagram.com\/congresoextension.arg\/\" target=\"_blank\" rel=\"noopener noreferrer\">IX Congreso Nacional de Extensi\u00f3n<\/a><\/p>\n<p>YouTube:\u00a0<a href=\"https:\/\/www.youtube.com\/channel\/UCyO9A4wDm3LE7YGMd9YOOPQ\" target=\"_blank\" rel=\"noopener noreferrer\">IX Congreso Nacional de Extensi\u00f3n<\/a><\/p>\n<p><span style=\"color: #99cc00;\"><strong>Contacto<\/strong><\/span><\/p>\n<p>Yrigoyen 662, Tandil. Bs. As.<\/p>\n<p>(+54) 0249 &#8211; 4444 555<\/p>\n<p><a href=\"congresoextension.arg@gmail.com\">congresoextension.arg@gmail.com<\/a><\/p>\n","protected":false},"excerpt":{"rendered":"<p>La Secretar\u00eda de Extensi\u00f3n Universitaria de la UNSJ invita a participar del\u00a0IX Congreso Nacional de Extensi\u00f3n y las VIII Jornadas<\/p>\n","protected":false},"author":3,"featured_media":37235,"comment_status":"closed","ping_status":"closed","sticky":false,"template":"","format":"standard","meta":{"_acf_changed":false,"_seopress_robots_primary_cat":"none","_seopress_titles_title":"","_seopress_titles_desc":"","_seopress_robots_index":"","colormag_page_container_layout":"default_layout","colormag_page_sidebar_layout":"default_layout","footnotes":""},"categories":[9],"tags":[],"class_list":["post-37233","post","type-post","status-publish","format-standard","has-post-thumbnail","hentry","category-cursos"],"acf":[],"_links":{"self":[{"href":"https:\/\/vocesparalelas.com.ar\/sitio\/wp-json\/wp\/v2\/posts\/37233","targetHints":{"allow":["GET"]}}],"collection":[{"href":"https:\/\/vocesparalelas.com.ar\/sitio\/wp-json\/wp\/v2\/posts"}],"about":[{"href":"https:\/\/vocesparalelas.com.ar\/sitio\/wp-json\/wp\/v2\/types\/post"}],"author":[{"embeddable":true,"href":"https:\/\/vocesparalelas.com.ar\/sitio\/wp-json\/wp\/v2\/users\/3"}],"replies":[{"embeddable":true,"href":"https:\/\/vocesparalelas.com.ar\/sitio\/wp-json\/wp\/v2\/comments?post=37233"}],"version-history":[{"count":1,"href":"https:\/\/vocesparalelas.com.ar\/sitio\/wp-json\/wp\/v2\/posts\/37233\/revisions"}],"predecessor-version":[{"id":37236,"href":"https:\/\/vocesparalelas.com.ar\/sitio\/wp-json\/wp\/v2\/posts\/37233\/revisions\/37236"}],"wp:featuredmedia":[{"embeddable":true,"href":"https:\/\/vocesparalelas.com.ar\/sitio\/wp-json\/wp\/v2\/media\/37235"}],"wp:attachment":[{"href":"https:\/\/vocesparalelas.com.ar\/sitio\/wp-json\/wp\/v2\/media?parent=37233"}],"wp:term":[{"taxonomy":"category","embeddable":true,"href":"https:\/\/vocesparalelas.com.ar\/sitio\/wp-json\/wp\/v2\/categories?post=37233"},{"taxonomy":"post_tag","embeddable":true,"href":"https:\/\/vocesparalelas.com.ar\/sitio\/wp-json\/wp\/v2\/tags?post=37233"}],"curies":[{"name":"wp","href":"https:\/\/api.w.org\/{rel}","templated":true}]}}