{"id":37230,"date":"2021-04-28T00:15:32","date_gmt":"2021-04-28T03:15:32","guid":{"rendered":"http:\/\/vocesparalelas.com.ar\/sitio\/?p=37230"},"modified":"2021-04-28T00:15:32","modified_gmt":"2021-04-28T03:15:32","slug":"asamblea-general-extraordinaria-de-adicus-virtual","status":"publish","type":"post","link":"https:\/\/vocesparalelas.com.ar\/sitio\/asamblea-general-extraordinaria-de-adicus-virtual\/","title":{"rendered":"Asamblea General extraordinaria de ADICUS virtual"},"content":{"rendered":"<p>La Comisi\u00f3n Directiva de la Asociaci\u00f3n de Docentes, Investigadores y Creadores de la Universidad Nacional de San Juan, convoca a Asamblea General Extraordinaria para el Mi\u00e9rcoles, 28 de Abril, a las 10 hs.; mediante la plataforma virtual Google Meet.<\/p>\n<p>La Secretar\u00eda de Pol\u00edticas Universitarias, dependiente del Ministerio de Educaci\u00f3n de la Naci\u00f3n, convoc\u00f3 a todas las Federaciones Nacionales de Docentes a la Mesa de Negociaci\u00f3n Salarial para el d\u00eda martes 27 de abril. Se estima que en esa reuni\u00f3n paritaria el Gobierno Nacional acerqu\u00e9 a las Federaciones una propuesta salarial para que las asambleas de cada asociaci\u00f3n de base puedan evaluar.<\/p>\n<p>Es en este sentido que se convoca a la Asamblea de ADICUS para que entre todos y todas podamos, en primer lugar, analizar el contexto y la situaci\u00f3n de la docencia universitaria, en segundo lugar, para debatir la propuesta salarial que realizar\u00e1 el gobierno en la Mesa de Negociaci\u00f3n Salarial del 27\/04 y, por \u00faltimo, para votar el mandato que llevar\u00e1 nuestro Secretario General, al Plenario de Secretar\u00edas Generales de la CONADU Hist\u00f3rica.<\/p>\n<p>La Asamblea se realizar\u00e1 a trav\u00e9s de la plataforma Google Meet, y podr\u00e1s ingresar a la misma desde el siguiente link<\/p>\n<p><a href=\"https:\/\/meet.google.com\/uqh-grfj-tku\">https:\/\/meet.google.com\/uqh-grfj-tku<\/a><\/p>\n<p>&nbsp;<\/p>\n<p>#ADICUS #ElGremioUniversitario #AsambleaADICUS #Paritaria Salarial<\/p>\n<p>&nbsp;<\/p>\n","protected":false},"excerpt":{"rendered":"<p>La Comisi\u00f3n Directiva de la Asociaci\u00f3n de Docentes, Investigadores y Creadores de la Universidad Nacional de San Juan, convoca a<\/p>\n","protected":false},"author":3,"featured_media":12481,"comment_status":"closed","ping_status":"closed","sticky":false,"template":"","format":"standard","meta":{"_acf_changed":false,"_seopress_robots_primary_cat":"none","_seopress_titles_title":"","_seopress_titles_desc":"","_seopress_robots_index":"","colormag_page_container_layout":"default_layout","colormag_page_sidebar_layout":"default_layout","footnotes":""},"categories":[1],"tags":[],"class_list":["post-37230","post","type-post","status-publish","format-standard","has-post-thumbnail","hentry","category-destacadas"],"acf":[],"_links":{"self":[{"href":"https:\/\/vocesparalelas.com.ar\/sitio\/wp-json\/wp\/v2\/posts\/37230","targetHints":{"allow":["GET"]}}],"collection":[{"href":"https:\/\/vocesparalelas.com.ar\/sitio\/wp-json\/wp\/v2\/posts"}],"about":[{"href":"https:\/\/vocesparalelas.com.ar\/sitio\/wp-json\/wp\/v2\/types\/post"}],"author":[{"embeddable":true,"href":"https:\/\/vocesparalelas.com.ar\/sitio\/wp-json\/wp\/v2\/users\/3"}],"replies":[{"embeddable":true,"href":"https:\/\/vocesparalelas.com.ar\/sitio\/wp-json\/wp\/v2\/comments?post=37230"}],"version-history":[{"count":1,"href":"https:\/\/vocesparalelas.com.ar\/sitio\/wp-json\/wp\/v2\/posts\/37230\/revisions"}],"predecessor-version":[{"id":37232,"href":"https:\/\/vocesparalelas.com.ar\/sitio\/wp-json\/wp\/v2\/posts\/37230\/revisions\/37232"}],"wp:featuredmedia":[{"embeddable":true,"href":"https:\/\/vocesparalelas.com.ar\/sitio\/wp-json\/wp\/v2\/media\/12481"}],"wp:attachment":[{"href":"https:\/\/vocesparalelas.com.ar\/sitio\/wp-json\/wp\/v2\/media?parent=37230"}],"wp:term":[{"taxonomy":"category","embeddable":true,"href":"https:\/\/vocesparalelas.com.ar\/sitio\/wp-json\/wp\/v2\/categories?post=37230"},{"taxonomy":"post_tag","embeddable":true,"href":"https:\/\/vocesparalelas.com.ar\/sitio\/wp-json\/wp\/v2\/tags?post=37230"}],"curies":[{"name":"wp","href":"https:\/\/api.w.org\/{rel}","templated":true}]}}