{"id":37205,"date":"2021-04-27T00:55:15","date_gmt":"2021-04-27T03:55:15","guid":{"rendered":"http:\/\/vocesparalelas.com.ar\/sitio\/?p=37205"},"modified":"2021-04-29T00:35:30","modified_gmt":"2021-04-29T03:35:30","slug":"jornada-nacional-de-lucha-de-la-docencia-universitaria-y-preuniversitaria","status":"publish","type":"post","link":"https:\/\/vocesparalelas.com.ar\/sitio\/jornada-nacional-de-lucha-de-la-docencia-universitaria-y-preuniversitaria\/","title":{"rendered":"Jornada Nacional de Lucha de la Docencia Universitaria y Preuniversitaria"},"content":{"rendered":"<p>En el marco de la Jornada Nacional de Lucha de la Docencia Universitaria y Preuniversitaria, la CONADU Hist\u00f3rica realiz\u00f3 una conferencia de prensa \u2013 a trav\u00e9s de la plataforma zoom- en la que explic\u00f3 las demandas que lleva adelante el sector y que volcar\u00e1 el martes en la paritaria nacional. Estuvieron presentes en la conferencia representantes de todas las asociaciones de base de la Federaci\u00f3n de las distintas universidades nacionales.<\/p>\n<p>Luis Tiscornia, secretario general de CONADU Hist\u00f3rica, inform\u00f3 acerca de la convocatoria a paritaria nacional para ma\u00f1ana martes a las 12 horas:\u00a0 \u201cen esta jornada se protesta decimos que el Ministerio de Educaci\u00f3n de la Naci\u00f3n debe hacer una propuesta salarial que cumpla con lo m\u00ednimo que hab\u00eda declarado el Ministro de Econom\u00eda acerca de que este a\u00f1o los salarios deb\u00edan estar varios puntos por encima de la inflaci\u00f3n\u201d. Detall\u00f3 que \u201cde marzo 2020 a marzo a 2021, estamos registrando una p\u00e9rdida de m\u00e1s del 22% del poder adquisitivo de los salarios respecto a la inflaci\u00f3n (\u2026) es una de las p\u00e9rdidas m\u00e1s altas de cualquier actividad laboral\u201d; al tiempo que agreg\u00f3 que las paritarias docentes de los niveles primerio y secundario en su gran mayor\u00eda se han realizado, al igual que la paritaria nacional de estos niveles con el Ministerio de Educaci\u00f3n de la Naci\u00f3n. Nosotros estamos a dos meses de vencida la paritaria y todav\u00eda no sabemos cu\u00e1les van a ser los salarios de la docencia universitaria; es una situaci\u00f3n de maltrato por parte del Ministerio de Educaci\u00f3n y la Secretar\u00eda de pol\u00edticas Universitarias (SPU)\u2026pareciera que el ministro Trota no tomara nota que lo \u00fanicos sueldos que tiene que pagar de docentes son los nuestros\u201d.<\/p>\n<p>Tiscornia refiri\u00f3 asimismo que la CONADU Hist\u00f3rica llev\u00f3 adelante ya tres jornadas de paros nacionales de 48 horas, a la vez que record\u00f3 que en el paro del 6 y 7 de abril esta federaci\u00f3n asisti\u00f3 a la actitud arbitraria de no ser convocada a la reuni\u00f3n paritaria que se realiz\u00f3 el d\u00eda 7 por encontrarse en medidas de fuerzas. En ese sentido cont\u00f3 acerca del fallo favorable de la Justicia Nacional del Trabajo \u201cque obliga a la SPU a convocar a nuestra federaci\u00f3n a cualquiera reuni\u00f3n paritaria porque representamos alrededor del 40% de la docencia universitaria\u201d. Sentenci\u00f3 que crece el malestar entre las y los docentes de las Universidades Nacionales: \u201cno podemos ser nosotros los que perdamos frente a las presiones de los grupos econ\u00f3micos, del FMI, que reclaman el llamado \u2018ajuste fiscal\u2019 o recorte del gasto p\u00fablico\u201d.<\/p>\n<p>Posteriormente, tom\u00f3 la palabra la Secretaria Adjunta de CONADU Hist\u00f3rica, Claudia Baigorria qui\u00e9n se\u00f1al\u00f3 que \u201cestamos entre los sectores que mayor conflictividad hemos desplegado a lo largo de este tiempo frente a la p\u00e9rdida que padecemos como clase trabajadora ante el avance de la inflaci\u00f3n que ha arrojado en el \u00faltimo mes un 4,3% de incremento en el \u00edndice de precios al consumidor\u201d, hecho que \u201crepercute directamente en el valor de la canasta y termina arrojando cada vez a m\u00e1s familias a la pobreza y a la indigencia\u201d. En este sentido agreg\u00f3 que \u201cnuestros salarios est\u00e1n por debajo de la l\u00ednea de pobreza que, de acuerdo a la propia informaci\u00f3n del INDEC, arroja que una familia para no ser pobre en la Argentina necesita m\u00e1s de 60800 pesos cuesti\u00f3n que est\u00e1 muy lejos de los salarios b\u00e1sicos de les profesionales que ingresan en la carrera docente; es decir que nuestra profesi\u00f3n a pasado a ser una de las profesiones m\u00e1s devaluada, menos jerarquizada, incluso con relaci\u00f3n a les compa\u00f1eres no docentes con quienes compartimos actividades en el \u00e1mbito universitario\u201d. \u00a0Ante esta situaci\u00f3n, la secretaria adjunta enfatiz\u00f3 en que \u201ces tiempo que el gobierno nacional atienda esta emergencia\u201d; a la vez que record\u00f3 que \u201cnuestro sector ha estado virtualizado durante el a\u00f1o 2020 dando clases a una poblaci\u00f3n cercana al mill\u00f3n y ochocientos mil de estudiantes (seg\u00fan ha informado el propio consejo de rectores, cerca del 90% de la docencia universitaria a estuvo virtualizada), y utilizando nuestras propias herramientas tecnol\u00f3gicas, nuestra propia conectividad, nuestra propia electricidad, sin tener ning\u00fan reconocimiento econ\u00f3mico por parte del gobierno nacional mientras que solamente seis universidades pagaron alg\u00fan tipo de bono en concepto de compensaci\u00f3n de gastos\u201d. Concluy\u00f3 indicando que ma\u00f1ana, martes 27, se reunir\u00e1 el Consejo del Salario del que est\u00e1 participando como Secretaria Adjunto de CTA Aut\u00f3noma: \u201call\u00ed estamos haciendo un fuerte reclamos de que necesitamos que los salarios, las asignaciones , las jubilaciones est\u00e9 por delante de esta inflaci\u00f3n que va castigando duramente a nuestro pueblo\u201d.<\/p>\n<p>A su turno, Antonio Rossell\u00f3, secretario de organizaci\u00f3n de CONADU Hist\u00f3rica, remarc\u00f3 que esta es la quinta semana de conflicto que comenz\u00f3 con una jornada de protesta y sigui\u00f3 con tres semanas de paros de 48 horas: \u201clo decimos con orgullo y con tristeza, somos el \u00fanico gremio nacional que est\u00e1 en conflicto frente a esta negativa del gobierno a llevar adelante una negociaci\u00f3n salarial concreta (\u2026) ma\u00f1ana habr\u00e1 mesa paritaria, el mi\u00e9rcoles plenario de Secretar\u00edas generales de la Federaci\u00f3n y, si no hay respuesta salarial satisfactoria, seguir\u00e1 este plan de lucha\u201d. Destac\u00f3 que a los 160 mil docentes rentados de las Universidades Nacionales, habr\u00eda que sumarles los ad honorem-\u201cque no cobran ni un peso\u201d por trabajar\u00a0 y que son m\u00e1s de 20 mil, m\u00e1s los monotributistas y contratados, \u201cson m\u00e1s de 190 familias argentinas que est\u00e1n dependiendo de esta paritaria para saber de su continuidad salarial, del valor de su fuerza de trabajo, del valor de compra en el supermercado de sus salarios y del valor que se le da en este pa\u00eds a la educaci\u00f3n superior de la que tanto se llenan la boca \u2013 a favor y en contra- los distintos funcionarios de los gobiernos de turno\u201d. Asimismo, mostr\u00f3 el recibo de sueldo de un Jefe de Trabajos Pr\u00e1cticos que cobra 11 mil pesos por su cargo\u2026 \u201ccon estos salarios de miseria, ni siquiera se puede dar clases\u201d.<\/p>\n<p>Finalmente, Jorge Ram\u00edrez, integrante tambi\u00e9n de la Mesa Ejecutiva de CONADU Hist\u00f3rica y desde la provincia de Salta volvi\u00f3 a insistir ante la falta de reconocimiento por parte del Ministerio de Educaci\u00f3n de la Naci\u00f3n del esfuerzo que lleva adelante el sector docente universitario para continuar con la ense\u00f1anza en la virtualidad. \u201cHay docentes que no tienen ning\u00fan tipo de conexi\u00f3n. Trasladar los contenidos al entorno virtual implica un esfuerzo muy grande y vemos tambi\u00e9n que en ese contexto hay un desconocimiento a las tareas de cuidado que tienen sobre todo compa\u00f1eras dentro de la docencia universitaria a las que no se les est\u00e1 contemplando que ese esfuerzo est\u00e1 multiplicado y cae sobre ellas con mucha mas fuerza\u201d. A\u00f1adi\u00f3 que es \u201clamentable que tengamos que llegar a esta instancia con cinco semanas de medidas de fuerza, falta absoluta por parte del gobierno nacional de inter\u00e9s por la situaci\u00f3n de las Universidades Nacionales y que hoy vemos como docentes que incluso no pertenecen a nuestra federaci\u00f3n van sum\u00e1ndose a estas expresiones de lucha porque hay un reclamo tan esencial como la recomposici\u00f3n salarial\u201d.<\/p>\n<p>&nbsp;<\/p>\n<p><iframe loading=\"lazy\" title=\"Conferencia de Prensa de CONADU Hist\u00f3rica\" width=\"800\" height=\"450\" src=\"https:\/\/www.youtube.com\/embed\/DnoZWHG8M0o?feature=oembed\" frameborder=\"0\" allow=\"accelerometer; autoplay; clipboard-write; encrypted-media; gyroscope; picture-in-picture\" allowfullscreen><\/iframe><\/p>\n<p>&nbsp;<\/p>\n<p>&nbsp;<\/p>\n<p>&nbsp;<\/p>\n","protected":false},"excerpt":{"rendered":"<p>En el marco de la Jornada Nacional de Lucha de la Docencia Universitaria y Preuniversitaria, la CONADU Hist\u00f3rica realiz\u00f3 una<\/p>\n","protected":false},"author":3,"featured_media":37207,"comment_status":"closed","ping_status":"closed","sticky":false,"template":"","format":"video","meta":{"_acf_changed":false,"_seopress_robots_primary_cat":"none","_seopress_titles_title":"","_seopress_titles_desc":"","_seopress_robots_index":"","colormag_page_container_layout":"default_layout","colormag_page_sidebar_layout":"default_layout","footnotes":""},"categories":[10,7],"tags":[],"class_list":["post-37205","post","type-post","status-publish","format-video","has-post-thumbnail","hentry","category-opiniones","category-videos","post_format-post-format-video"],"acf":[],"_links":{"self":[{"href":"https:\/\/vocesparalelas.com.ar\/sitio\/wp-json\/wp\/v2\/posts\/37205","targetHints":{"allow":["GET"]}}],"collection":[{"href":"https:\/\/vocesparalelas.com.ar\/sitio\/wp-json\/wp\/v2\/posts"}],"about":[{"href":"https:\/\/vocesparalelas.com.ar\/sitio\/wp-json\/wp\/v2\/types\/post"}],"author":[{"embeddable":true,"href":"https:\/\/vocesparalelas.com.ar\/sitio\/wp-json\/wp\/v2\/users\/3"}],"replies":[{"embeddable":true,"href":"https:\/\/vocesparalelas.com.ar\/sitio\/wp-json\/wp\/v2\/comments?post=37205"}],"version-history":[{"count":1,"href":"https:\/\/vocesparalelas.com.ar\/sitio\/wp-json\/wp\/v2\/posts\/37205\/revisions"}],"predecessor-version":[{"id":37208,"href":"https:\/\/vocesparalelas.com.ar\/sitio\/wp-json\/wp\/v2\/posts\/37205\/revisions\/37208"}],"wp:featuredmedia":[{"embeddable":true,"href":"https:\/\/vocesparalelas.com.ar\/sitio\/wp-json\/wp\/v2\/media\/37207"}],"wp:attachment":[{"href":"https:\/\/vocesparalelas.com.ar\/sitio\/wp-json\/wp\/v2\/media?parent=37205"}],"wp:term":[{"taxonomy":"category","embeddable":true,"href":"https:\/\/vocesparalelas.com.ar\/sitio\/wp-json\/wp\/v2\/categories?post=37205"},{"taxonomy":"post_tag","embeddable":true,"href":"https:\/\/vocesparalelas.com.ar\/sitio\/wp-json\/wp\/v2\/tags?post=37205"}],"curies":[{"name":"wp","href":"https:\/\/api.w.org\/{rel}","templated":true}]}}