{"id":37198,"date":"2021-04-26T23:44:30","date_gmt":"2021-04-27T02:44:30","guid":{"rendered":"http:\/\/vocesparalelas.com.ar\/sitio\/?p=37198"},"modified":"2021-05-01T22:46:29","modified_gmt":"2021-05-02T01:46:29","slug":"san-juan-apuesta-a-la-presencialidad-cuidada-en-educacion","status":"publish","type":"post","link":"https:\/\/vocesparalelas.com.ar\/sitio\/san-juan-apuesta-a-la-presencialidad-cuidada-en-educacion\/","title":{"rendered":"San Juan apuesta a la presencialidad cuidada en Educaci\u00f3n"},"content":{"rendered":"<p>Uno de los mayores retos que enfrenta el sistema educativo en este 2021 para garantizar la continuidad de las trayectorias pedag\u00f3gicas de los estudiantes, es la seguridad sanitaria en las instituciones educativas ante la nueva presencialidad originada por la pandemia.<\/p>\n<p>El Ministerio de Educaci\u00f3n del Gobierno de San Juan desde que se origin\u00f3 la pandemia trabaj\u00f3 analizando acciones y estrategias para implementar protocolos que fueron planificados cuidadosamente teniendo en cuenta la matr\u00edcula, capacidad f\u00edsica de las instalaciones de las instituciones escolares, contexto, recursos humanos e insumos. Los protocolos fueron aprobados por el Comit\u00e9 COVID-19 y por el Ministerio de Educaci\u00f3n nacional.<\/p>\n<p>Esto permiti\u00f3 a la comunidad educativa desenvolverse en forma segura en las diferentes fases de la pandemia. Las medidas se fueron adecuando seg\u00fan avanzaba el virus. Se comenz\u00f3 con protocolos para el personal que cumpl\u00eda guardias m\u00ednimas, luego se avanz\u00f3 con un esquema m\u00e1s complejo en agosto del 2020 con el retorno a la presencialidad en 14 departamentos con la entrega de kits sanitizantes y adecuaci\u00f3n de los edificios escolares.<\/p>\n<p>En este 2021, los protocolos se implementaron desde febrero, con la entrega de kits y la adecuaci\u00f3n de las instalaciones de las instituciones educativas para garantizar todos los cuidados para el cursado de las Tutor\u00edas para los estudiantes en Proceso de Promoci\u00f3n Acompa\u00f1ada. Paralelamente, Educaci\u00f3n capacit\u00f3 al personal de supervisores, directivos, docentes, auxiliares, administrativos y de Servicios Generales sobre todas las medidas para promover y concientizar en los estudiantes buenos h\u00e1bitos de higiene y cuidados preventivos con el distanciamiento f\u00edsico a aplicar durante el Ciclo Lectivo que se desarrolla en forma presencial con asistencia gradual y alternada.<\/p>\n<p>El Ministerio de Educaci\u00f3n en la presencialidad cuidada entreg\u00f3 kits sanitizantes, detalle por nivel educativo:<\/p>\n<table width=\"249\">\n<tbody>\n<tr>\n<td width=\"122\"><strong>Nivel<\/strong><\/td>\n<td width=\"127\"><strong>Cantidad entregada<\/strong><\/td>\n<\/tr>\n<tr>\n<td>Inicial<\/td>\n<td>29500<\/td>\n<\/tr>\n<tr>\n<td>Primaria<\/td>\n<td>75631<\/td>\n<\/tr>\n<tr>\n<td>Secundaria<\/td>\n<td>45413<\/td>\n<\/tr>\n<tr>\n<td>Secundaria t\u00e9cnica<\/td>\n<td>17281<\/td>\n<\/tr>\n<tr>\n<td>Especial<\/td>\n<td>3166<\/td>\n<\/tr>\n<tr>\n<td>Adultos<\/td>\n<td>11871<\/td>\n<\/tr>\n<tr>\n<td>Superior<\/td>\n<td>7500<\/td>\n<\/tr>\n<tr>\n<td>Gabinetes<\/td>\n<td>240<\/td>\n<\/tr>\n<tr>\n<td><strong>Total<\/strong><\/td>\n<\/tr>\n<\/tbody>\n<\/table>\n<p>Pir\u00f3metros a cada establecimiento para el control de la temperatura:<\/p>\n<p>Se compraron 1000 pir\u00f3metros. Se reemplazaron 125 que se da\u00f1aron. Total: 1125<\/p>\n<p>Antiparras y barbijos para educadores y personal de Servicios Generales<\/p>\n<p>Se entregaron 5000 antiparras y barbijos a porteros. Tambi\u00e9n se distribuyeron<strong>33000<\/strong> m\u00e1scaras de protecci\u00f3n facial a docentes y no docentes de todos los niveles educativos de gesti\u00f3n estatal.<\/p>\n<p>Para la adecuaci\u00f3n con se\u00f1al\u00e9ctica y limpieza de los edificios escolares se dispuso:<\/p>\n<table width=\"230\">\n<tbody>\n<tr>\n<td width=\"175\"><strong>Materiales<\/strong><\/td>\n<td width=\"55\"><strong>Totales<\/strong><\/td>\n<\/tr>\n<tr>\n<td>Faja de peligro<\/td>\n<td>1145<\/td>\n<\/tr>\n<tr>\n<td>Guantes de l\u00e1tex caja x 100<\/td>\n<td>8844<\/td>\n<\/tr>\n<tr>\n<td>Alcohol en gel bidones x 5L<\/td>\n<td>1775<\/td>\n<\/tr>\n<tr>\n<td>Jab\u00f3n l\u00edquido x 5L<\/td>\n<td>506<\/td>\n<\/tr>\n<tr>\n<td>Amonio de cuaternario x 5 l<\/td>\n<td>205<\/td>\n<\/tr>\n<tr>\n<td>Pulverizador de 1 litro pl\u00e1stico<\/td>\n<td>873<\/td>\n<\/tr>\n<tr>\n<td>Trapo de piso<\/td>\n<td>2621<\/td>\n<\/tr>\n<tr>\n<td>Bolsa de consorcio 60 x 90<\/td>\n<td>1779<\/td>\n<\/tr>\n<tr>\n<td>Bolsa de residuos x 30<\/td>\n<td>1410<\/td>\n<\/tr>\n<tr>\n<td>Rollo de papel Tis\u00fa x 400 m<\/td>\n<td>1186<\/td>\n<\/tr>\n<tr>\n<td>Dispensadores de jab\u00f3n l\u00edquido<\/td>\n<td>100<\/td>\n<\/tr>\n<\/tbody>\n<\/table>\n<p>Los materiales se van reponiendo en relaci\u00f3n a la demanda de las autoridades escolares.<\/p>\n<p>El Ministerio de Educaci\u00f3n garantiza el cuidado sanitario y el proceso educativo, en esta situaci\u00f3n de emergencia, brindando todos los elementos y condiciones, consciente de que la estabilidad emocional fortalece la capacidad de adaptarse al cambio, acorde a la realidad de cada comunidad educativa.<\/p>\n<p><span style=\"color: #ff0000;\"><strong>Recordando que es necesario el compromiso de:<\/strong><\/span><\/p>\n<ul>\n<li>Los padres en controlar diariamente que los estudiantes lleven los kits que se les entreg\u00f3 a la escuela, siendo esenciales como los \u00fatiles escolares.<\/li>\n<li>Docentes y estudiantes realizar el uso adecuado y permanente de barbijos, mantener el distanciamiento y cumplimiento de protocolos.<\/li>\n<li>Personal de Servicios Generales, cumplir protocolos y notificar a directivos cuando sea necesaria la reposici\u00f3n de elementos limpieza e higiene.<\/li>\n<li>Los directivos cumplir protocolos y realizar la previsi\u00f3n necesaria para que sea inmediata la solicitud para la reposici\u00f3n de los kits o art\u00edculos de limpieza.<\/li>\n<\/ul>\n","protected":false},"excerpt":{"rendered":"<p>Uno de los mayores retos que enfrenta el sistema educativo en este 2021 para garantizar la continuidad de las trayectorias<\/p>\n","protected":false},"author":3,"featured_media":30142,"comment_status":"closed","ping_status":"closed","sticky":false,"template":"","format":"standard","meta":{"_acf_changed":false,"_seopress_robots_primary_cat":"none","_seopress_titles_title":"","_seopress_titles_desc":"","_seopress_robots_index":"","colormag_page_container_layout":"default_layout","colormag_page_sidebar_layout":"default_layout","footnotes":""},"categories":[6],"tags":[],"class_list":["post-37198","post","type-post","status-publish","format-standard","has-post-thumbnail","hentry","category-eventos"],"acf":[],"_links":{"self":[{"href":"https:\/\/vocesparalelas.com.ar\/sitio\/wp-json\/wp\/v2\/posts\/37198","targetHints":{"allow":["GET"]}}],"collection":[{"href":"https:\/\/vocesparalelas.com.ar\/sitio\/wp-json\/wp\/v2\/posts"}],"about":[{"href":"https:\/\/vocesparalelas.com.ar\/sitio\/wp-json\/wp\/v2\/types\/post"}],"author":[{"embeddable":true,"href":"https:\/\/vocesparalelas.com.ar\/sitio\/wp-json\/wp\/v2\/users\/3"}],"replies":[{"embeddable":true,"href":"https:\/\/vocesparalelas.com.ar\/sitio\/wp-json\/wp\/v2\/comments?post=37198"}],"version-history":[{"count":3,"href":"https:\/\/vocesparalelas.com.ar\/sitio\/wp-json\/wp\/v2\/posts\/37198\/revisions"}],"predecessor-version":[{"id":37204,"href":"https:\/\/vocesparalelas.com.ar\/sitio\/wp-json\/wp\/v2\/posts\/37198\/revisions\/37204"}],"wp:featuredmedia":[{"embeddable":true,"href":"https:\/\/vocesparalelas.com.ar\/sitio\/wp-json\/wp\/v2\/media\/30142"}],"wp:attachment":[{"href":"https:\/\/vocesparalelas.com.ar\/sitio\/wp-json\/wp\/v2\/media?parent=37198"}],"wp:term":[{"taxonomy":"category","embeddable":true,"href":"https:\/\/vocesparalelas.com.ar\/sitio\/wp-json\/wp\/v2\/categories?post=37198"},{"taxonomy":"post_tag","embeddable":true,"href":"https:\/\/vocesparalelas.com.ar\/sitio\/wp-json\/wp\/v2\/tags?post=37198"}],"curies":[{"name":"wp","href":"https:\/\/api.w.org\/{rel}","templated":true}]}}