{"id":37194,"date":"2021-04-26T23:22:33","date_gmt":"2021-04-27T02:22:33","guid":{"rendered":"http:\/\/vocesparalelas.com.ar\/sitio\/?p=37194"},"modified":"2021-04-28T01:31:50","modified_gmt":"2021-04-28T04:31:50","slug":"taller-vamos-a-dibujar","status":"publish","type":"post","link":"https:\/\/vocesparalelas.com.ar\/sitio\/taller-vamos-a-dibujar\/","title":{"rendered":"Taller \u00abVamos a dibujar\u00bb"},"content":{"rendered":"<p>\u00abVamos a dibujar\u00bb es un taller gratuito, que tiene como prop\u00f3sito incentivar y promover el mundo expresivo y creativo de los chicos a trav\u00e9s de dibujos y su digitalizaci\u00f3n.<\/p>\n<p>Se realizan cinco encuentros con diferentes formas de explorar el dibujar digitalmente.<\/p>\n<p>Les ense\u00f1an recursos creativos en la ilustraci\u00f3n con diferentes grados de complejidad en sus contenidos. Aprender\u00e1n desde conceptos b\u00e1sicos de dibujo a mano, dibujar digitalmente y explorar diferentes formatos de aplicabilidad seg\u00fan un objetivo comunicacional.<\/p>\n<p><strong><span style=\"color: #ff9900;\">Objetivos del taller<\/span><\/strong><\/p>\n<p>Que los chicos aprendan a conocer las herramientas b\u00e1sicas para comenzar a dibujar; experimentar y nutrir la imaginaci\u00f3n, conociendo t\u00e9cnicas que fortalezcan la creatividad; lograr el pasaje de una idea a un dibujo digitalizado.<\/p>\n<ul>\n<li>Destinado a chicos de 10 a 18 a\u00f1os<\/li>\n<li>D\u00edas y horarios: martes o jueves a las 11 horas<\/li>\n<li>Modalidad virtual: Google Meet (5 encuentros de 1 hora).<\/li>\n<li>Taller: Nivel 1 (Inicial\/Casual)<\/li>\n<\/ul>\n<p><span style=\"color: #ff9900;\"><strong>Link de inscripci\u00f3n<\/strong><\/span><\/p>\n<p><a href=\"https:\/\/bit.ly\/3txjzSN\">https:\/\/bit.ly\/3txjzSN<\/a><\/p>\n<p>Para este taller usan celular, tablet, notebook, netbook o PC.<\/p>\n<p>Mayor informaci\u00f3n de 8 a 13 horas al WhatsApp: 264 5724002<\/p>\n<p>&nbsp;<\/p>\n<p>&nbsp;<\/p>\n","protected":false},"excerpt":{"rendered":"<p>\u00abVamos a dibujar\u00bb es un taller gratuito, que tiene como prop\u00f3sito incentivar y promover el mundo expresivo y creativo de<\/p>\n","protected":false},"author":3,"featured_media":37196,"comment_status":"closed","ping_status":"closed","sticky":false,"template":"","format":"standard","meta":{"_acf_changed":false,"_seopress_robots_primary_cat":"none","_seopress_titles_title":"","_seopress_titles_desc":"","_seopress_robots_index":"","colormag_page_container_layout":"default_layout","colormag_page_sidebar_layout":"default_layout","footnotes":""},"categories":[9],"tags":[],"class_list":["post-37194","post","type-post","status-publish","format-standard","has-post-thumbnail","hentry","category-cursos"],"acf":[],"_links":{"self":[{"href":"https:\/\/vocesparalelas.com.ar\/sitio\/wp-json\/wp\/v2\/posts\/37194","targetHints":{"allow":["GET"]}}],"collection":[{"href":"https:\/\/vocesparalelas.com.ar\/sitio\/wp-json\/wp\/v2\/posts"}],"about":[{"href":"https:\/\/vocesparalelas.com.ar\/sitio\/wp-json\/wp\/v2\/types\/post"}],"author":[{"embeddable":true,"href":"https:\/\/vocesparalelas.com.ar\/sitio\/wp-json\/wp\/v2\/users\/3"}],"replies":[{"embeddable":true,"href":"https:\/\/vocesparalelas.com.ar\/sitio\/wp-json\/wp\/v2\/comments?post=37194"}],"version-history":[{"count":1,"href":"https:\/\/vocesparalelas.com.ar\/sitio\/wp-json\/wp\/v2\/posts\/37194\/revisions"}],"predecessor-version":[{"id":37197,"href":"https:\/\/vocesparalelas.com.ar\/sitio\/wp-json\/wp\/v2\/posts\/37194\/revisions\/37197"}],"wp:featuredmedia":[{"embeddable":true,"href":"https:\/\/vocesparalelas.com.ar\/sitio\/wp-json\/wp\/v2\/media\/37196"}],"wp:attachment":[{"href":"https:\/\/vocesparalelas.com.ar\/sitio\/wp-json\/wp\/v2\/media?parent=37194"}],"wp:term":[{"taxonomy":"category","embeddable":true,"href":"https:\/\/vocesparalelas.com.ar\/sitio\/wp-json\/wp\/v2\/categories?post=37194"},{"taxonomy":"post_tag","embeddable":true,"href":"https:\/\/vocesparalelas.com.ar\/sitio\/wp-json\/wp\/v2\/tags?post=37194"}],"curies":[{"name":"wp","href":"https:\/\/api.w.org\/{rel}","templated":true}]}}