{"id":37182,"date":"2021-04-26T22:46:11","date_gmt":"2021-04-27T01:46:11","guid":{"rendered":"http:\/\/vocesparalelas.com.ar\/sitio\/?p=37182"},"modified":"2021-04-26T22:46:11","modified_gmt":"2021-04-27T01:46:11","slug":"se-presento-la-tecnicatura-en-gestion-de-la-produccion-agropecuaria-y-agroindustrial-del-departamento-san-martin-de-san-juan","status":"publish","type":"post","link":"https:\/\/vocesparalelas.com.ar\/sitio\/se-presento-la-tecnicatura-en-gestion-de-la-produccion-agropecuaria-y-agroindustrial-del-departamento-san-martin-de-san-juan\/","title":{"rendered":"Se present\u00f3 la Tecnicatura en Gesti\u00f3n de la Producci\u00f3n Agropecuaria y Agroindustrial del Departamento San Mart\u00edn de San Juan"},"content":{"rendered":"<p>El gobernador de San Juan, Dr. Sergio U\u00f1ac present\u00f3 junto al ministro de Educaci\u00f3n, Lic. Felipe de Los R\u00edos y el intendente de San Mart\u00edn, CPN Cristian Andino, la \u00abTecnicatura superior en Gesti\u00f3n de la Producci\u00f3n Agropecuaria y Agroindustrial\u00bb que se dicta en el departamento San Mart\u00edn, ubicado en el centro-sur de la provincia.<\/p>\n<p><img loading=\"lazy\" decoding=\"async\" class=\"alignnone wp-image-37186 size-full\" src=\"https:\/\/vocesparalelas.com.ar\/sitio\/wp-content\/uploads\/2021\/04\/EDUCACION-INSTITUTO-03.jpg\" alt=\"\" width=\"800\" height=\"533\" srcset=\"https:\/\/vocesparalelas.com.ar\/sitio\/wp-content\/uploads\/2021\/04\/EDUCACION-INSTITUTO-03.jpg 800w, https:\/\/vocesparalelas.com.ar\/sitio\/wp-content\/uploads\/2021\/04\/EDUCACION-INSTITUTO-03-300x200.jpg 300w, https:\/\/vocesparalelas.com.ar\/sitio\/wp-content\/uploads\/2021\/04\/EDUCACION-INSTITUTO-03-768x512.jpg 768w\" sizes=\"auto, (max-width: 800px) 100vw, 800px\" \/><\/p>\n<p><img loading=\"lazy\" decoding=\"async\" class=\"alignnone wp-image-37185 size-full\" src=\"https:\/\/vocesparalelas.com.ar\/sitio\/wp-content\/uploads\/2021\/04\/EDUCACION-INSTITUTO-02.jpg\" alt=\"\" width=\"800\" height=\"533\" srcset=\"https:\/\/vocesparalelas.com.ar\/sitio\/wp-content\/uploads\/2021\/04\/EDUCACION-INSTITUTO-02.jpg 800w, https:\/\/vocesparalelas.com.ar\/sitio\/wp-content\/uploads\/2021\/04\/EDUCACION-INSTITUTO-02-300x200.jpg 300w, https:\/\/vocesparalelas.com.ar\/sitio\/wp-content\/uploads\/2021\/04\/EDUCACION-INSTITUTO-02-768x512.jpg 768w\" sizes=\"auto, (max-width: 800px) 100vw, 800px\" \/><\/p>\n<p>La carrera se dicta en el Instituto Superior T\u00e9cnico de San Mart\u00edn y cuenta con 45 alumnos en esta primera instancia.<\/p>\n<p>La misma tiene tres a\u00f1os de duraci\u00f3n y los alumnos deben cursar 9 materias durante el primer a\u00f1o, 10 en el segundo y 10 en el tercero, seg\u00fan el plan de estudios diagramado por el Ministerio de Educaci\u00f3n.<\/p>\n<p>Por ello, el ministro de Educaci\u00f3n, Lic. Felipe de Los R\u00edos puso en alza la importancia de la Educaci\u00f3n en la vida de los sanjuaninos, \u201cque los 19 departamentos empiecen a cristalizar los anhelos de contar con una oferta educativa con las orientaciones que puedan desarrollar es muy importante\u201d.<\/p>\n<p>Luego, analiz\u00f3 la creaci\u00f3n de carreras en el interior del pa\u00eds: \u00abEn las tecnicaturas, el \u00faltimo instituto se cre\u00f3 en el a\u00f1o 1999, en el 2018 creamos el Instituto Superior T\u00e9cnico de Valle F\u00e9rtil y hoy estamos haciendo lo propio en San Mart\u00edn\u201d.<\/p>\n<p>&nbsp;<\/p>\n<p><iframe loading=\"lazy\" title=\"EDUCACI\u00d3N\" width=\"800\" height=\"450\" src=\"https:\/\/www.youtube.com\/embed\/DVAGLhX5k6U?feature=oembed\" frameborder=\"0\" allow=\"accelerometer; autoplay; clipboard-write; encrypted-media; gyroscope; picture-in-picture\" allowfullscreen><\/iframe><\/p>\n<p>El intendente de la Municipalidad de San Mart\u00edn, CPN Cristian Andino afirm\u00f3 que \u00ablos sanjuaninos tenemos un gobernador Federal que entiende las necesidades de los departamentos y busca llevar igualdad de oportunidades a cada rinc\u00f3n de la provincia\u201d.<\/p>\n<p>\u00abVamos a brindar una herramienta a nuestros j\u00f3venes para que ellos puedan tener el d\u00eda de ma\u00f1ana un mejor futuro pero adem\u00e1s, tiene que ver con acercar el conocimiento a las necesidades del sector productivo del departamento\u201d.<\/p>\n<p>&nbsp;<\/p>\n<p><iframe loading=\"lazy\" title=\"EDUCACI\u00d3N\" width=\"800\" height=\"450\" src=\"https:\/\/www.youtube.com\/embed\/uz3KJ8mY_tI?feature=oembed\" frameborder=\"0\" allow=\"accelerometer; autoplay; clipboard-write; encrypted-media; gyroscope; picture-in-picture\" allowfullscreen><\/iframe><\/p>\n<p>&nbsp;<\/p>\n<p>Para cerrar el acto, el gobernador destac\u00f3 \u00abel hecho de poder generar igualdad de oportunidades en el lugar donde cada sanjuanino nace y crece ya que de esa manera se genera presente y futuro, para qui\u00e9nes habitar la tierra que los ve nacer\u00bb.<\/p>\n<p>\u00abHemos dicho muchas veces que debemos trabajar para que la oferta educativa llegue hasta el \u00faltimo rinc\u00f3n que tiene la provincia de San Juan por cercano o lejano que \u00e9ste sea, debe ser la responsabilidad del estado provincial\u00bb, afirm\u00f3 el gobernador.<\/p>\n<p>&nbsp;<\/p>\n<p><iframe loading=\"lazy\" title=\"EDUCACI\u00d3N\" width=\"800\" height=\"450\" src=\"https:\/\/www.youtube.com\/embed\/gfN8cDOmUCg?feature=oembed\" frameborder=\"0\" allow=\"accelerometer; autoplay; clipboard-write; encrypted-media; gyroscope; picture-in-picture\" allowfullscreen><\/iframe><\/p>\n<p>Adem\u00e1s, valor\u00f3 a la Educaci\u00f3n como uno de las principales obligaciones del Estado al igual que la salud y la prestaci\u00f3n de los servicios de Seguridad.<br \/>\nSeguidamente, destac\u00f3 el hecho de que \u201cen pandemia se pueda evitar el traslado de los chicos para poder capacitarse. Es lo que nos ocupa y tenemos que poner el m\u00e1ximo esfuerzo\u201d.<\/p>\n<p>Sobre la tecnicatura dijo que \u00abla orientaci\u00f3n educativa debe tener correlaci\u00f3n con la realidad econ\u00f3mica y posibilidades de desarrollo de los j\u00f3venes en el departamento, en este caso de San Mart\u00edn\u00bb.<\/p>\n<p>Finalmente, el mandatario sanjuanino inst\u00f3 a \u201cseguir por este camino de an\u00e1lisis departamento por departamento sobre su realidad econ\u00f3mica y que oferta educativa le podemos vincular a la misma y eso es parte de lo que hemos acordado y nos hemos comprometido en el Acuerdo San Juan\u201d.<\/p>\n<p><span style=\"color: #339966;\"><strong>Plan de Estudios<\/strong><\/span><\/p>\n<p><span style=\"color: #339966;\"><strong>Primer a\u00f1o<\/strong><\/span><\/p>\n<ul>\n<li>Comprensi\u00f3n y Producci\u00f3n de textos.<\/li>\n<li>Contexto Socioecon\u00f3mico Productivo.<\/li>\n<li>Qu\u00edmica Aplicada.<\/li>\n<li>Microbiolog\u00eda de los Alimentos.<\/li>\n<li>Matem\u00e1tica Aplicada.<\/li>\n<li>Anatom\u00eda y fisiolog\u00eda animal.<\/li>\n<li>Anatom\u00eda y fisiolog\u00eda vegetal.<\/li>\n<li>Administraci\u00f3n y gesti\u00f3n de empresas agropecuarias y agroindustriales.<\/li>\n<li>Pr\u00e1ctica Profesionalizante I.<\/li>\n<\/ul>\n<p><strong><span style=\"color: #339966;\">Segundo a\u00f1o<\/span><\/strong><\/p>\n<ul>\n<li>Estad\u00edstica<\/li>\n<li>Sistemas Inform\u00e1ticos Administrativos.<\/li>\n<li>Producci\u00f3n Agr\u00edcola.<\/li>\n<li>Producci\u00f3n Pecuaria.<\/li>\n<li>Pr\u00e1ctica Profesionalizante II.<\/li>\n<li>Ingl\u00e9s T\u00e9cnico.<\/li>\n<li>Comercio Nacional e Internacional Agropecuario y Agroindustrial.<\/li>\n<li>Gesti\u00f3n por Competencias.<\/li>\n<li>Tecnolog\u00eda de los Procesos Industriales.<\/li>\n<li>Pr\u00e1ctica Profesionalizante III.<\/li>\n<\/ul>\n<p><strong><span style=\"color: #339966;\">Tercer a\u00f1o<\/span><\/strong><\/p>\n<ul>\n<li>Higiene y Seguridad.<\/li>\n<li>Marco Jur\u00eddico.<\/li>\n<li>Aseguramiento y gesti\u00f3n de la calidad agropecuaria y agroindustrial.<\/li>\n<li>Sistema de Producci\u00f3n Vegetal.<\/li>\n<li>Sistema de Producci\u00f3n Animal.<\/li>\n<li>Pr\u00e1ctica Profesionalizante IV.<\/li>\n<li>\u00a0\u00c9tica y Deontolog\u00eda Profesional.<\/li>\n<li>\u00a0Sistema de Producci\u00f3n Agroindustrial.<\/li>\n<li>\u00a0Sociolog\u00eda Rural.<\/li>\n<li>\u00a0Pr\u00e1ctica Profesionalizante V.<\/li>\n<\/ul>\n<p>&nbsp;<\/p>\n<p><iframe loading=\"lazy\" title=\"U\u00f1ac  present\u00f3 la &quot;Tecnicatura superior en Gesti\u00f3n de la Producci\u00f3n Agropecuaria y Agroindustrial&quot;\" width=\"800\" height=\"450\" src=\"https:\/\/www.youtube.com\/embed\/nf1T9BkfM28?feature=oembed\" frameborder=\"0\" allow=\"accelerometer; autoplay; clipboard-write; encrypted-media; gyroscope; picture-in-picture\" allowfullscreen><\/iframe><\/p>\n","protected":false},"excerpt":{"rendered":"<p>El gobernador de San Juan, Dr. Sergio U\u00f1ac present\u00f3 junto al ministro de Educaci\u00f3n, Lic. Felipe de Los R\u00edos y<\/p>\n","protected":false},"author":3,"featured_media":37184,"comment_status":"closed","ping_status":"closed","sticky":false,"template":"","format":"video","meta":{"_acf_changed":false,"_seopress_robots_primary_cat":"none","_seopress_titles_title":"","_seopress_titles_desc":"","_seopress_robots_index":"","colormag_page_container_layout":"default_layout","colormag_page_sidebar_layout":"default_layout","footnotes":""},"categories":[1,7],"tags":[],"class_list":["post-37182","post","type-post","status-publish","format-video","has-post-thumbnail","hentry","category-destacadas","category-videos","post_format-post-format-video"],"acf":[],"_links":{"self":[{"href":"https:\/\/vocesparalelas.com.ar\/sitio\/wp-json\/wp\/v2\/posts\/37182","targetHints":{"allow":["GET"]}}],"collection":[{"href":"https:\/\/vocesparalelas.com.ar\/sitio\/wp-json\/wp\/v2\/posts"}],"about":[{"href":"https:\/\/vocesparalelas.com.ar\/sitio\/wp-json\/wp\/v2\/types\/post"}],"author":[{"embeddable":true,"href":"https:\/\/vocesparalelas.com.ar\/sitio\/wp-json\/wp\/v2\/users\/3"}],"replies":[{"embeddable":true,"href":"https:\/\/vocesparalelas.com.ar\/sitio\/wp-json\/wp\/v2\/comments?post=37182"}],"version-history":[{"count":1,"href":"https:\/\/vocesparalelas.com.ar\/sitio\/wp-json\/wp\/v2\/posts\/37182\/revisions"}],"predecessor-version":[{"id":37187,"href":"https:\/\/vocesparalelas.com.ar\/sitio\/wp-json\/wp\/v2\/posts\/37182\/revisions\/37187"}],"wp:featuredmedia":[{"embeddable":true,"href":"https:\/\/vocesparalelas.com.ar\/sitio\/wp-json\/wp\/v2\/media\/37184"}],"wp:attachment":[{"href":"https:\/\/vocesparalelas.com.ar\/sitio\/wp-json\/wp\/v2\/media?parent=37182"}],"wp:term":[{"taxonomy":"category","embeddable":true,"href":"https:\/\/vocesparalelas.com.ar\/sitio\/wp-json\/wp\/v2\/categories?post=37182"},{"taxonomy":"post_tag","embeddable":true,"href":"https:\/\/vocesparalelas.com.ar\/sitio\/wp-json\/wp\/v2\/tags?post=37182"}],"curies":[{"name":"wp","href":"https:\/\/api.w.org\/{rel}","templated":true}]}}