{"id":37175,"date":"2021-04-26T20:19:19","date_gmt":"2021-04-26T23:19:19","guid":{"rendered":"http:\/\/vocesparalelas.com.ar\/sitio\/?p=37175"},"modified":"2021-04-28T01:09:26","modified_gmt":"2021-04-28T04:09:26","slug":"se-lanzo-el-concurso-san-juan-escribe-premio-jorge-leonidas-escudero","status":"publish","type":"post","link":"https:\/\/vocesparalelas.com.ar\/sitio\/se-lanzo-el-concurso-san-juan-escribe-premio-jorge-leonidas-escudero\/","title":{"rendered":"Se lanz\u00f3 el Concurso \u00abSan Juan Escribe\u00bb Premio Jorge Leonidas Escudero"},"content":{"rendered":"<div class=\"itemFullText jbintrotext\">\n<p>Con nuevas categor\u00edas, importantes galardones y presentaciones oficiales en cada uno de los departamentos de la provincia, fue llevado a cabo el acto central del lanzamiento de una nueva edici\u00f3n del concurso literario San Juan Escribe, Premio Jorge Leonidas Escudero. La ceremonia fue cumplida en la Casa de la Cultura de la Municipalidad de Albard\u00f3n y estuvo encabezada por el vicegobernador y presidente nato de la C\u00e1mara de Diputados, CPN Roberto Gattoni.<\/p>\n<\/div>\n<div class=\"itemFullText\">\n<p>Acompa\u00f1\u00f3 el intendente de Albard\u00f3n, Jorge Palmero; el diputado departamental, Juan Carlos Abarca; la senadora Cristina L\u00f3pez; el coordinador del presente certamen, Mario Zaguirre; la representante del Fondo Editorial del Poder Legislativo, Sandra Luna; el director de relaciones con la Comunidad, Ubaldo Hidalgo.<\/p>\n<p>La presente convocatoria incluye como novedad la incorporaci\u00f3n de nuevas categor\u00edas como los relatos breves (leyendas, personajes de pueblo, costumbristas), entrem\u00e9s, sainete y farsa. Y en los g\u00e9neros tradicionales est\u00e1 abierta la posibilidad de participar en las categor\u00edas de tragedia, comedia o drama, adem\u00e1s de poemas, novelas, cuentos, relatos, trabajos de investigaci\u00f3n (tesis y tesinas) y ensayos.<\/p>\n<p>Para esta ocasi\u00f3n, los municipios cumplen un papel preponderante ya que, a trav\u00e9s del \u00c1rea de Cultura de cada uno de ellos, contribuyen con la difusi\u00f3n de toda la informaci\u00f3n del concurso y la C\u00e1mara deja a su disposici\u00f3n una urna para que los participantes locales puedan depositar sus obras sin desplazarse hasta la capital.<\/p>\n<p><iframe loading=\"lazy\" title=\"CDSJ CONCURSO SAN JUAN ESCRIBE\" width=\"800\" height=\"450\" src=\"https:\/\/www.youtube.com\/embed\/W9YFE8hz83k?feature=oembed\" frameborder=\"0\" allow=\"accelerometer; autoplay; clipboard-write; encrypted-media; gyroscope; picture-in-picture\" allowfullscreen><\/iframe><\/p>\n<p>Con respecto a los premios, el concurso tiene un primer premio por cada categor\u00eda de $50.000, un segundo premio de $30.000 y menci\u00f3n especial para el tercer lugar. Los participantes ganadores se har\u00e1n acreedores de una edici\u00f3n digital de su obra. Es importante se\u00f1alar que el plazo de presentaci\u00f3n de las mismas es hasta el 2 de julio de 2021.<\/p>\n<p><img loading=\"lazy\" decoding=\"async\" class=\"alignnone wp-image-37178 size-full\" src=\"https:\/\/vocesparalelas.com.ar\/sitio\/wp-content\/uploads\/2021\/04\/CDSJ-CONCURSO-SAN-JUAN-ESCRIBE-01.jpg\" alt=\"\" width=\"800\" height=\"532\" srcset=\"https:\/\/vocesparalelas.com.ar\/sitio\/wp-content\/uploads\/2021\/04\/CDSJ-CONCURSO-SAN-JUAN-ESCRIBE-01.jpg 800w, https:\/\/vocesparalelas.com.ar\/sitio\/wp-content\/uploads\/2021\/04\/CDSJ-CONCURSO-SAN-JUAN-ESCRIBE-01-300x200.jpg 300w, https:\/\/vocesparalelas.com.ar\/sitio\/wp-content\/uploads\/2021\/04\/CDSJ-CONCURSO-SAN-JUAN-ESCRIBE-01-768x511.jpg 768w\" sizes=\"auto, (max-width: 800px) 100vw, 800px\" \/><\/p>\n<p><span style=\"color: #339966;\"><strong>Palabras de las autoridades<\/strong><\/span><\/p>\n<p>Durante el acto central de presentaci\u00f3n del concurso literario, el vicegobernador Roberto Gattoni destac\u00f3 el car\u00e1cter federal del certamen y sostuvo que \u201ceste a\u00f1o salimos con el San Juan Escribe a lanzarlo en cada uno de los departamentos de la provincia. Cada diputado departamental\u00a0 va acompa\u00f1ar \u00a0a su intendente junto con el equipo de la C\u00e1mara para realizar la ceremonia de presentaci\u00f3n. Para que los talentos, las figuras de cada departamento se ponga en valor y tenga la oportunidad de expresarse a trav\u00e9s de la literatura\u201d.<\/p>\n<p>Asimismo, record\u00f3 c\u00f3mo surgi\u00f3 esta convocatoria literaria y relat\u00f3 que \u201cen el a\u00f1o 2013 cuando conmemoramos los treinta a\u00f1os de Democracia, algo que fue muy significativo para nosotros, organizamos el primer concurso literario que se denomin\u00f3 \u201c30 a\u00f1os, 30 historias\u201d de la Democracia. Tuvimos una importante participaci\u00f3n, m\u00e1s de 350 personas que hab\u00edan vivido la dictadura o j\u00f3venes que hab\u00edan nacido en democracia. Del certamen realizamos una publicaci\u00f3n con treinta narraciones. Este libro tuvo mucha relevancia y fue el puntapi\u00e9 para la creaci\u00f3n del Fondo Editorial del Poder Legislativo que nos permitir\u00eda publicar trabajos de autores sanjuaninos.\u201d<\/p>\n<p>Seguidamente agreg\u00f3 que \u201ctambi\u00e9n fue el impulso para que en el a\u00f1o 2015 comenzara este concurso literario. Todas estas iniciativas significaron una apertura muy importante de la C\u00e1mara de Diputados a todo el pueblo de San Juan. Estas acciones fueron ideas de quien fue vicegobernador en ese momento, nuestro actual gobernador Sergio U\u00f1ac\u201d.<\/p>\n<p>Por su parte, el diputado departamental Juan Carlos Abarca sostuvo que \u201ceste tipo de actividades que hacen a la grandeza de nuestro pueblo es lo mejor que nos puede pasar. Este concurso da una gran participaci\u00f3n a toda la provincia de San Juan, a cada uno de los departamentos. Que importante es hablar de la descentralizaci\u00f3n y hablar que tenemos una provincia totalmente federal, porque esta es la manera de hacer las cosas, es la mejor manera de reconocer a los pueblos. A veces hay personas que son totalmente an\u00f3nimas y que tienen distintas maneras de escribir o de proyectarse y con este tipo de convocatoria puede tener una oportunidad para dar a conocer sus escritos\u201d.<\/p>\n<p>A su turno, el intendente Jorge Palmero agradeci\u00f3 al vicegobernador por elegir el departamento Albard\u00f3n para realizar el acto central y luego expres\u00f3 \u201cquiero agradecer por esta iniciativa que se lleva a cabo a\u00f1o a a\u00f1o en la provincia. Realmente es una manera de estimular a todos aquellos escritores, en sus distintas disciplinas y formas de expresi\u00f3n de la literatura. Tambi\u00e9n quiero reconocer a todos los literatos, poetas, escritores, la importancia que tienen la forma de transmitir en sus distintas expresiones con sensibilidad a la comunidad, la forma de conmoverlos a trav\u00e9s de la palabra escrita, de reflexionar, sentir, palpitar cada uno de los momentos de la vida cotidiana que llevamos los sanjuaninos\u201d.<\/p>\n<p>De la misma manera dedic\u00f3 unas palabras el coordinador del concurso Mario Zaguirre quien manifest\u00f3 que \u201ces obligaci\u00f3n del San Juan Escribe y de todos en general, alentar esta forma de expresi\u00f3n del arte que nos lleva ampliar los niveles o fronteras de la cultura de San Juan a lo m\u00e1s alto y lejos posible\u201d.<\/p>\n<p><span style=\"color: #339966;\"><strong>Presentaci\u00f3n en Angaco<\/strong><\/span><\/p>\n<p>M\u00e1s tarde, en el SUM -Centro de Jubilados de Angaco,\u00a0 fue llevado a cabo el acto de lanzamiento del certamen San Juan Escribe en el departamento Angaco. En la ocasi\u00f3n, estuvo presente el coordinador del concurso, Mario Zaguirre; el diputado departamental Marcelo Mallea; el director de turismo y cultura del municipio, Claudio L\u00f3pez; concejales; entre otros funcionarios.<\/p>\n<p>En la oportunidad, el diputado Marcelo Mallea agradeci\u00f3 la realizaci\u00f3n de la convocatoria en el departamento y se\u00f1al\u00f3 \u201cen Angaco tenemos un sinf\u00edn de personas que tienen iniciativa e inspiraci\u00f3n de escribir. Estoy a disposici\u00f3n de la C\u00e1mara y desde el municipio nos comprometemos a difundirlos a todos los vecinos para que llegue a cada uno. Yo creo que esto va ser un \u00e9xito\u201d.<\/p>\n<p><strong><span style=\"color: #339966;\">En San Mart\u00edn<\/span><\/strong><\/p>\n<p>Con la presencia del intendente municipal, Cristian Andino y el diputado, Miguel \u00c1ngel S\u00e1nchez, fue lanzado en la Casa de la Historia y la Cultura del departamento, en el marco de una ceremonia que cont\u00f3 con la presencia de algunas personas que concurrieron a participar de este lanzamiento.<\/p>\n<p><strong><span style=\"color: #339966;\">Mayor Informaci\u00f3n<\/span><\/strong><\/p>\n<p>Las bases y condiciones del concurso como as\u00ed tambi\u00e9n para realizar consultas puede acercarse al \u00c1rea de Cultura de cada Municipio. Tambi\u00e9n a trav\u00e9s de la p\u00e1gina web de la C\u00e1mara de Diputados de San Juan <a href=\"http:\/\/www.diputadossanjuan.gob.ar\">http:\/\/www.diputadossanjuan.gob.ar<\/a>\u00a0o por WhatsApp al 264 4844525.<\/p>\n<\/div>\n<p><img loading=\"lazy\" decoding=\"async\" class=\"alignnone wp-image-37179 size-full\" src=\"https:\/\/vocesparalelas.com.ar\/sitio\/wp-content\/uploads\/2021\/04\/CDSJ-CONCURSO-SAN-JUAN-ESCRIBE-02.jpg\" alt=\"\" width=\"800\" height=\"467\" srcset=\"https:\/\/vocesparalelas.com.ar\/sitio\/wp-content\/uploads\/2021\/04\/CDSJ-CONCURSO-SAN-JUAN-ESCRIBE-02.jpg 800w, https:\/\/vocesparalelas.com.ar\/sitio\/wp-content\/uploads\/2021\/04\/CDSJ-CONCURSO-SAN-JUAN-ESCRIBE-02-300x175.jpg 300w, https:\/\/vocesparalelas.com.ar\/sitio\/wp-content\/uploads\/2021\/04\/CDSJ-CONCURSO-SAN-JUAN-ESCRIBE-02-768x448.jpg 768w\" sizes=\"auto, (max-width: 800px) 100vw, 800px\" \/><\/p>\n<p>&nbsp;<\/p>\n","protected":false},"excerpt":{"rendered":"<p>Con nuevas categor\u00edas, importantes galardones y presentaciones oficiales en cada uno de los departamentos de la provincia, fue llevado a<\/p>\n","protected":false},"author":3,"featured_media":37180,"comment_status":"closed","ping_status":"closed","sticky":false,"template":"","format":"video","meta":{"_acf_changed":false,"_seopress_robots_primary_cat":"none","_seopress_titles_title":"","_seopress_titles_desc":"","_seopress_robots_index":"","colormag_page_container_layout":"default_layout","colormag_page_sidebar_layout":"default_layout","footnotes":""},"categories":[8,7],"tags":[],"class_list":["post-37175","post","type-post","status-publish","format-video","has-post-thumbnail","hentry","category-concursos","category-videos","post_format-post-format-video"],"acf":[],"_links":{"self":[{"href":"https:\/\/vocesparalelas.com.ar\/sitio\/wp-json\/wp\/v2\/posts\/37175","targetHints":{"allow":["GET"]}}],"collection":[{"href":"https:\/\/vocesparalelas.com.ar\/sitio\/wp-json\/wp\/v2\/posts"}],"about":[{"href":"https:\/\/vocesparalelas.com.ar\/sitio\/wp-json\/wp\/v2\/types\/post"}],"author":[{"embeddable":true,"href":"https:\/\/vocesparalelas.com.ar\/sitio\/wp-json\/wp\/v2\/users\/3"}],"replies":[{"embeddable":true,"href":"https:\/\/vocesparalelas.com.ar\/sitio\/wp-json\/wp\/v2\/comments?post=37175"}],"version-history":[{"count":2,"href":"https:\/\/vocesparalelas.com.ar\/sitio\/wp-json\/wp\/v2\/posts\/37175\/revisions"}],"predecessor-version":[{"id":37192,"href":"https:\/\/vocesparalelas.com.ar\/sitio\/wp-json\/wp\/v2\/posts\/37175\/revisions\/37192"}],"wp:featuredmedia":[{"embeddable":true,"href":"https:\/\/vocesparalelas.com.ar\/sitio\/wp-json\/wp\/v2\/media\/37180"}],"wp:attachment":[{"href":"https:\/\/vocesparalelas.com.ar\/sitio\/wp-json\/wp\/v2\/media?parent=37175"}],"wp:term":[{"taxonomy":"category","embeddable":true,"href":"https:\/\/vocesparalelas.com.ar\/sitio\/wp-json\/wp\/v2\/categories?post=37175"},{"taxonomy":"post_tag","embeddable":true,"href":"https:\/\/vocesparalelas.com.ar\/sitio\/wp-json\/wp\/v2\/tags?post=37175"}],"curies":[{"name":"wp","href":"https:\/\/api.w.org\/{rel}","templated":true}]}}