{"id":37129,"date":"2021-04-23T00:41:09","date_gmt":"2021-04-23T03:41:09","guid":{"rendered":"http:\/\/vocesparalelas.com.ar\/sitio\/?p=37129"},"modified":"2021-04-23T00:53:53","modified_gmt":"2021-04-23T03:53:53","slug":"aprobaron-la-financiacion-para-poner-en-marcha-el-proyecto-tunel-de-zonda","status":"publish","type":"post","link":"https:\/\/vocesparalelas.com.ar\/sitio\/aprobaron-la-financiacion-para-poner-en-marcha-el-proyecto-tunel-de-zonda\/","title":{"rendered":"Aprobaron la financiaci\u00f3n para poner en marcha el \u201cProyecto T\u00fanel de Zonda\u201d"},"content":{"rendered":"<div class=\"itemFullText jbintrotext\">\n<p>Para ello, la C\u00e1mara de Diputados de San Juan dio acuerdo al mutuo de asistencia financiera con \u00a0el Fondo Fiduciario Federal de Infraestructura Regional quien aportar\u00e1 una suma de aproximadamente cincuenta millones de d\u00f3lares, en el marco de la autorizaci\u00f3n acordada por el art\u00edculo N\u00ba16 de la Ley N\u00b02187-1 del Presupuesto A\u00f1o 2021. Esta iniciativa que permitir\u00e1 refuncionalizar y poner en valor los recursos naturales de la Quebrada de Zonda, obtuvo veintitr\u00e9s votos positivos; y ocho votos negativos que correspondieron a los diputados y diputadas de los bloques Producci\u00f3n y Trabajo, Actuar y PRO-Juntos por el Cambio.\u00a0\u00a0Asimismo, el cuerpo legislativo otorg\u00f3 acuerdo a la modificaci\u00f3n del art\u00edculo 5\u00ba de la Ley Provincial N\u00b0 615-S, para establecer un incremento en la pensi\u00f3n vitalicia de Guerra de Malvinas. Adem\u00e1s, declar\u00f3 por un lado,\u00a0 la tumba de Emar Acosta como Patrimonio Hist\u00f3rico; y por el otro, al mes abril como el \u201cMes de la Concientizaci\u00f3n sobre el Trastorno del Espectro Autista\u201d.<\/p>\n<\/div>\n<div class=\"itemFullText\">\n<p>Tambi\u00e9n, aprob\u00f3 los proyectos sobre la Consolidaci\u00f3n de las leyes sancionadas en el a\u00f1o 2020; el Informe Tribunal de Cuentas del ejercicio 2019; la imposici\u00f3n de nombre a una escuela de Nivel Inicial de Rawson, y la adhesi\u00f3n al decreto sobre medidas de prevenci\u00f3n COVID-19.<\/p>\n<p>Por \u00faltimo, la C\u00e1mara ratific\u00f3\u00a0 nueve convenios referidos al: Plan Nacional Argentina contra el Hambre; la innovaci\u00f3n tecnol\u00f3gica para la competitividad de los sectores productivos; la modernizaci\u00f3n de la Administraci\u00f3n P\u00fablica de la Ciudad de San Juan;\u00a0 Incorporaci\u00f3n de graduados en \u00e1reas de Ciencia y Tecnolog\u00eda; y la implementaci\u00f3n del \u00abPrograma de Apoyo y Acompa\u00f1amiento a Personas de Situaci\u00f3n de Riesgo por Violencia por Motivos de G\u00e9nero\u00bb. Asimismo, diferentes acuerdos firmados por la Secretar\u00eda de Estado de Ciencia, Tecnolog\u00eda e Innovaci\u00f3n con la Municipalidad de la Ciudad de San Juan, la Municipalidad de J\u00e1chal y el Consejo de En\u00f3logos.<\/p>\n<p><span style=\"color: #800080;\"><strong>Financiamiento del Proyecto T\u00fanel de Zonda<\/strong><\/span><\/p>\n<p>El diputado Jorge Barifusa expuso ante la asamblea los fundamentos del convenio de Asistencia Financiera y Adhesi\u00f3n entre el Fondo Fiduciario Federal de Infraestructura Regional\u00a0 y el Gobierno de la Provincia de San Juan, para suscribir a la suma de 49.973.127 d\u00f3lares, m\u00e1s sus intereses, para el financiamiento del Proyecto T\u00fanel de Zonda en el marco del Plan Maestro del Corredor Tur\u00edstico en la Quebrada de Zonda, por el cual ser\u00e1n refuncionalizados y puestos en valor los recursos naturales de dicha zona.<\/p>\n<p><iframe loading=\"lazy\" title=\"Diputado Jorge Barifusa\" width=\"800\" height=\"450\" src=\"https:\/\/www.youtube.com\/embed\/SFrqyLQpVzo?feature=oembed\" frameborder=\"0\" allow=\"accelerometer; autoplay; clipboard-write; encrypted-media; gyroscope; picture-in-picture\" allowfullscreen><\/iframe><\/p>\n<p>En la ocasi\u00f3n, tambi\u00e9n hablaron los legisladores Carlos Jaime Quiroga,\u00a0 Edgardo Sancassani, Juan Carlos Gioja, Horacio Quiroga y Juan Carlos Abarca. Este asunto fue aprobado con veintitr\u00e9s votos positivos; y ocho votos negativos que correspondieron a los diputados y diputadas de los bloques Producci\u00f3n y Trabajo, Actuar y PRO-Juntos por el Cambio.<\/p>\n<p>Durante su explicaci\u00f3n, el legislador Barifusa sostuvo que \u201clas bondades de la referida zona, han llevado a que el actual camino a trav\u00e9s de la quebrada se haya ido convirtiendo en parte fundamental de un circuito cicl\u00edstico cada vez m\u00e1s concurrido, el cual por la estrechez del camino, su sinuosidad, la falta de banquina, y la morfolog\u00eda del terreno, as\u00ed como el flujo de tr\u00e1nsito, particularmente los fines de semana, ha generado una gran cantidad de accidentes entre ciclistas y veh\u00edculos. Para determinar la viabilidad financiera para la concreci\u00f3n del proyecto, se ha buscado una fuente de financiamiento con condiciones favorables para la Provincia, habi\u00e9ndose presentaci\u00f3n ante el Fondo Fiduciario Federal de Infraestructura Regional (FFFIR), las que est\u00e1n plasmadas en el Convenio\u201d.<\/p>\n<p>Otra de las bondades que mencion\u00f3 Barifusa fue a trav\u00e9s del t\u00fanel se van a canalizar todos los servicios fundamentales de la poblaci\u00f3n tanto de Zonda y como de Ullum, como lo son la l\u00ednea de media tensi\u00f3n, el tendido de fibras \u00f3pticas, tuber\u00edas de gas y el tema del acueducto.<\/p>\n<p>Por otro lado, el miembro informante agreg\u00f3 que \u201cesta obra es parte del Plan Estrat\u00e9gico 2030 que consiste en conexi\u00f3n de los departamentos de Zonda y Rivadavia. Y el proyecto comprende dos partes: una es un t\u00fanel de 1070 metros de longitud, perpendicular a lo que va ser la sierra de Marquesado; y segundo la ejecuci\u00f3n de dos caminos, uno para conectar el portal este del t\u00fanel a trav\u00e9s de la ruta provincial N\u00ba 14 en el departamento Rivadavia y el otro por el portal oeste, en el departamento Zonda, que se va a conectar con la ruta provincial N\u00ba 38. Totalizando ambos tramos una longitud de aproximadamente cinco kil\u00f3metros y medio. El t\u00fanel posee un importante desarrollo de ingenier\u00eda\u201d.<\/p>\n<p>Cabe se\u00f1alar que la pretendida Asistencia Financiera se hace en el marco de la autorizaci\u00f3n acordada por el art\u00edculo 16 de la Ley N\u00b02187-1 de Presupuesto A\u00f1o 2021, que faculta al Poder Ejecutivo Provincial, a tramitar aportes provenientes del Tesoro Nacional y\/o contraer obligaciones con el Gobierno de la Naci\u00f3n y\/o acudir a fuentes alternativas de fondos, y\/u otorgar avales y\/o garant\u00edas, con las limitaciones dispuestas por los Programas de Asistencia Financiera, u otro que los sustituyan o reemplacen, aprobados por leyes provinciales, conforme a las condiciones del mercado, con personas f\u00edsicas o jur\u00eddicas que operen legalmente en la Rep\u00fablica Argentina o en el exterior, cuyo objeto social sea posible de concretar, pudiendo garantizar las operaciones con los fondos provenientes del R\u00e9gimen de Coparticipaci\u00f3n Federal de Impuestos (Ley Nacional N\u00b0 23548) o cualquier otro r\u00e9gimen que lo modifique o sustituya, o ceder en pago los fondos antes indicados, cuando el monto del financiamiento no supere el veinte por ciento (20%) del Presupuesto Total de Gastos.<\/p>\n<p>En oposici\u00f3n a este asunto, habl\u00f3 el diputado Carlos Jaime Quiroga quien sostuvo que \u201cdesde nuestro bloque consideramos que la obra es buena y necesaria, siempre hemos acompa\u00f1ado los proyectos que tienen como objeto la modernizaci\u00f3n de la provincia que implican una mejor calidad de vida para los sanjuaninos pero es en este caso en particular que creemos que no solo debemos analizar las bondades de los proyectos sino tambi\u00e9n efectuar un an\u00e1lisis pormenorizado de los criterios de oportunidad, m\u00e9rito y conveniencia de las obras, y es en este punto que entendemos que no es el momento adecuado para que la provincia se comprometa con un pr\u00e9stamo en d\u00f3lares, casi cincuenta millones, comprometiendo a gestiones futuras ya que se pagar\u00edan en diez a\u00f1os y con dos a\u00f1os de gracia. En otro orden estamos en una \u00e9poca complicad\u00edsima desde lo econ\u00f3mico, financiero, social y sobre todo sanitario en Argentina y en nuestra provincia\u201d.<\/p>\n<p>Por su parte, el diputado Edgardo Sancassani defendi\u00f3 el proyecto y explic\u00f3 \u201cc\u00f3mo no vamos acompa\u00f1ar una obra tan importante y tan estrat\u00e9gica que\u00a0 aporta tambi\u00e9n a la salud, estamos viviendo una emergencia y la salud es lo m\u00e1s importante. Este t\u00fanel no solo va a beneficiar a mi departamento sino a toda la provincia de San Juan que compartimos la cuenca del R\u00edo San Juan y provee agua a toda la provincia. Quiero dejar asentado nuestra posici\u00f3n y la de todos los zondinos que ped\u00edamos esta obra porque necesitamos tener gas y una buena se\u00f1al de internet y v\u00edas de acceso importantes porque est\u00e1 colapsada la ruta n\u00ba12\u201d.<\/p>\n<p>A su turno, el parlamentario Juan Carlos Gioja a\u00f1adi\u00f3 que \u201ceste Fondo Fiduciario tiene una aplicaci\u00f3n espec\u00edfica en orden a las obras de infraestructura del interior del pa\u00eds y como tiene este objetivo de financiar obras de infraestructura tiene tasas promocionales y a\u00f1os de gracia en orden a la importancia de construir en la Argentina obras de infraestructura social b\u00e1sica, esto es absolutamente elemental\u201d.<\/p>\n<p>Seguidamente, el legislador Horacio Quiroga manifest\u00f3 que \u201cSan Juan goza desde hace 20 a\u00f1os un proyecto pol\u00edtico que le ha dado progresivamente a los sanjuaninos y sanjuaninas la tranquilidad y una paz social con la concreci\u00f3n en el tiempo de diversos sue\u00f1os de la comunidad, leg\u00edtimamente fundamentados esos sue\u00f1os en la resoluci\u00f3n de las necesidades\u201d y luego destac\u00f3 la planificaci\u00f3n como decisi\u00f3n pol\u00edtica tomada por el gobernador Sergio U\u00f1ac.<\/p>\n<p>Por \u00faltimo, el diputado Juan Carlos Abarca dijo que \u201ceste t\u00fanel va a mejorar la calidad de vida de cada uno de los sanjuaninos con mayor cantidad de agua y tambi\u00e9n para brindar servicio de gas, fibra \u00f3ptica y la gran comunicaci\u00f3n entre vecinos de un lado a otro.\u00a0 A su vez, esto se transforma en un proyecto tur\u00edstico que significa m\u00e1s recursos para la provincia en un futuro. Si bien estamos pasando momentos dif\u00edciles con la pandemia nosotros tenemos que pensar en proyectos para las futuras generaciones, ser\u00eda mezquino estar pensando solo en el momento. Con este proyecto no se trata solamente de hacer un t\u00fanel para que pasen autos sino para que pase algo vital como es el agua, algo important\u00edsimo como es la fibra \u00f3ptica, algo muy bueno y necesario como es el gas natural, tantas cosas importantes para la comunidad. Y con respecto al endeudamiento, hoy en la actualidad tenemos una ley de responsabilidad fiscal que garantiza el pago para las futuras generaciones, porque tenemos una provincia ordenada, porque ha seguido un lineamiento de varios a\u00f1os y que no deja dudas para el pago en el futuro de este endeudamiento\u201d.<\/p>\n<p><span style=\"color: #800080;\"><strong>Incremento en la Pensi\u00f3n de Guerra de Malvinas<\/strong><\/span><\/p>\n<p>Despu\u00e9s, el legislador Juan Carlos Abarca brind\u00f3 los fundamentos del proyecto de Ley que establece la modificaci\u00f3n del art\u00edculo 5\u00ba de la Ley Provincial N\u00b0 615-S sobre beneficios a favor de los veteranos de guerra. Este asunto fue aprobado por unanimidad y de esta manera fue autorizado el incremento de la pensi\u00f3n vitalicia de guerra desde abril de 2021, con la finalidad de atender los requerimientos que surgen de las necesidades de los Veteranos de Guerra de Malvinas y sus familias, y con el objetivo fundamental de atenuar las secuelas provocadas por el conflicto b\u00e9lico.<\/p>\n<p><iframe loading=\"lazy\" title=\"Diputada Fernanda Paredes\" width=\"800\" height=\"450\" src=\"https:\/\/www.youtube.com\/embed\/7Sxgg3ojCLo?feature=oembed\" frameborder=\"0\" allow=\"accelerometer; autoplay; clipboard-write; encrypted-media; gyroscope; picture-in-picture\" allowfullscreen><\/iframe><\/p>\n<p>La modificaci\u00f3n qued\u00f3 redactada de la siguiente manera:<\/p>\n<p>\u00abART\u00cdCULO 5\u00b0.-Conc\u00e9dase a los veteranos de Guerra de Malvinas que cumplan con los requisitos establecidos por esta Ley, conforme las atribuciones previstas en el Art\u00edculo 150, Inciso 11) de la Constituci\u00f3n Provincial, una pensi\u00f3n vitalicia equivalente al ciento cuarenta por ciento (140%) de una asignaci\u00f3n de la categor\u00eda 24 del Escalaf\u00f3n del Empleado P\u00fablico Provincial, que se denominar\u00e1 Pensi\u00f3n de Guerra de Malvinas, a partir del mes de abril del a\u00f1o 2021, debiendo consignarse en esta forma las solicitudes, recibos y credenciales. Exti\u00e9ndase el beneficio anteriormente previsto a los causahabientes en caso de fallecimiento del titular, los que deber\u00e1n acreditar fehacientemente su v\u00ednculo, conforme lo determina el Art\u00edculo 53\u00ba de la Ley Nacional N\u00b024241 y sus modificatorias. A partir del mes de abril del ario 2022, la pensi\u00f3n vitalicia ser\u00e1 equivalente al ciento sesenta por ciento (160%) de una asignaci\u00f3n de la categor\u00eda 24 del Escalaf\u00f3n del Empleado P\u00fablico Provincial.\u00bb<\/p>\n<p><span style=\"color: #800080;\"><strong>Declaraci\u00f3n de la tumba de Emar Acosta como Patrimonio Hist\u00f3rico<\/strong><\/span><\/p>\n<p>Por otro lado, \u00a0el cuerpo legislativo aprob\u00f3 el proyecto de Ley de autor\u00eda de la diputada Celina Ramella, del bloque Justicialista, que declara como Monumento Conmemorativo dentro del Patrimonio Hist\u00f3rico de la provincia de San Juan, a la tumba donde yacen los restos de Emar Acosta.<\/p>\n<p><iframe loading=\"lazy\" title=\"Diputada Celina Ramella\" width=\"800\" height=\"450\" src=\"https:\/\/www.youtube.com\/embed\/KFFK1KXTmK0?feature=oembed\" frameborder=\"0\" allow=\"accelerometer; autoplay; clipboard-write; encrypted-media; gyroscope; picture-in-picture\" allowfullscreen><\/iframe><\/p>\n<p>De esta manera, el presente proyecto establece la incorporaci\u00f3n a la Ley 411-F, de los art\u00edculos 186, 187 y 188 que quedar\u00e1n redactados de la siguiente manera:<\/p>\n<p>\u201cTUMBA DE EMAR ACOSTA ART\u00cdCULO 186.- Se declara, en los t\u00e9rminos de la Ley N\u00b0 571-F, bien integrante del Patrimonio Hist\u00f3rico de la Provincia de San Juan, la tumba donde yacen los restos de Emar Acosta, primera diputada sanjuanina, argentina y latinoamericana, que se encuentra ubicada en el Cuartel 1\u00b0, Manzana 7a, Columna 437 del Cementerio de la Capital\u201d.<\/p>\n<p>\u201cART\u00cdCULO 187.- Se\u00a0 designa a la tumba, como Lugar Natural e Hist\u00f3rico Provincial \u00abSolar Hist\u00f3rico\u00bben los t\u00e9rminos del inciso B) apartado 2, art\u00edculo 4\u00ba de la Ley N\u00ba 571-F.<\/p>\n<p>\u201cART\u00cdCULO 188.- El Ministerio de Turismo y Cultura de la Provincia o quien lo reemplace en el futuro, tendr\u00e1 a su cargo la promoci\u00f3n del lugar como sitio de inter\u00e9s hist\u00f3rico, tur\u00edstico y cultural\u201d.<\/p>\n<p><span style=\"color: #800080;\"><strong>Declaraci\u00f3n del mes de la Concientizaci\u00f3n sobre el Trastorno del Espectro Autista<\/strong><\/span><\/p>\n<p>Tambi\u00e9n, los diputados y diputadas otorgaron acuerdo, sobre tablas, al proyecto de Ley presentado por la diputada Florencia Pe\u00f1aloza del bloque CONFE Somos San Juan, por el que declara Abril como el mes de la \u201cConcientizaci\u00f3n sobre el Trastorno del Espectro Autista (TEA)\u201d, a los fines de concientizar, fomentar y difundir todo lo necesario para lograr una comprensi\u00f3n social e inclusiva familiar de este trastorno. \u00abEl eje fundamental que nos tiene que mover como sociedad es pensar que somos todos distintos pero iguales y en base a eso empezar a dejar de mirar a un costado y empezar a mirar al frente para revertir un mont\u00f3n de barreras y actuar en consecuencia, visibilizar un mont\u00f3n de cosas para lograr una sociedad accesible e inclusiva que todos queremos y por la cual trabajamos d\u00eda a d\u00eda. Hoy una detecci\u00f3n precoz y un tratamiento en una persona con autismo determina su calidad de vida y su futuro\u00bb, expres\u00f3 la diputada Pe\u00f1aloza durante la exposici\u00f3n de sus argumentos.<\/p>\n<p><span style=\"color: #800080;\"><strong>Plan Nacional Argentina contra el Hambre<\/strong><\/span><\/p>\n<p>Tras la exposici\u00f3n del diputado Federico Hensel como miembro informante del convenio de Ejecuci\u00f3n Plan Nacional Argentina Contra el Hambre, el cuerpo legislativo decidi\u00f3 por unanimidad ratificarlo.<\/p>\n<p>El presente acuerdo fue suscripto el 10 de diciembre de 2020, entre la Secretar\u00eda de Inclusi\u00f3n Social del Ministerio de Desarrollo Social de la Naci\u00f3n y el Ministerio de Desarrollo Humano y Promoci\u00f3n Social de la Provincia de San Juan. Tiene como objeto financiar acciones tendientes a garantizar la seguridad alimentaria de personas en condiciones de vulnerabilidad social mediante la entrega de cuarenta y dos mil trescientos siete (42.307) m\u00f3dulos alimentarios, durante un periodo de tres meses. En este sentido, la Secretaria de Inclusi\u00f3n Social del Ministerio de Desarrollo Social de la Naci\u00f3n otorga al Ministerio de Desarrollo Humano y Promoci\u00f3n Social de San Juan, un subsidio no reintegrable de cincuenta y cuatro millones novecientos noventa y nueve mil cien pesos ($ 54.999.100,00) destinado a financiar la adquisici\u00f3n de Alimentos Secos y Frescos para cubrir las Prestaciones Alimentarias.<\/p>\n<p><span style=\"color: #800080;\"><strong>Innovaci\u00f3n tecnol\u00f3gica para la competitividad de los sectores productivos<\/strong><\/span><\/p>\n<p>Luego, el diputado Horacio Quiroga fue el encargado de exponer los argumentos del Convenio Marco de Cooperaci\u00f3n y Asistencia, suscripto el 30 de octubre de 2020, entre la Secretar\u00eda de Estado de Ciencia, Tecnolog\u00eda e Innovaci\u00f3n, representada por su titular Tulio Abel Del Bono y la \u00abAgencia Calidad San Juan SEM\u00bb, representada en este acto por su presidente, Eduardo D&#8217;Anna.<\/p>\n<p>La C\u00e1mara otorg\u00f3 conformidad a este acuerdo que tiene como finalidad establecer canales de comunicaci\u00f3n y colaboraci\u00f3n con el objetivo de crear herramientas de fomento de la competitividad en sectores productivos a trav\u00e9s de la promoci\u00f3n e innovaci\u00f3n tecnol\u00f3gica, en el marco de posibles proyectos y programas de cada una de las partes intervinientes.<\/p>\n<p>En este sentido las partes se comprometen a impulsar un amplio intercambio profesional, a brindarse mutuo apoyo, a integrar grupos de trabajo para realizar acciones de inter\u00e9s com\u00fan y a poner a disposici\u00f3n conocimientos tecnol\u00f3gicos, econ\u00f3micos y financieros de propiedad de cada una de las partes.<\/p>\n<p><span style=\"color: #800080;\"><strong>Modernizaci\u00f3n de la Administraci\u00f3n P\u00fablica de la Ciudad de San Juan<\/strong><\/span><\/p>\n<p>A continuaci\u00f3n, los legisladores sancionaron el proyecto de Ley remitido por el\u00a0 Poder Ejecutivo, mediante mensaje n\u00ba 04, que aprueba en todas sus partes el Convenio de Colaboraci\u00f3n mutua entre el Ministerio de Hacienda y Finanzas y la Municipalidad de la Ciudad de San Juan, suscripto el 22 de octubre de 2020, entre el Ministerio de Hacienda Y Finanzas y la Municipalidad de la Ciudad de San Juan. La explicaci\u00f3n de sus fundamentos fue brindada por el diputado Rodolfo Jalife, quien se\u00f1al\u00f3 que el presente acuerdo tiene por objeto esencial la cooperaci\u00f3n y vinculaci\u00f3n interinstitucional, ejecutando acciones de colaboraci\u00f3n para desarrollar eficazmente y con el soporte de las nuevas tecnolog\u00edas, las tareas que les son propias, en el \u00e1mbito de sus respectivas jurisdicciones y competencias, en el marco de la pol\u00edtica de Modernizaci\u00f3n de la Administraci\u00f3n P\u00fablica Provincial y Municipal, prest\u00e1ndose asistencia material, t\u00e9cnica, instrumental y humana que se requieran.<\/p>\n<p>Cabe se\u00f1alar que dicha cooperaci\u00f3n se fundamente en el hecho de que la Ley N\u00b0 1483-A autoriz\u00f3 la utilizaci\u00f3n de expedientes, documentos, usuarios, notificaci\u00f3n, comunicaciones y domicilios electr\u00f3nicos, constituidos en todo tipo de actuaciones, procedimientos y procesos de cualquier naturaleza, que tramitan ante los Poderes Ejecutivo, Legislativo, Judicial y los Organismos de la Constituci\u00f3n Provincial, con id\u00e9ntica eficacia jur\u00eddica y valor probatorio que sus equivalentes convencionales. Y el Ministerio de Hacienda y Finanzas est\u00e1 facultado, en el marco del inciso 6 del art\u00edculo 190 de la Ley N\u00b0 1101-A, a entender en lo atinente a la Modernizaci\u00f3n del estado en todo el \u00e1mbito de la Administraci\u00f3n P\u00fablica Provincial, participando en la gesti\u00f3n de las acciones relacionadas a la tecnolog\u00eda; asimismo, entiende en todo lo relacionado a programas y proyectos vinculados a la Gesti\u00f3n P\u00fablica, a efectos de promover calidad, transparencia, eficiencia, eficacia y satisfacci\u00f3n del ciudadano.<\/p>\n<p><span style=\"color: #800080;\"><strong>Incorporaci\u00f3n de graduados en \u00e1reas de Ciencia y Tecnolog\u00eda<\/strong><\/span><\/p>\n<p>Asimismo, otorgaron acuerdo al proyecto de Ley remitido por el Poder Ejecutivo, mediante mensaje n\u00ba 20, que ratifica el Convenio de Subvenci\u00f3n y Anexo I, suscripto el 26 de agosto de 2020, entre el Ministerio de Ciencia, Tecnolog\u00eda e Innovaci\u00f3n Productiva de la Naci\u00f3n, la Secretar\u00eda de Estado de Ciencia, Tecnolog\u00eda e Innovaci\u00f3n de la Provincia de San Juan, como beneficiaria del Programa VITEF, y la Universidad Cat\u00f3lica de Cuyo en su car\u00e1cter de Unidad de Vinculaci\u00f3n Tecnol\u00f3gica.<\/p>\n<p>Este punto del orden del d\u00eda fue fundamentado por la diputada Fernanda Paredes, quien explic\u00f3 que la finalidad del presente acuerdo consiste en profundizar y complementar la incorporaci\u00f3n de graduados en el desarrollo de tareas de vinculaci\u00f3n tecnol\u00f3gica, formulaci\u00f3n de proyectos y desarrollo de planes de negocios en las \u00e1reas de Ciencia y Tecnolog\u00eda; adem\u00e1s impulsar la realizaci\u00f3n de asesoramiento orientado a la integraci\u00f3n de buenas pr\u00e1cticas y conocimiento de instrumentos de transferencia y vinculaci\u00f3n tecnol\u00f3gica, tanto a nivel nacional como internacional.<\/p>\n<p><span style=\"color: #800080;\"><strong>Convenio con el Ministerio de las Mujeres, G\u00e9neros y Diversidad<\/strong><\/span><\/p>\n<p>M\u00e1s adelante, la legisladora Graciela Seva fue la encargada de brindar los argumentos del Convenio Marco de Asistencia y Cooperaci\u00f3n Rec\u00edproca y su Acta Complementaria N\u00b0 1, celebrados entre el Ministerio de las Mujeres, G\u00e9neros y Diversidad, representado por la ministra Elizabeth Victoria G\u00f3mez Alcorta, y la Provincia de San Juan, representada por el gobernador Sergio U\u00f1ac, suscripto el 13 de octubre de 2020.<\/p>\n<p>Este acuerdo result\u00f3 aprobado por la C\u00e1mara y tiene por objeto articular acciones tendientes a desarrollar en forma conjunta o en cooperaci\u00f3n programas o proyectos en materia de pol\u00edticas de g\u00e9nero, igualdad, diversidad, prevenci\u00f3n y atenci\u00f3n de situaciones de violencia por razones de g\u00e9nero, en funci\u00f3n de las capacidades y competencias propias, sin perjuicio de otro tipo de actividades que puedan llevarse a cabo en \u00e1reas de mutuo inter\u00e9s.<\/p>\n<p>Asimismo, el Acta Complementaria N\u00b0 1 antes mencionado tiene por objeto definir los mecanismos de articulaci\u00f3n interinstitucional para la implementaci\u00f3n del \u00abPrograma de Apoyo y Acompa\u00f1amiento a Personas e Situaci\u00f3n de Riesgo por Violencia por Motivos de G\u00e9nero\u00bb (ACOMPA\u00d1AR), creado por el Poder ejecutivo Nacional mediante el Decreto N\u00b0 734 de fecha 08 de septiembre de 2020, a fin de promover la autonom\u00eda de las mujeres y LGBTI+ que se encuentran en riesgo acreditado por situaci\u00f3n de violencia por motivos de g\u00e9nero, mediante el otorgamiento de una prestaci\u00f3n econ\u00f3mica y del fortalecimiento de redes de acompa\u00f1amiento, destinado a cubrir los gastos esenciales de organizaci\u00f3n y desarrollo de un proyecto de vida aut\u00f3nomo y libre de violencias.<\/p>\n<p><span style=\"color: #800080;\"><strong>Cooperaci\u00f3n mutua entre la Municipalidad de la Ciudad de San Juan y la Secretar\u00eda de Ciencia<\/strong><\/span><\/p>\n<p>Seguidamente, los diputados y diputadas consideraron y otorgaron acuerdo al proyecto de Ley presentado por el Poder Ejecutivo, mediante mensaje n\u00ba 28, que aprueba en todas sus partes el Convenio Marco de Cooperaci\u00f3n, suscripto el 30 de julio de 2020, entre la Secretar\u00eda de Estado de Ciencia, Tecnolog\u00eda e Innovaci\u00f3n y la Municipalidad de la Ciudad de San Juan.<\/p>\n<p>El legislador Silvio Atencio fue el miembro informante de este asunto y expuso que tiene por finalidad la reciproca asistencia y cooperaci\u00f3n en todos aquellos aspectos que tengan relaci\u00f3n directa con actividades y fines propios de los organismo, sean de car\u00e1cter t\u00e9cnicos, social, productivos y de todos aquellos que tengan por objeto el desarrollo organizado y sistem\u00e1tico de sus objetivos.<\/p>\n<p><span style=\"color: #800080;\"><strong>Convenio entre el Consejo de En\u00f3logos y la Secretar\u00eda de Ciencia<\/strong><\/span><\/p>\n<p>M\u00e1s tarde, abordaron y aprobaron otro proyecto de Ley remitido por el Poder Ejecutivo, mediante mensaje n\u00ba 29, que ratifica el Convenio Marco de Cooperaci\u00f3n, suscripto el 10 de noviembre de 2020, entre la Secretar\u00eda de Estado de Ciencia, Tecnolog\u00eda e Innovaci\u00f3n del Gobierno de San Juan (SECITI), representada por su titular Tulio Abel Del Bono y el Consejo Profesional de En\u00f3logos de San Juan, representada en este acto por su presidente, Pedro Pelegrina.<\/p>\n<p>En esta ocasi\u00f3n, habl\u00f3 el diputado Gast\u00f3n Berenguer quien explic\u00f3 que la finalidad de este acuerdo consiste en establecer canales de comunicaci\u00f3n y colaboraci\u00f3n con el objetivo de crear herramientas de fomento de la competitividad en sectores productivos a trav\u00e9s de la promoci\u00f3n e innovaci\u00f3n tecnol\u00f3gica, en el marco de posibles proyectos y programas de cada una de las partes intervinientes.<\/p>\n<p><span style=\"color: #800080;\"><strong>Asistencia rec\u00edproca entre J\u00e1chal y la Secretar\u00eda de Estado de Ciencia<\/strong><\/span><\/p>\n<p>Luego, el cuerpo parlamentario ratific\u00f3 en todas sus partes el Convenio Marco de Cooperaci\u00f3n, suscripto el 22 de septiembre de 2020, entre la Secretar\u00eda de Estado de Ciencia, Tecnolog\u00eda e Innovaci\u00f3n del Gobierno de San Juan, y la Municipalidad de J\u00e1chal. El encargado de exponer los fundamentos de este asunto fue el diputado Jorge Barifusa, quien se\u00f1al\u00f3 que tienen la finalidad de brindar reciproca asistencia y cooperaci\u00f3n en todos aquellos aspectos que tengan relaci\u00f3n directa con actividades y fines propios de los organismos, sean de car\u00e1cter t\u00e9cnico, social, productivo y de todos aquellos que tengan por objeto el desarrollo organizado y sistem\u00e1tico de sus objetivos.<\/p>\n<p><span style=\"color: #800080;\"><strong>Consolidaci\u00f3n de las leyes sancionadas en el a\u00f1o 2020<\/strong><\/span><\/p>\n<p>Posteriormente, en virtud del art\u00edculo 18\u00ba de la Ley N\u00b0 1260-E, la C\u00e1mara de Diputados aprob\u00f3 en esta segunda sesi\u00f3n ordinaria, el proyecto de consolidaci\u00f3n que comprende todas las leyes aprobadas en el per\u00edodo legislativo 01\/01\/2020 hasta el 31\/12\/2020, elaborado por el Departamento de Digesto Jur\u00eddico.<\/p>\n<p>En esta oportunidad, habl\u00f3 la diputada Marcela Monti, quien remarc\u00f3 que en el ordenamiento jur\u00eddico provincial solo existe una ley de consolidaci\u00f3n identificada bajo el N\u00b0 1260-E. No obstante, dicha norma se actualiza anualmente, luego de un proceso de consolidaci\u00f3n que comprende el relevamiento y an\u00e1lisis normativo de las leyes sancionadas y publicadas, an\u00e1lisis documental y epistemol\u00f3gico.<\/p>\n<p><span style=\"color: #800080;\"><strong>Informe Tribunal de Cuentas<\/strong><\/span><\/p>\n<p>Seguidamente, \u00a0el diputado Rodolfo Jalife explic\u00f3 los fundamentos del informe de Auditoria Cuenta General de Tribunal de Cuentas de la provincia de San Juan del ejercicio 2019 y el cuerpo legislativo otorg\u00f3 conformidad total.<\/p>\n<p><span style=\"color: #800080;\"><strong>Imposici\u00f3n de nombre a una escuela de Nivel Inicial de Rawson<\/strong><\/span><\/p>\n<p>A continuaci\u00f3n, los parlamentarios aprobaron el proyecto de Ley de autor\u00eda de la diputada Graciela Seva y los diputados Juan Carlos Gioja y Leonardo Gioja del bloque Justicialista, que impone el nombre \u00abEl Jard\u00edn de Francesco\u00bb a la Escuela de Nivel Inicial, E.N.I. N\u00b042, ubicado en calles Chacabuco y Juan de Dios Jofr\u00e9 sin n\u00famero, Barrio San Ricardo del departamento Rawson. En esta ocasi\u00f3n, el diputado Juan Carlos Gioja fue el encargado de brindar los argumentos de elecci\u00f3n del nombre de la instituci\u00f3n.<\/p>\n<p><span style=\"color: #800080;\"><strong>Adhesi\u00f3n al decreto sobre medidas de prevenci\u00f3n COVID-19<\/strong><\/span><\/p>\n<p>Asimismo, la C\u00e1mara de Diputados aprob\u00f3 la comunicaci\u00f3n oficial remitida por el Poder Ejecutivo, mediante mensaje n\u00ba42, por la que da noticia de la sanci\u00f3n de la Ley de Necesidad y Urgencia N\u00ba 2205-P por el que adhiere al DECNU 235-2021-APN-PTE sobre medidas generales de prevenci\u00f3n en el marco de la pandemia por COVID-19.<\/p>\n<p>Sobre este asunto, habl\u00f3 el diputado Gustavo Rodr\u00edguez quien aclar\u00f3 que la adhesi\u00f3n establecida es en forma parcial y de acuerdo a las condiciones sanitarias provinciales y la delegaci\u00f3n de facultades de naci\u00f3n a provincia. En la oportunidad record\u00f3 cada una de las medidas sanitarias vigentes en San Juan.<\/p>\n<p><span style=\"color: #800080;\"><strong>Saludos por el D\u00eda del trabajador de la Construcci\u00f3n y del Trabajador en general<\/strong><\/span><\/p>\n<p>Una vez finalizado el tratamiento de todos los asuntos del orden del d\u00eda, el diputado Eduardo Cabello solicit\u00f3 la palabra para expresar un especial saludo por el D\u00eda del Trabajador de la Construcci\u00f3n\u00a0 que se celebra cada 22 de abril de acuerdo a lo establecido en el Art. 19 del Convenio Colectivo de Trabajo 76\/75.<\/p>\n<p>Por otra parte, emiti\u00f3 un emotivo mensaje para todo el personal legislativo y los trabajadores y trabajadoras en general por el D\u00eda Internacional del Trabajador a conmemorarse el 1\u00ba de mayo.<\/p>\n<\/div>\n<p>&nbsp;<\/p>\n","protected":false},"excerpt":{"rendered":"<p>Para ello, la C\u00e1mara de Diputados de San Juan dio acuerdo al mutuo de asistencia financiera con \u00a0el Fondo Fiduciario<\/p>\n","protected":false},"author":3,"featured_media":37131,"comment_status":"closed","ping_status":"closed","sticky":false,"template":"","format":"video","meta":{"_acf_changed":false,"_seopress_robots_primary_cat":"none","_seopress_titles_title":"","_seopress_titles_desc":"","_seopress_robots_index":"","colormag_page_container_layout":"default_layout","colormag_page_sidebar_layout":"default_layout","footnotes":""},"categories":[1,7],"tags":[],"class_list":["post-37129","post","type-post","status-publish","format-video","has-post-thumbnail","hentry","category-destacadas","category-videos","post_format-post-format-video"],"acf":[],"_links":{"self":[{"href":"https:\/\/vocesparalelas.com.ar\/sitio\/wp-json\/wp\/v2\/posts\/37129","targetHints":{"allow":["GET"]}}],"collection":[{"href":"https:\/\/vocesparalelas.com.ar\/sitio\/wp-json\/wp\/v2\/posts"}],"about":[{"href":"https:\/\/vocesparalelas.com.ar\/sitio\/wp-json\/wp\/v2\/types\/post"}],"author":[{"embeddable":true,"href":"https:\/\/vocesparalelas.com.ar\/sitio\/wp-json\/wp\/v2\/users\/3"}],"replies":[{"embeddable":true,"href":"https:\/\/vocesparalelas.com.ar\/sitio\/wp-json\/wp\/v2\/comments?post=37129"}],"version-history":[{"count":1,"href":"https:\/\/vocesparalelas.com.ar\/sitio\/wp-json\/wp\/v2\/posts\/37129\/revisions"}],"predecessor-version":[{"id":37132,"href":"https:\/\/vocesparalelas.com.ar\/sitio\/wp-json\/wp\/v2\/posts\/37129\/revisions\/37132"}],"wp:featuredmedia":[{"embeddable":true,"href":"https:\/\/vocesparalelas.com.ar\/sitio\/wp-json\/wp\/v2\/media\/37131"}],"wp:attachment":[{"href":"https:\/\/vocesparalelas.com.ar\/sitio\/wp-json\/wp\/v2\/media?parent=37129"}],"wp:term":[{"taxonomy":"category","embeddable":true,"href":"https:\/\/vocesparalelas.com.ar\/sitio\/wp-json\/wp\/v2\/categories?post=37129"},{"taxonomy":"post_tag","embeddable":true,"href":"https:\/\/vocesparalelas.com.ar\/sitio\/wp-json\/wp\/v2\/tags?post=37129"}],"curies":[{"name":"wp","href":"https:\/\/api.w.org\/{rel}","templated":true}]}}