{"id":37126,"date":"2021-04-23T00:18:58","date_gmt":"2021-04-23T03:18:58","guid":{"rendered":"http:\/\/vocesparalelas.com.ar\/sitio\/?p=37126"},"modified":"2021-04-26T22:59:01","modified_gmt":"2021-04-27T01:59:01","slug":"vacunacion-contra-el-covid-19-para-docentes-dai","status":"publish","type":"post","link":"https:\/\/vocesparalelas.com.ar\/sitio\/vacunacion-contra-el-covid-19-para-docentes-dai\/","title":{"rendered":"Vacunaci\u00f3n contra el COVID-19 para Docentes DAI"},"content":{"rendered":"<p>El Ministerio de Salud del Gobierno de San Juan abre la convocatoria para nuevos grupos de vacunaci\u00f3n que se encuentran establecidos dentro del grupo estrat\u00e9gico que contempla el Plan provincial de Vacunaci\u00f3n.<\/p>\n<p>Los Docentes de Apoyo a la Inclusi\u00f3n\u2013 DAI deber\u00e1n inscribirse a partir de ma\u00f1ana viernes 23 de abril en el portal de<a href=\"https:\/\/sisanjuan.gob.ar\/sisanjuan\/vacunacionsanjuan\"> sisanjuan\/vacunacionsanjuan<\/a>, teniendo en cuenta que se podr\u00e1n registrar las personas que figuren en el listado proporcionado por el Ministerio de Desarrollo Humano.<\/p>\n<p>La inoculaci\u00f3n se realizar\u00e1 a partir del Lunes, 26 de Abril, y los inscriptos deben esperar a que les llegue un mensaje de texto con el d\u00eda, el lugar y la hora donde se deben ir a vacunar.<\/p>\n<p>Se recuerda que hay alrededor de 260 DAI en la provincia, que tienen a su cargo una actividad fundamental que es la de brindar apoyo y contenci\u00f3n a los ni\u00f1os y adolescentes con discapacidad en el \u00e1mbito educativo.<\/p>\n<p>Se recomienda que si tiene dificultades para la inscripci\u00f3n, le solicite ayuda a un familiar para completar el formulario.<\/p>\n<p><span style=\"color: #ff0000;\"><strong>Requisitos:<\/strong> (posterior a la obtenci\u00f3n del turno)<\/span><\/p>\n<ul>\n<li>Al momento de vacunarse deben presentar la constancia del turno<\/li>\n<li>Llevar DNI<\/li>\n<li>Presentar certificado de la escuela donde cumple funciones<\/li>\n<li>No tener s\u00edntomas<\/li>\n<li>No se vacunar\u00e1 a personas sin turno y sin la constancia de actividad.<\/li>\n<\/ul>\n<p>&nbsp;<\/p>\n<p>&nbsp;<\/p>\n","protected":false},"excerpt":{"rendered":"<p>El Ministerio de Salud del Gobierno de San Juan abre la convocatoria para nuevos grupos de vacunaci\u00f3n que se encuentran<\/p>\n","protected":false},"author":3,"featured_media":33965,"comment_status":"closed","ping_status":"closed","sticky":false,"template":"","format":"standard","meta":{"_acf_changed":false,"_seopress_robots_primary_cat":"none","_seopress_titles_title":"","_seopress_titles_desc":"","_seopress_robots_index":"","colormag_page_container_layout":"default_layout","colormag_page_sidebar_layout":"default_layout","footnotes":""},"categories":[6],"tags":[],"class_list":["post-37126","post","type-post","status-publish","format-standard","has-post-thumbnail","hentry","category-eventos"],"acf":[],"_links":{"self":[{"href":"https:\/\/vocesparalelas.com.ar\/sitio\/wp-json\/wp\/v2\/posts\/37126","targetHints":{"allow":["GET"]}}],"collection":[{"href":"https:\/\/vocesparalelas.com.ar\/sitio\/wp-json\/wp\/v2\/posts"}],"about":[{"href":"https:\/\/vocesparalelas.com.ar\/sitio\/wp-json\/wp\/v2\/types\/post"}],"author":[{"embeddable":true,"href":"https:\/\/vocesparalelas.com.ar\/sitio\/wp-json\/wp\/v2\/users\/3"}],"replies":[{"embeddable":true,"href":"https:\/\/vocesparalelas.com.ar\/sitio\/wp-json\/wp\/v2\/comments?post=37126"}],"version-history":[{"count":1,"href":"https:\/\/vocesparalelas.com.ar\/sitio\/wp-json\/wp\/v2\/posts\/37126\/revisions"}],"predecessor-version":[{"id":37128,"href":"https:\/\/vocesparalelas.com.ar\/sitio\/wp-json\/wp\/v2\/posts\/37126\/revisions\/37128"}],"wp:featuredmedia":[{"embeddable":true,"href":"https:\/\/vocesparalelas.com.ar\/sitio\/wp-json\/wp\/v2\/media\/33965"}],"wp:attachment":[{"href":"https:\/\/vocesparalelas.com.ar\/sitio\/wp-json\/wp\/v2\/media?parent=37126"}],"wp:term":[{"taxonomy":"category","embeddable":true,"href":"https:\/\/vocesparalelas.com.ar\/sitio\/wp-json\/wp\/v2\/categories?post=37126"},{"taxonomy":"post_tag","embeddable":true,"href":"https:\/\/vocesparalelas.com.ar\/sitio\/wp-json\/wp\/v2\/tags?post=37126"}],"curies":[{"name":"wp","href":"https:\/\/api.w.org\/{rel}","templated":true}]}}