{"id":37120,"date":"2021-04-23T00:10:50","date_gmt":"2021-04-23T03:10:50","guid":{"rendered":"http:\/\/vocesparalelas.com.ar\/sitio\/?p=37120"},"modified":"2021-04-24T23:51:11","modified_gmt":"2021-04-25T02:51:11","slug":"comienza-la-inscripcion-para-la-vacunacion-contra-el-covid-19-para-personas-entre-18-y-59-anos-con-comorbilidades","status":"publish","type":"post","link":"https:\/\/vocesparalelas.com.ar\/sitio\/comienza-la-inscripcion-para-la-vacunacion-contra-el-covid-19-para-personas-entre-18-y-59-anos-con-comorbilidades\/","title":{"rendered":"Comienza la inscripci\u00f3n para la vacunaci\u00f3n contra el COVID-19 para personas entre 18 y 59 a\u00f1os con comorbilidades"},"content":{"rendered":"<p>El Ministerio de Salud P\u00fablica del Gobierno de San Juan ha incorporado a la inmunizaci\u00f3n contra el COVID-19 a las personas de entre 18 y 59 a\u00f1os con comorbilidades, quienes podr\u00e1n inscribirse ingresando a partir del viernes 23 en la p\u00e1gina sisanjuan\/vacunacionsanjuan, para obtener un turno.<\/p>\n<p>La confirmaci\u00f3n de ese turno se har\u00e1 mediante mensaje de texto con el d\u00eda, hora y centro de vacunaci\u00f3n designado.<\/p>\n<p><strong>La vacunaci\u00f3n de este grupo comienza el Lunes, 26 de Abril, de 8 a 13 hs.<\/strong><\/p>\n<p>Este grupo de riesgo comprende a las personas con los siguientes diagn\u00f3sticos:<\/p>\n<ul>\n<li>Diabetes (insulinodependiente y no insulinodependiente).<\/li>\n<li>Obesidad grado 2 (\u00edndice de masa corporal -IMC- mayor a 35) y grado 3 (IMC mayor a 40).<\/li>\n<li>Enfermedad cardiovascular.<\/li>\n<li>Enfermedad renal cr\u00f3nica, incluidos pacientes en di\u00e1lisis cr\u00f3nica.<\/li>\n<li>Enfermedad respiratoria cr\u00f3nica.<\/li>\n<li>Cirrosis; personas que viven con VIH independientemente del recuento de CD4 y niveles de carga viral.<\/li>\n<li>Pacientes en lista de espera para trasplante de \u00f3rganos s\u00f3lidos.<\/li>\n<li>Trasplantados de \u00f3rganos s\u00f3lidos.<\/li>\n<li>Personas con discapacidad, residentes de hogares, residencias y peque\u00f1os hogares.<\/li>\n<\/ul>\n<p>Se recomienda que las personas que tengan dificultades para la inscripci\u00f3n, soliciten ayuda a un familiar para completar el formulario.<\/p>\n<p><span style=\"color: #ff0000;\"><strong>Requisitos: (posterior a la obtenci\u00f3n del turno)<\/strong><\/span><\/p>\n<ul>\n<li>Al momento de vacunarse, presentar la constancia del turno.<\/li>\n<li>Llevar DNI.<\/li>\n<li>No presentar s\u00edntomas.<\/li>\n<li>Llevar indicaci\u00f3n m\u00e9dica que acredite la patolog\u00eda.<\/li>\n<li>No se vacunar\u00e1 a personas sin turno y sin indicaci\u00f3n m\u00e9dica que certifique la patolog\u00eda.<\/li>\n<\/ul>\n","protected":false},"excerpt":{"rendered":"<p>El Ministerio de Salud P\u00fablica del Gobierno de San Juan ha incorporado a la inmunizaci\u00f3n contra el COVID-19 a las<\/p>\n","protected":false},"author":3,"featured_media":33966,"comment_status":"closed","ping_status":"closed","sticky":false,"template":"","format":"standard","meta":{"_acf_changed":false,"_seopress_robots_primary_cat":"none","_seopress_titles_title":"","_seopress_titles_desc":"","_seopress_robots_index":"","colormag_page_container_layout":"default_layout","colormag_page_sidebar_layout":"default_layout","footnotes":""},"categories":[6],"tags":[],"class_list":["post-37120","post","type-post","status-publish","format-standard","has-post-thumbnail","hentry","category-eventos"],"acf":[],"_links":{"self":[{"href":"https:\/\/vocesparalelas.com.ar\/sitio\/wp-json\/wp\/v2\/posts\/37120","targetHints":{"allow":["GET"]}}],"collection":[{"href":"https:\/\/vocesparalelas.com.ar\/sitio\/wp-json\/wp\/v2\/posts"}],"about":[{"href":"https:\/\/vocesparalelas.com.ar\/sitio\/wp-json\/wp\/v2\/types\/post"}],"author":[{"embeddable":true,"href":"https:\/\/vocesparalelas.com.ar\/sitio\/wp-json\/wp\/v2\/users\/3"}],"replies":[{"embeddable":true,"href":"https:\/\/vocesparalelas.com.ar\/sitio\/wp-json\/wp\/v2\/comments?post=37120"}],"version-history":[{"count":1,"href":"https:\/\/vocesparalelas.com.ar\/sitio\/wp-json\/wp\/v2\/posts\/37120\/revisions"}],"predecessor-version":[{"id":37122,"href":"https:\/\/vocesparalelas.com.ar\/sitio\/wp-json\/wp\/v2\/posts\/37120\/revisions\/37122"}],"wp:featuredmedia":[{"embeddable":true,"href":"https:\/\/vocesparalelas.com.ar\/sitio\/wp-json\/wp\/v2\/media\/33966"}],"wp:attachment":[{"href":"https:\/\/vocesparalelas.com.ar\/sitio\/wp-json\/wp\/v2\/media?parent=37120"}],"wp:term":[{"taxonomy":"category","embeddable":true,"href":"https:\/\/vocesparalelas.com.ar\/sitio\/wp-json\/wp\/v2\/categories?post=37120"},{"taxonomy":"post_tag","embeddable":true,"href":"https:\/\/vocesparalelas.com.ar\/sitio\/wp-json\/wp\/v2\/tags?post=37120"}],"curies":[{"name":"wp","href":"https:\/\/api.w.org\/{rel}","templated":true}]}}