{"id":37114,"date":"2021-04-23T00:04:48","date_gmt":"2021-04-23T03:04:48","guid":{"rendered":"http:\/\/vocesparalelas.com.ar\/sitio\/?p=37114"},"modified":"2021-04-23T00:04:48","modified_gmt":"2021-04-23T03:04:48","slug":"el-plantel-de-upcn-campeon-de-la-liga-de-voleibol-argentina-presento-la-copa","status":"publish","type":"post","link":"https:\/\/vocesparalelas.com.ar\/sitio\/el-plantel-de-upcn-campeon-de-la-liga-de-voleibol-argentina-presento-la-copa\/","title":{"rendered":"El plantel de UPCN, campe\u00f3n de la Liga de V\u00f3leibol Argentina present\u00f3 la copa"},"content":{"rendered":"<p>El gobernador de San Juan, Dr. Sergio U\u00f1ac recibi\u00f3 en la sala Rogelio Cerdera la visita protocolar de los integrantes de UPCN V\u00f3ley, campe\u00f3n de la Liga de V\u00f3leibol Argentina.<\/p>\n<p>Participaron del encuentro el secretario de Deportes, Jorge Chica; el presidente de UPCN San Juan V\u00f3ley, Jos\u00e9 Antonio Villa; el presidente de la Federaci\u00f3n del V\u00f3leibol Argentino y presidente de la Confederaci\u00f3n del Deporte de San Juan Juan Galeote; el director t\u00e9cnico, Fabi\u00e1n Armoa e integrantes del plantel campe\u00f3n.<\/p>\n<p>Tras la presentaci\u00f3n de un video con la historia de UPCN V\u00f3ley, la dirigencia le hizo entrega al gobernador de la casaca de UPCN San Juan V\u00f3ley y un tapabocas con la imagen de la entidad.<\/p>\n<p><img loading=\"lazy\" decoding=\"async\" class=\"alignnone wp-image-37116 size-full\" src=\"https:\/\/vocesparalelas.com.ar\/sitio\/wp-content\/uploads\/2021\/04\/UPCN-PLANTEL-01.jpg\" alt=\"\" width=\"800\" height=\"460\" srcset=\"https:\/\/vocesparalelas.com.ar\/sitio\/wp-content\/uploads\/2021\/04\/UPCN-PLANTEL-01.jpg 800w, https:\/\/vocesparalelas.com.ar\/sitio\/wp-content\/uploads\/2021\/04\/UPCN-PLANTEL-01-300x173.jpg 300w, https:\/\/vocesparalelas.com.ar\/sitio\/wp-content\/uploads\/2021\/04\/UPCN-PLANTEL-01-768x442.jpg 768w\" sizes=\"auto, (max-width: 800px) 100vw, 800px\" \/><\/p>\n<p>Al dirigirse a los presentes, el gobernador agradeci\u00f3 en nombre de todos los sanjuaninos el t\u00edtulo conseguido por el conjunto gremial y destac\u00f3 el protag\u00f3nico rol de la actividad deportiva en la provincia: \u00abCreemos de verdad que la educaci\u00f3n y el deporte son grandes herramientas de cambio social. Ustedes constituyen un ejemplo de superaci\u00f3n constante y permanente\u00bb.<\/p>\n<p>U\u00f1ac elogi\u00f3 la obtenci\u00f3n de numerosos t\u00edtulos a lo largo de toda la carrera de UPCN V\u00f3ley y consider\u00f3 que \u00abcon cada uno de esos logros muchos chicos de la provincia se entusiasma con ser como ustedes, con proyectarse como ustedes\u201d.<\/p>\n<p>Al referirse a las pol\u00edticas implementadas durante su gesti\u00f3n para el desarrollo del deporte en la provincia, el mandatario afirm\u00f3: \u201cEntendemos que a lo largo del tiempo la responsabilidad natural del Estado ha mutado, y que a los desaf\u00edos de la seguridad, de la salud y de la educaci\u00f3n, deb\u00edamos aportarle un plus, aggiornar esos desaf\u00edos a la modernidad y en eso el deporte tiene mucho para dar\u201d.<\/p>\n<p>El gobernador a continuaci\u00f3n puso de relieve la relevancia de la planificaci\u00f3n deportiva en San Juan: \u201cTrabajamos mucho por la infraestructura con todos los clubes de la provincia, con una inversi\u00f3n muy importante. Si no estuvieran ustedes como socios estrat\u00e9gicos, los dirigentes, los deportistas, la familia del deporte sanjuanino nunca lo hubi\u00e9semos podido lograr\u00bb.<\/p>\n<p>\u00abEn San Juan\u00bb, prosigui\u00f3 U\u00f1ac, \u201chace cinco a\u00f1os decidimos promocionar el turismo y el deporte, ponerlos en el centro de la escena de la provincia y eso nos ha permitido que San Juan est\u00e9 presente, que obtenga el reconocimiento de ser la provincia que m\u00e1s acompa\u00f1a la pr\u00e1ctica deportiva. Esto es es un camino que tiene un inicio, pero quienes nos sucedan van a tener la noble obligaci\u00f3n de continuar este camino. Es un camino sin retroceso, porque de estas situaciones se apodera la sociedad misma. Es lo que hemos logrado\u00bb.<\/p>\n<p>El mandatario agreg\u00f3 que \u201cUPCN V\u00f3ley es un logro del que nos apropiamos todos los sanjuaninos; nos sentimos parte y nos enorgullece. Gracias a la dirigencia de UPCN por continuar apostando por mejores servicios para los socios y para la provincia\u201d.<\/p>\n<p>Por su parte el secretario de Deportes, Jorge Chica, dijo: \u201cnos enorgullece que esta instituci\u00f3n, que viene aportando para que el v\u00f3ley siga creciendo, haya conseguido un nuevo t\u00edtulo\u201d.<\/p>\n<p>Agreg\u00f3 que \u201cSan Juan es la tierra del hockey, del ciclismo, y el v\u00f3ley es uno de los deportes que nos representa a los sanjuaninos, pero sobre todo esta instituci\u00f3n que ha hecho que los sanjuaninos tengan el v\u00f3ley como parte de sus vidas\u201d.<\/p>\n<p>\u00abPor eso quiero felicitarlos, porque tenemos por delante un objetivo que es la inauguraci\u00f3n de ese estadio que seguramente ser\u00e1 con un mundial\u00bb, finaliz\u00f3 Jorge Chica.<\/p>\n<p>El presidente de San Juan V\u00f3ley, Jos\u00e9 Antonio Villa, se\u00f1al\u00f3 que la garra y la entrega fueron claves para que el equipo se quedara con la liga: \u201cUPCN San Juan V\u00f3ley tiene 22 copas, incluidas las ocho ligas y otras 14 copas oficiales, contra 10 que tiene el Bol\u00edvar\u201d.<\/p>\n<p>Villa agradeci\u00f3 el apoyo del Gobierno de la Provincia y asever\u00f3: \u201cHemos hecho lo m\u00e1ximo posible, ponemos todo el esfuerzo siempre; de doce campeonatos ganamos ocho, lo que muestra un muy buen porcentaje en cuanto a rendimiento y eficiencia\u201d.<\/p>\n<p>A su turno, el director t\u00e9cnico, Fabi\u00e1n Armoa, dijo que \u201ces un gran gusto para nosotros venir cada a\u00f1o y traer la copa, traerla y devolver todo el apoyo recibido\u00bb.<\/p>\n<p>Finalmente, Juan Galeote, elogi\u00f3 el trabajo que llevan a cabo los clubes para participar en esta competencia: \u201cComo sanjuanino me siento muy orgulloso que en la liga de primer nivel en el pa\u00eds hayan participado tres equipos de San Juan. Eso habla del trabajo que cada instituci\u00f3n ha hecho\u00bb.<\/p>\n<p><img loading=\"lazy\" decoding=\"async\" class=\"alignnone wp-image-37117 size-full\" src=\"https:\/\/vocesparalelas.com.ar\/sitio\/wp-content\/uploads\/2021\/04\/UPCN-PLANTEL-02.jpg\" alt=\"\" width=\"800\" height=\"412\" srcset=\"https:\/\/vocesparalelas.com.ar\/sitio\/wp-content\/uploads\/2021\/04\/UPCN-PLANTEL-02.jpg 800w, https:\/\/vocesparalelas.com.ar\/sitio\/wp-content\/uploads\/2021\/04\/UPCN-PLANTEL-02-300x155.jpg 300w, https:\/\/vocesparalelas.com.ar\/sitio\/wp-content\/uploads\/2021\/04\/UPCN-PLANTEL-02-768x396.jpg 768w\" sizes=\"auto, (max-width: 800px) 100vw, 800px\" \/><\/p>\n","protected":false},"excerpt":{"rendered":"<p>El gobernador de San Juan, Dr. Sergio U\u00f1ac recibi\u00f3 en la sala Rogelio Cerdera la visita protocolar de los integrantes<\/p>\n","protected":false},"author":3,"featured_media":37118,"comment_status":"closed","ping_status":"closed","sticky":false,"template":"","format":"standard","meta":{"_acf_changed":false,"_seopress_robots_primary_cat":"none","_seopress_titles_title":"","_seopress_titles_desc":"","_seopress_robots_index":"","colormag_page_container_layout":"default_layout","colormag_page_sidebar_layout":"default_layout","footnotes":""},"categories":[1],"tags":[],"class_list":["post-37114","post","type-post","status-publish","format-standard","has-post-thumbnail","hentry","category-destacadas"],"acf":[],"_links":{"self":[{"href":"https:\/\/vocesparalelas.com.ar\/sitio\/wp-json\/wp\/v2\/posts\/37114","targetHints":{"allow":["GET"]}}],"collection":[{"href":"https:\/\/vocesparalelas.com.ar\/sitio\/wp-json\/wp\/v2\/posts"}],"about":[{"href":"https:\/\/vocesparalelas.com.ar\/sitio\/wp-json\/wp\/v2\/types\/post"}],"author":[{"embeddable":true,"href":"https:\/\/vocesparalelas.com.ar\/sitio\/wp-json\/wp\/v2\/users\/3"}],"replies":[{"embeddable":true,"href":"https:\/\/vocesparalelas.com.ar\/sitio\/wp-json\/wp\/v2\/comments?post=37114"}],"version-history":[{"count":1,"href":"https:\/\/vocesparalelas.com.ar\/sitio\/wp-json\/wp\/v2\/posts\/37114\/revisions"}],"predecessor-version":[{"id":37119,"href":"https:\/\/vocesparalelas.com.ar\/sitio\/wp-json\/wp\/v2\/posts\/37114\/revisions\/37119"}],"wp:featuredmedia":[{"embeddable":true,"href":"https:\/\/vocesparalelas.com.ar\/sitio\/wp-json\/wp\/v2\/media\/37118"}],"wp:attachment":[{"href":"https:\/\/vocesparalelas.com.ar\/sitio\/wp-json\/wp\/v2\/media?parent=37114"}],"wp:term":[{"taxonomy":"category","embeddable":true,"href":"https:\/\/vocesparalelas.com.ar\/sitio\/wp-json\/wp\/v2\/categories?post=37114"},{"taxonomy":"post_tag","embeddable":true,"href":"https:\/\/vocesparalelas.com.ar\/sitio\/wp-json\/wp\/v2\/tags?post=37114"}],"curies":[{"name":"wp","href":"https:\/\/api.w.org\/{rel}","templated":true}]}}