{"id":37093,"date":"2021-04-21T23:52:07","date_gmt":"2021-04-22T02:52:07","guid":{"rendered":"http:\/\/vocesparalelas.com.ar\/sitio\/?p=37093"},"modified":"2021-04-23T01:10:39","modified_gmt":"2021-04-23T04:10:39","slug":"la-entrega-de-padrones-se-realiza-el-26-de-abril","status":"publish","type":"post","link":"https:\/\/vocesparalelas.com.ar\/sitio\/la-entrega-de-padrones-se-realiza-el-26-de-abril\/","title":{"rendered":"La entrega de padrones se realiza el 26 de Abril"},"content":{"rendered":"<p>La Junta Electoral de la Universidad Nacional de San Juan informa a la comunidad universitaria, que ha seguido la misma metodolog\u00eda implementada para la presentaci\u00f3n de los padrones del estamento graduados, habi\u00e9ndose asignado en forma aleatoria y por sorteo los siguientes turnos:<\/p>\n<ul>\n<li>Primer turno: 8 hs. Facultad de Arquitectura, Urbanismo y Dise\u00f1o<\/li>\n<li>Segundo turno: 8 hs. Escuela Comercio Libertador General San Mart\u00edn<\/li>\n<li>Tercer turno: 9 hs. Rectorado<\/li>\n<li>Cuarto turno: 9 hs. Escuela Universitaria de Ciencias de la Salud<\/li>\n<li>Quinto turno: 10 hs. Colegio Central Universitario Mariano Moreno<\/li>\n<li>Sexto turno: 10 hs. Facultad de Ciencias Exactas, F\u00edsicas y Naturales<\/li>\n<li>S\u00e9ptimo turno: 11 hs. Facultad de Ingenier\u00eda<\/li>\n<li>Octavo turno: 11 hs. Escuela Industrial Domingo Faustino Sarmiento<\/li>\n<li>Noveno turno: 12 hs. Facultad de Filosof\u00eda, Humanidades y Artes<\/li>\n<li>D\u00e9cimo turno: 12 hs. Facultad de Ciencias Sociales.<\/li>\n<\/ul>\n<p>La documentaci\u00f3n ser\u00e1 recibida en las oficinas de la Junta Electoral (entrepiso del Edificio de Rectorado) y seg\u00fan lo normado por Resoluci\u00f3n N\u00ba10 y 17\/21 C.S y Ordenanza N\u00ba20\/19 C.S.<\/p>\n<p>La Junta Electoral reitera a todas las unidades acad\u00e9micas que la presentaci\u00f3n de los padrones debe ser en versi\u00f3n soporte papel (Ordenanza N\u00ba20\/19 CS) y en versi\u00f3n soporte digital (Excel) en pendrive para su resguardo.<\/p>\n<p>La publicaci\u00f3n de padrones el \u00a026 de abril de 2021 a partir de las 16 hs.<\/p>\n<p>&nbsp;<\/p>\n<p>&nbsp;<\/p>\n","protected":false},"excerpt":{"rendered":"<p>La Junta Electoral de la Universidad Nacional de San Juan informa a la comunidad universitaria, que ha seguido la misma<\/p>\n","protected":false},"author":3,"featured_media":22486,"comment_status":"closed","ping_status":"closed","sticky":false,"template":"","format":"standard","meta":{"_acf_changed":false,"_seopress_robots_primary_cat":"none","_seopress_titles_title":"","_seopress_titles_desc":"","_seopress_robots_index":"","colormag_page_container_layout":"default_layout","colormag_page_sidebar_layout":"default_layout","footnotes":""},"categories":[5],"tags":[],"class_list":["post-37093","post","type-post","status-publish","format-standard","has-post-thumbnail","hentry","category-ofrecimientos"],"acf":[],"_links":{"self":[{"href":"https:\/\/vocesparalelas.com.ar\/sitio\/wp-json\/wp\/v2\/posts\/37093","targetHints":{"allow":["GET"]}}],"collection":[{"href":"https:\/\/vocesparalelas.com.ar\/sitio\/wp-json\/wp\/v2\/posts"}],"about":[{"href":"https:\/\/vocesparalelas.com.ar\/sitio\/wp-json\/wp\/v2\/types\/post"}],"author":[{"embeddable":true,"href":"https:\/\/vocesparalelas.com.ar\/sitio\/wp-json\/wp\/v2\/users\/3"}],"replies":[{"embeddable":true,"href":"https:\/\/vocesparalelas.com.ar\/sitio\/wp-json\/wp\/v2\/comments?post=37093"}],"version-history":[{"count":1,"href":"https:\/\/vocesparalelas.com.ar\/sitio\/wp-json\/wp\/v2\/posts\/37093\/revisions"}],"predecessor-version":[{"id":37095,"href":"https:\/\/vocesparalelas.com.ar\/sitio\/wp-json\/wp\/v2\/posts\/37093\/revisions\/37095"}],"wp:featuredmedia":[{"embeddable":true,"href":"https:\/\/vocesparalelas.com.ar\/sitio\/wp-json\/wp\/v2\/media\/22486"}],"wp:attachment":[{"href":"https:\/\/vocesparalelas.com.ar\/sitio\/wp-json\/wp\/v2\/media?parent=37093"}],"wp:term":[{"taxonomy":"category","embeddable":true,"href":"https:\/\/vocesparalelas.com.ar\/sitio\/wp-json\/wp\/v2\/categories?post=37093"},{"taxonomy":"post_tag","embeddable":true,"href":"https:\/\/vocesparalelas.com.ar\/sitio\/wp-json\/wp\/v2\/tags?post=37093"}],"curies":[{"name":"wp","href":"https:\/\/api.w.org\/{rel}","templated":true}]}}