{"id":37088,"date":"2021-04-21T23:43:09","date_gmt":"2021-04-22T02:43:09","guid":{"rendered":"http:\/\/vocesparalelas.com.ar\/sitio\/?p=37088"},"modified":"2021-04-21T23:45:13","modified_gmt":"2021-04-22T02:45:13","slug":"reunio-con-empresarios-mineros-para-conocer-avances-en-el-proyecto-taguas-de-san-juan","status":"publish","type":"post","link":"https:\/\/vocesparalelas.com.ar\/sitio\/reunio-con-empresarios-mineros-para-conocer-avances-en-el-proyecto-taguas-de-san-juan\/","title":{"rendered":"Reuni\u00f3 con empresarios mineros para conocer avances en el proyecto Taguas de San Juan"},"content":{"rendered":"<p>El gobernador de San Juan, Dr. Sergio U\u00f1ac mantuvo una importante reuni\u00f3n con representantes de la empresa minera Orvana Minerals Corp y el ministro de Miner\u00eda, Ing. Carlos Astudillo.<\/p>\n<p>Se trata del director Ejecutivo, Juan Gavidia, y el gerente de proyectos de la Compa\u00f1\u00eda minera Piuquenes S.A, Sergio Palma que durante la reuni\u00f3n realizaron un informe sobre los avances del proyecto Taguas.<\/p>\n<p>Tras la reuni\u00f3n, Juan Gavidia cont\u00f3 que \u201cactualizamos al Gobernador sobre el avance del proyecto que estar\u00e1 25 kil\u00f3metros de Veladero\u201d.<\/p>\n<p>\u201cComo hay data antigua sumada a la actual, estamos pensando que en los siguientes dos a\u00f1os finalizaremos el proyecto de prefactibilidad para tener un proyecto financiable a fines del a\u00f1o 2023\u201d, asegur\u00f3 Gavidia.<\/p>\n<p>El proyecto metal\u00edfero Taguas, es un yacimiento de mineral de oro y plata que se localiza en el departamento de Iglesia.<\/p>\n<p><img loading=\"lazy\" decoding=\"async\" class=\"alignnone wp-image-37091 size-full\" src=\"https:\/\/vocesparalelas.com.ar\/sitio\/wp-content\/uploads\/2021\/04\/MINERA-02.jpg\" alt=\"\" width=\"800\" height=\"479\" srcset=\"https:\/\/vocesparalelas.com.ar\/sitio\/wp-content\/uploads\/2021\/04\/MINERA-02.jpg 800w, https:\/\/vocesparalelas.com.ar\/sitio\/wp-content\/uploads\/2021\/04\/MINERA-02-300x180.jpg 300w, https:\/\/vocesparalelas.com.ar\/sitio\/wp-content\/uploads\/2021\/04\/MINERA-02-768x460.jpg 768w\" sizes=\"auto, (max-width: 800px) 100vw, 800px\" \/><\/p>\n<p>&nbsp;<\/p>\n<p>&nbsp;<\/p>\n","protected":false},"excerpt":{"rendered":"<p>El gobernador de San Juan, Dr. Sergio U\u00f1ac mantuvo una importante reuni\u00f3n con representantes de la empresa minera Orvana Minerals<\/p>\n","protected":false},"author":3,"featured_media":37090,"comment_status":"closed","ping_status":"closed","sticky":false,"template":"","format":"standard","meta":{"_acf_changed":false,"_seopress_robots_primary_cat":"none","_seopress_titles_title":"","_seopress_titles_desc":"","_seopress_robots_index":"","colormag_page_container_layout":"default_layout","colormag_page_sidebar_layout":"default_layout","footnotes":""},"categories":[1],"tags":[],"class_list":["post-37088","post","type-post","status-publish","format-standard","has-post-thumbnail","hentry","category-destacadas"],"acf":[],"_links":{"self":[{"href":"https:\/\/vocesparalelas.com.ar\/sitio\/wp-json\/wp\/v2\/posts\/37088","targetHints":{"allow":["GET"]}}],"collection":[{"href":"https:\/\/vocesparalelas.com.ar\/sitio\/wp-json\/wp\/v2\/posts"}],"about":[{"href":"https:\/\/vocesparalelas.com.ar\/sitio\/wp-json\/wp\/v2\/types\/post"}],"author":[{"embeddable":true,"href":"https:\/\/vocesparalelas.com.ar\/sitio\/wp-json\/wp\/v2\/users\/3"}],"replies":[{"embeddable":true,"href":"https:\/\/vocesparalelas.com.ar\/sitio\/wp-json\/wp\/v2\/comments?post=37088"}],"version-history":[{"count":1,"href":"https:\/\/vocesparalelas.com.ar\/sitio\/wp-json\/wp\/v2\/posts\/37088\/revisions"}],"predecessor-version":[{"id":37092,"href":"https:\/\/vocesparalelas.com.ar\/sitio\/wp-json\/wp\/v2\/posts\/37088\/revisions\/37092"}],"wp:featuredmedia":[{"embeddable":true,"href":"https:\/\/vocesparalelas.com.ar\/sitio\/wp-json\/wp\/v2\/media\/37090"}],"wp:attachment":[{"href":"https:\/\/vocesparalelas.com.ar\/sitio\/wp-json\/wp\/v2\/media?parent=37088"}],"wp:term":[{"taxonomy":"category","embeddable":true,"href":"https:\/\/vocesparalelas.com.ar\/sitio\/wp-json\/wp\/v2\/categories?post=37088"},{"taxonomy":"post_tag","embeddable":true,"href":"https:\/\/vocesparalelas.com.ar\/sitio\/wp-json\/wp\/v2\/tags?post=37088"}],"curies":[{"name":"wp","href":"https:\/\/api.w.org\/{rel}","templated":true}]}}