{"id":37080,"date":"2021-04-21T23:33:08","date_gmt":"2021-04-22T02:33:08","guid":{"rendered":"http:\/\/vocesparalelas.com.ar\/sitio\/?p=37080"},"modified":"2021-04-21T23:33:08","modified_gmt":"2021-04-22T02:33:08","slug":"campana-de-atencion-odontologica-en-los-barrios","status":"publish","type":"post","link":"https:\/\/vocesparalelas.com.ar\/sitio\/campana-de-atencion-odontologica-en-los-barrios\/","title":{"rendered":"Campa\u00f1a de atenci\u00f3n odontol\u00f3gica en los barrios"},"content":{"rendered":"<p>El Gobierno avanza en el desarrollo de pol\u00edticas p\u00fablicas con el fin de garantizar derechos de ni\u00f1os y ni\u00f1as que se encuentran en situaci\u00f3n de vulnerabilidad. Esta tarea es llevada adelante por el Ministerio de Desarrollo Humano y Promoci\u00f3n Social del Gobierno de San Juan, a trav\u00e9s de la Direcci\u00f3n de Ni\u00f1ez, Adolescencia y Familia.<\/p>\n<p>En San Juan, todos los ni\u00f1os, ni\u00f1as y adolescentes que no poseen cuidado parental obtienen una respuesta de cuidado y contenci\u00f3n por parte del Estado, gracias a las residencias de menores, donde son acompa\u00f1ados y cuidados en busca de una correcta reinserci\u00f3n social y la posibilidad de crear un proyecto de vida.<\/p>\n<p><img loading=\"lazy\" decoding=\"async\" class=\"alignnone wp-image-37086 size-full\" src=\"https:\/\/vocesparalelas.com.ar\/sitio\/wp-content\/uploads\/2021\/04\/ODONTOLOGO-MOVIL-03.jpg\" alt=\"\" width=\"800\" height=\"533\" srcset=\"https:\/\/vocesparalelas.com.ar\/sitio\/wp-content\/uploads\/2021\/04\/ODONTOLOGO-MOVIL-03.jpg 800w, https:\/\/vocesparalelas.com.ar\/sitio\/wp-content\/uploads\/2021\/04\/ODONTOLOGO-MOVIL-03-300x200.jpg 300w, https:\/\/vocesparalelas.com.ar\/sitio\/wp-content\/uploads\/2021\/04\/ODONTOLOGO-MOVIL-03-768x512.jpg 768w\" sizes=\"auto, (max-width: 800px) 100vw, 800px\" \/><\/p>\n<p>En ese sentido, recientemente el ministro de Desarrollo Humano y Promoci\u00f3n Social, Fabian Aballay, en compa\u00f1\u00eda del director de Ni\u00f1ez, Adolescencia y Familia, Carlos Olivera, firm\u00f3 un convenio de colaboraci\u00f3n articulada junto al Ministerio de Salud P\u00fablica, representado por la m\u00e1xima autoridad de dicha cartera, Alejandra Venerando.<\/p>\n<p>En el mismo, se estableci\u00f3 la posibilidad de realizar una campa\u00f1a de asistencia sanitaria a cada uno de los y las residentes, la cual consiste en un abordaje de una integral atenci\u00f3n bucal. Para cumplir con este objetivo, desde Salud incorporar\u00e1n una Unidad M\u00f3vil Odontol\u00f3gica con todos los elementos necesarios para una correcta atenci\u00f3n cumpliendo con los estrictos protocolos de asistencia.<\/p>\n<p>En esta oportunidad, y dando inicio a la campa\u00f1a, un total de 12 ni\u00f1os y ni\u00f1as pertenecientes a las Residencias Aramburu y Atsa tuvieron la posibilidad de recibir atenci\u00f3n Odontol\u00f3gica. Se espera que en los pr\u00f3ximos d\u00edas se culmine con el resto de las residencias para alcanzar un total de 95 NNyA asistidos.<\/p>\n<p>Al respecto, el director de Ni\u00f1ez, Adolescencia y Familia, Carlos Olivera, expres\u00f3 que \u201cse trata de otorgar un privilegio, un derecho adquirido constituido en una atenci\u00f3n personalizada y con seguimiento continuo sobre la salud de todos los y las residentes. Cada acci\u00f3n que realizamos desde la Direcci\u00f3n tiene como fin garantizar la plena inclusi\u00f3n social de cada ni\u00f1o, ni\u00f1a y adolescente que no cuenta con un medio familiar de origen o adoptivo\u201d.<\/p>\n<p><img loading=\"lazy\" decoding=\"async\" class=\"alignnone wp-image-37084 size-full\" src=\"https:\/\/vocesparalelas.com.ar\/sitio\/wp-content\/uploads\/2021\/04\/ODONTOLOGO-MOVIL-01.jpg\" alt=\"\" width=\"800\" height=\"533\" srcset=\"https:\/\/vocesparalelas.com.ar\/sitio\/wp-content\/uploads\/2021\/04\/ODONTOLOGO-MOVIL-01.jpg 800w, https:\/\/vocesparalelas.com.ar\/sitio\/wp-content\/uploads\/2021\/04\/ODONTOLOGO-MOVIL-01-300x200.jpg 300w, https:\/\/vocesparalelas.com.ar\/sitio\/wp-content\/uploads\/2021\/04\/ODONTOLOGO-MOVIL-01-768x512.jpg 768w\" sizes=\"auto, (max-width: 800px) 100vw, 800px\" \/><\/p>\n<p><img loading=\"lazy\" decoding=\"async\" class=\"alignnone wp-image-37082 size-full\" src=\"https:\/\/vocesparalelas.com.ar\/sitio\/wp-content\/uploads\/2021\/04\/ODONTOLOGO-MOVIL-04.jpg\" alt=\"\" width=\"800\" height=\"533\" srcset=\"https:\/\/vocesparalelas.com.ar\/sitio\/wp-content\/uploads\/2021\/04\/ODONTOLOGO-MOVIL-04.jpg 800w, https:\/\/vocesparalelas.com.ar\/sitio\/wp-content\/uploads\/2021\/04\/ODONTOLOGO-MOVIL-04-300x200.jpg 300w, https:\/\/vocesparalelas.com.ar\/sitio\/wp-content\/uploads\/2021\/04\/ODONTOLOGO-MOVIL-04-768x512.jpg 768w\" sizes=\"auto, (max-width: 800px) 100vw, 800px\" \/><\/p>\n<p>&nbsp;<\/p>\n","protected":false},"excerpt":{"rendered":"<p>El Gobierno avanza en el desarrollo de pol\u00edticas p\u00fablicas con el fin de garantizar derechos de ni\u00f1os y ni\u00f1as que<\/p>\n","protected":false},"author":3,"featured_media":37085,"comment_status":"closed","ping_status":"closed","sticky":false,"template":"","format":"standard","meta":{"_acf_changed":false,"_seopress_robots_primary_cat":"none","_seopress_titles_title":"","_seopress_titles_desc":"","_seopress_robots_index":"","colormag_page_container_layout":"default_layout","colormag_page_sidebar_layout":"default_layout","footnotes":""},"categories":[1],"tags":[],"class_list":["post-37080","post","type-post","status-publish","format-standard","has-post-thumbnail","hentry","category-destacadas"],"acf":[],"_links":{"self":[{"href":"https:\/\/vocesparalelas.com.ar\/sitio\/wp-json\/wp\/v2\/posts\/37080","targetHints":{"allow":["GET"]}}],"collection":[{"href":"https:\/\/vocesparalelas.com.ar\/sitio\/wp-json\/wp\/v2\/posts"}],"about":[{"href":"https:\/\/vocesparalelas.com.ar\/sitio\/wp-json\/wp\/v2\/types\/post"}],"author":[{"embeddable":true,"href":"https:\/\/vocesparalelas.com.ar\/sitio\/wp-json\/wp\/v2\/users\/3"}],"replies":[{"embeddable":true,"href":"https:\/\/vocesparalelas.com.ar\/sitio\/wp-json\/wp\/v2\/comments?post=37080"}],"version-history":[{"count":1,"href":"https:\/\/vocesparalelas.com.ar\/sitio\/wp-json\/wp\/v2\/posts\/37080\/revisions"}],"predecessor-version":[{"id":37087,"href":"https:\/\/vocesparalelas.com.ar\/sitio\/wp-json\/wp\/v2\/posts\/37080\/revisions\/37087"}],"wp:featuredmedia":[{"embeddable":true,"href":"https:\/\/vocesparalelas.com.ar\/sitio\/wp-json\/wp\/v2\/media\/37085"}],"wp:attachment":[{"href":"https:\/\/vocesparalelas.com.ar\/sitio\/wp-json\/wp\/v2\/media?parent=37080"}],"wp:term":[{"taxonomy":"category","embeddable":true,"href":"https:\/\/vocesparalelas.com.ar\/sitio\/wp-json\/wp\/v2\/categories?post=37080"},{"taxonomy":"post_tag","embeddable":true,"href":"https:\/\/vocesparalelas.com.ar\/sitio\/wp-json\/wp\/v2\/tags?post=37080"}],"curies":[{"name":"wp","href":"https:\/\/api.w.org\/{rel}","templated":true}]}}