{"id":37065,"date":"2021-04-21T20:45:34","date_gmt":"2021-04-21T23:45:34","guid":{"rendered":"http:\/\/vocesparalelas.com.ar\/sitio\/?p=37065"},"modified":"2021-04-21T20:45:34","modified_gmt":"2021-04-21T23:45:34","slug":"un-recorrido-por-los-sitios-patrimoniales-del-departamento-de-jachal-de-san-juan","status":"publish","type":"post","link":"https:\/\/vocesparalelas.com.ar\/sitio\/un-recorrido-por-los-sitios-patrimoniales-del-departamento-de-jachal-de-san-juan\/","title":{"rendered":"Un recorrido por los sitios patrimoniales del Departamento de J\u00e1chal de San Juan"},"content":{"rendered":"<p>Las autoridades realizaron un importante recorrido patrimonial que comenz\u00f3 en la Escuela Normal Fray Justo Santa Mar\u00eda de Oro, recientemente declarada\u00a0Monumento Hist\u00f3rico Nacional<strong>.<\/strong> Este edificio se encuentra en v\u00edas de comenzar la obra de restauraci\u00f3n y puesta en valor a trav\u00e9s de la Direcci\u00f3n de Infraestructura Escolar del Ministerio de Obras y Servicios p\u00fablicos. El Proyecto de intervenci\u00f3n estuvo bajo supervisi\u00f3n y colaboraci\u00f3n de la Direcci\u00f3n de Patrimonio Cultural y Natural y se siguieron los lineamientos nacionales e internacionales de rescate de patrimonio cultural. Por su parte, los trabajos estar\u00e1n orientados a conservar los valores materiales e inmateriales del edificio existente optimizando sus prestaciones funcionales.<\/p>\n<p>En la comitiva participaron la Secretaria de Cultura, Virginia Agote y el Director de Patrimonio Cultural, Jorge Mart\u00edn. En J\u00e1chal fueron recibidos por el Intendente de J\u00e1chal, Miguel Vega; la Directora de Turismo de J\u00e1chal, Rosana Illanes y el Director de Cultura de J\u00e1chal, Emiliano Rubia. Por otra parte, de la visita a la Escuela Normal Fray Justo Santa Mar\u00eda de Oro tambi\u00e9n participaron autoridades del Ministerio de Obras y Servicios P\u00fablicos.<\/p>\n<p>Otro de los objetivos de la visita a J\u00e1chal fue recorrer los molinos de \u201cSanta Teresa\u201d, Molino de Reyes, \u201cDel Alto\u201d o de Garc\u00eda y el Molino de Huaco para relevar las condiciones de los mismos y poder revalorizar este circuito tur\u00edstico y cultural de San Juan. En este recorrido tambi\u00e9n visitaron otros bienes de inter\u00e9s y el taller de la reconocida artesana Vidable para conocer en profundidad su trabajo.<\/p>\n<p>Por \u00faltimo, se inspeccion\u00f3 el Mirador de la Cuesta de Huaco d\u00f3nde se encuentra emplazado el busto de Eusebio de Jes\u00fas Dojorti Buenaventura Luna y el cementerio donde permanece su tumba.<\/p>\n<p><strong><span style=\"color: #339966;\">Sobre la restauraci\u00f3n de la Escuela Normal Fray Justo Santa Mar\u00eda de Oro<\/span><\/strong><\/p>\n<p>La Direcci\u00f3n de Infraestructura Escolar, perteneciente al Ministerio de Obras y Servicios P\u00fablicos, ejecutar\u00e1 la obra de restauraci\u00f3n y puesta en valor de este edificio. La intervenci\u00f3n, est\u00e1 orientada a conservar sus valores materiales e inmateriales y a optimizar sus prestaciones funcionales. En este sentido, la premisa de la propuesta es responder al programa de necesidades otorgando condiciones de seguridad, habitabilidad y confort acordes al desarrollo tecnol\u00f3gico actual y conservando las cualidades morfol\u00f3gicas, tipol\u00f3gicas y t\u00e9cnicas originales de la obra.<\/p>\n<p>En esta primera etapa, se intervendr\u00e1n los siguientes sectores: sector aulas noreste, con una superficie de 193.44 M2; sector cubierta de galer\u00edas, con una superficie de 372.16 M2; y sector sanitarios suroeste, con una superficie de 8.91 M2. El plazo de ejecuci\u00f3n de la obra ser\u00e1 de 180 d\u00edas corridos y el presupuesto oficial asciende a la suma de once millones sesenta y seis mil ochocientos ochenta pesos, financiada con fondos provinciales.<\/p>\n<p>Los trabajos a realizar para la primera etapa son los siguientes: consolidaci\u00f3n de muros con presencia de fisuras y\/o agrietamientos; materializaci\u00f3n de junta s\u00edsmica; sustituci\u00f3n de cielorrasos suspendidos; restauraci\u00f3n de cielorrasos aplicados; restauraci\u00f3n de cubierta de techo y parapetos en galer\u00edas; restauraci\u00f3n de z\u00f3calos exteriores e interiores; restauraci\u00f3n de pisos y z\u00f3calos de madera; restituci\u00f3n de veredines perimetrales de piedra; restauraci\u00f3n de carpinter\u00edas de madera, m\u00e9nsulas y herrajes; pintura interior y exterior; sustituci\u00f3n e integraci\u00f3n de artefactos sanitarios; sustituci\u00f3n de ca\u00f1er\u00eda sanitaria y cloacal; remoci\u00f3n de ca\u00f1er\u00eda de gas en sector aulas; integraci\u00f3n sistema de climatizaci\u00f3n (aire acondicionado fr\u00edo-calor); integraci\u00f3n del servicio contra incendio; integraci\u00f3n y restauraci\u00f3n de la instalaci\u00f3n el\u00e9ctrica; e integraci\u00f3n y restauraci\u00f3n de luminarias.<\/p>\n<p><img loading=\"lazy\" decoding=\"async\" class=\"alignnone wp-image-37068 size-full\" src=\"https:\/\/vocesparalelas.com.ar\/sitio\/wp-content\/uploads\/2021\/04\/JACHAL-MONUMENTOS-05.jpg\" alt=\"\" width=\"800\" height=\"600\" srcset=\"https:\/\/vocesparalelas.com.ar\/sitio\/wp-content\/uploads\/2021\/04\/JACHAL-MONUMENTOS-05.jpg 800w, https:\/\/vocesparalelas.com.ar\/sitio\/wp-content\/uploads\/2021\/04\/JACHAL-MONUMENTOS-05-300x225.jpg 300w, https:\/\/vocesparalelas.com.ar\/sitio\/wp-content\/uploads\/2021\/04\/JACHAL-MONUMENTOS-05-768x576.jpg 768w\" sizes=\"auto, (max-width: 800px) 100vw, 800px\" \/><\/p>\n<p><img loading=\"lazy\" decoding=\"async\" class=\"alignnone wp-image-37069 size-full\" src=\"https:\/\/vocesparalelas.com.ar\/sitio\/wp-content\/uploads\/2021\/04\/JACHAL-MONUMENTOS-02.jpg\" alt=\"\" width=\"800\" height=\"533\" srcset=\"https:\/\/vocesparalelas.com.ar\/sitio\/wp-content\/uploads\/2021\/04\/JACHAL-MONUMENTOS-02.jpg 800w, https:\/\/vocesparalelas.com.ar\/sitio\/wp-content\/uploads\/2021\/04\/JACHAL-MONUMENTOS-02-300x200.jpg 300w, https:\/\/vocesparalelas.com.ar\/sitio\/wp-content\/uploads\/2021\/04\/JACHAL-MONUMENTOS-02-768x512.jpg 768w\" sizes=\"auto, (max-width: 800px) 100vw, 800px\" \/><\/p>\n<p><img loading=\"lazy\" decoding=\"async\" class=\"alignnone wp-image-37070 size-full\" src=\"https:\/\/vocesparalelas.com.ar\/sitio\/wp-content\/uploads\/2021\/04\/JACHAL-MONUMENTOS-03.jpg\" alt=\"\" width=\"800\" height=\"533\" srcset=\"https:\/\/vocesparalelas.com.ar\/sitio\/wp-content\/uploads\/2021\/04\/JACHAL-MONUMENTOS-03.jpg 800w, https:\/\/vocesparalelas.com.ar\/sitio\/wp-content\/uploads\/2021\/04\/JACHAL-MONUMENTOS-03-300x200.jpg 300w, https:\/\/vocesparalelas.com.ar\/sitio\/wp-content\/uploads\/2021\/04\/JACHAL-MONUMENTOS-03-768x512.jpg 768w\" sizes=\"auto, (max-width: 800px) 100vw, 800px\" \/><\/p>\n","protected":false},"excerpt":{"rendered":"<p>Las autoridades realizaron un importante recorrido patrimonial que comenz\u00f3 en la Escuela Normal Fray Justo Santa Mar\u00eda de Oro, recientemente<\/p>\n","protected":false},"author":3,"featured_media":37067,"comment_status":"closed","ping_status":"closed","sticky":false,"template":"","format":"standard","meta":{"_acf_changed":false,"_seopress_robots_primary_cat":"none","_seopress_titles_title":"","_seopress_titles_desc":"","_seopress_robots_index":"","colormag_page_container_layout":"default_layout","colormag_page_sidebar_layout":"default_layout","footnotes":""},"categories":[1],"tags":[],"class_list":["post-37065","post","type-post","status-publish","format-standard","has-post-thumbnail","hentry","category-destacadas"],"acf":[],"_links":{"self":[{"href":"https:\/\/vocesparalelas.com.ar\/sitio\/wp-json\/wp\/v2\/posts\/37065","targetHints":{"allow":["GET"]}}],"collection":[{"href":"https:\/\/vocesparalelas.com.ar\/sitio\/wp-json\/wp\/v2\/posts"}],"about":[{"href":"https:\/\/vocesparalelas.com.ar\/sitio\/wp-json\/wp\/v2\/types\/post"}],"author":[{"embeddable":true,"href":"https:\/\/vocesparalelas.com.ar\/sitio\/wp-json\/wp\/v2\/users\/3"}],"replies":[{"embeddable":true,"href":"https:\/\/vocesparalelas.com.ar\/sitio\/wp-json\/wp\/v2\/comments?post=37065"}],"version-history":[{"count":1,"href":"https:\/\/vocesparalelas.com.ar\/sitio\/wp-json\/wp\/v2\/posts\/37065\/revisions"}],"predecessor-version":[{"id":37071,"href":"https:\/\/vocesparalelas.com.ar\/sitio\/wp-json\/wp\/v2\/posts\/37065\/revisions\/37071"}],"wp:featuredmedia":[{"embeddable":true,"href":"https:\/\/vocesparalelas.com.ar\/sitio\/wp-json\/wp\/v2\/media\/37067"}],"wp:attachment":[{"href":"https:\/\/vocesparalelas.com.ar\/sitio\/wp-json\/wp\/v2\/media?parent=37065"}],"wp:term":[{"taxonomy":"category","embeddable":true,"href":"https:\/\/vocesparalelas.com.ar\/sitio\/wp-json\/wp\/v2\/categories?post=37065"},{"taxonomy":"post_tag","embeddable":true,"href":"https:\/\/vocesparalelas.com.ar\/sitio\/wp-json\/wp\/v2\/tags?post=37065"}],"curies":[{"name":"wp","href":"https:\/\/api.w.org\/{rel}","templated":true}]}}