{"id":37059,"date":"2021-04-21T01:26:30","date_gmt":"2021-04-21T04:26:30","guid":{"rendered":"http:\/\/vocesparalelas.com.ar\/sitio\/?p=37059"},"modified":"2021-04-21T01:26:30","modified_gmt":"2021-04-21T04:26:30","slug":"temario-de-la-segunda-sesion-definidos-en-la-labor-parlamentaria","status":"publish","type":"post","link":"https:\/\/vocesparalelas.com.ar\/sitio\/temario-de-la-segunda-sesion-definidos-en-la-labor-parlamentaria\/","title":{"rendered":"Temario de la Segunda Sesi\u00f3n definidos en la Labor Parlamentaria"},"content":{"rendered":"<div class=\"itemFullText jbintrotext\">\n<p>Durante la reuni\u00f3n de Labor Parlamentaria qued\u00f3 conformado\u00a0el temario del Orden del D\u00eda de la Segunda Sesi\u00f3n del Per\u00edodo Ordinario 2021, a realizarse este jueves 22 de abril.\u00a0El encuentro estuvo encabezado por el vicegobernador, CPN Roberto Gattoni.<\/p>\n<\/div>\n<div class=\"itemFullText\">\n<p>Particip\u00f3 el secretario Legislativo, Nicol\u00e1s Alvo; los vicepresidentes primero, Eduardo Cabello; segundo, Carlos Platero y alterno, Edgardo Sancassani; y los presidentes de los bloques Justicialista, Juan Carlos Abarca; Producci\u00f3n y Trabajo, Sergio Miodowsky; Bloquista, Andr\u00e9s Chanampa; San Juan Primero, Enrique Monta\u00f1o; ConFe Somos San Juan, Florencia Pe\u00f1aloza; Actuar, Gustavo Us\u00edn; Frente Grande- Unidad Ciudadana; Horacio Quiroga; bloque del Este, Andr\u00e9s Mallea; y bloque Pro- Juntos por el Cambio, Enzo Cornejo.<\/p>\n<p><span style=\"color: #800080;\"><strong>Testimonio del Diputado Eduardo Canello<\/strong><\/span><\/p>\n<\/div>\n<p><iframe loading=\"lazy\" title=\"CDSJ EDUARDO CABELLO\" width=\"800\" height=\"450\" src=\"https:\/\/www.youtube.com\/embed\/BIWkbsFz2Fw?feature=oembed\" frameborder=\"0\" allow=\"accelerometer; autoplay; clipboard-write; encrypted-media; gyroscope; picture-in-picture\" allowfullscreen><\/iframe><\/p>\n<p><span style=\"color: #800080;\"><strong>Testimonio del Diputado Andres Chanampa<\/strong><\/span><\/p>\n<p><iframe loading=\"lazy\" title=\"CDSL ANDRES CHANAMPA\" width=\"800\" height=\"450\" src=\"https:\/\/www.youtube.com\/embed\/1KZHpRWQf4c?feature=oembed\" frameborder=\"0\" allow=\"accelerometer; autoplay; clipboard-write; encrypted-media; gyroscope; picture-in-picture\" allowfullscreen><\/iframe><\/p>\n<p>&nbsp;<\/p>\n<div class=\"itemFullText\">\n<p><span style=\"color: #800080;\"><strong>Plan Nacional Argentina contra el Hambre<\/strong><\/span><\/p>\n<p>El cuerpo legislativo tratar\u00e1 en el recinto el proyecto de Ley remitido por el Poder Ejecutivo mediante mensaje N\u00ba 162 que propone la aprobaci\u00f3n en todas sus partes del Convenio de Ejecuci\u00f3n Plan Nacional Argentina Contra el Hambre, suscripto el 10 de diciembre de 2020, entre la Secretar\u00eda de Inclusi\u00f3n Social del Ministerio de Desarrollo Social de la Naci\u00f3n y el Ministerio de Desarrollo Humano y Promoci\u00f3n Social de la Provincia de San Juan. El objeto del presente acuerdo consiste en financiar acciones tendientes a garantizar la seguridad alimentaria de personas en condiciones de vulnerabilidad social mediante la entrega de cuarenta y dos mil trescientos siete (42.307) m\u00f3dulos alimentarios, durante un periodo de tres meses.<\/p>\n<p><span style=\"color: #800080;\"><strong>Innovaci\u00f3n tecnol\u00f3gica para la competitividad de los sectores productivos<\/strong><\/span><\/p>\n<p>Luego, deber\u00e1 considerar el proyecto de Ley presentado por el Poder Ejecutivo, mediante mensaje n\u00ba 03 que propone ratificar el Convenio Marco de Cooperaci\u00f3n y Asistencia, suscripto el 30 de octubre de 2020, entre la Secretar\u00eda de Estado de Ciencia, Tecnolog\u00eda e Innovaci\u00f3n, representada por su titular Tulio Abel Del Bono y la \u00abAgencia Calidad San Juan SEM\u00bb, representada en este acto por su presidente, Eduardo D&#8217;Anna. La finalidad de este acuerdo consiste en establecer canales de comunicaci\u00f3n y colaboraci\u00f3n con el objetivo de crear herramientas de fomento de la competitividad en sectores productivos a trav\u00e9s de la promoci\u00f3n e innovaci\u00f3n tecnol\u00f3gica, en el marco de posibles proyectos y programas de cada una de las partes intervinientes.<\/p>\n<p>En este sentido las partes se comprometen a impulsar un amplio intercambio profesional, a brindarse mutuo apoyo, a integrar grupos de trabajo para realizar acciones de inter\u00e9s com\u00fan y a poner a disposici\u00f3n conocimientos tecnol\u00f3gicos, econ\u00f3micos y financieros de propiedad de cada una de las partes.<\/p>\n<p><span style=\"color: #800080;\"><strong>Modernizaci\u00f3n de la Administraci\u00f3n P\u00fablica de la Ciudad de San Juan<\/strong><\/span><\/p>\n<p>A continuaci\u00f3n, los legisladores abordar\u00e1n el proyecto de Ley remitido por el\u00a0 Poder Ejecutivo, mediante mensaje n\u00ba 04, que propone aprobar en todas sus partes el Convenio de Colaboraci\u00f3n mutua entre el Ministerio de Hacienda y Finanzas y la Municipalidad de la Ciudad de San Juan, suscripto el 22 de octubre de 2020, entre el Ministerio de Hacienda Y Finanzas y la Municipalidad de la Ciudad de San Juan.<\/p>\n<p>El presente acuerdo tiene por objeto esencial la cooperaci\u00f3n y vinculaci\u00f3n interinstitucional, ejecutando acciones de colaboraci\u00f3n para desarrollar eficazmente y con el soporte de las nuevas tecnolog\u00edas, las tareas que les son propias, en el \u00e1mbito de sus respectivas jurisdicciones y competencias, en el marco de la pol\u00edtica de Modernizaci\u00f3n de la Administraci\u00f3n P\u00fablica Provincial y Municipal, prest\u00e1ndose asistencia material, t\u00e9cnica, instrumental y humana que se requieran.<\/p>\n<p>Cabe se\u00f1alar que dicha cooperaci\u00f3n se fundamente en el hecho de que la Ley N\u00b0 1483-A autoriz\u00f3 la utilizaci\u00f3n de expedientes, documentos, usuarios, notificaci\u00f3n, comunicaciones y domicilios electr\u00f3nicos, constituidos en todo tipo de actuaciones, procedimientos y procesos de cualquier naturaleza, que tramitan ante los Poderes Ejecutivo, Legislativo, Judicial y los Organismos de la Constituci\u00f3n Provincial, con id\u00e9ntica eficacia jur\u00eddica y valor probatorio que sus equivalentes convencionales. Y el Ministerio de Hacienda y Finanzas est\u00e1 facultado, en el marco del inciso 6 del art\u00edculo 190 de la Ley N\u00b0 1101-A, a entender en lo atinente a la Modernizaci\u00f3n del estado en todo el \u00e1mbito de la Administraci\u00f3n P\u00fablica Provincial, participando en la gesti\u00f3n de las acciones relacionadas a la tecnolog\u00eda; asimismo, entiende en todo lo relacionado a programas y proyectos vinculados a la Gesti\u00f3n P\u00fablica, a efectos de promover calidad, transparencia, eficiencia, eficacia y satisfacci\u00f3n del ciudadano.<\/p>\n<p><span style=\"color: #800080;\"><strong>Asistencia Financiera del Fondo Fiduciario Federal de Infraestructura Regional<\/strong><\/span><\/p>\n<p>Adem\u00e1s, los parlamentario deber\u00e1n abordar el proyecto de ley enviado por el Poder Ejecutivo, mediante mensaje N\u00ba 19, que propone ratificar el convenio de Asistencia Financiera y Adhesi\u00f3n entre el Fondo Fiduciario Federal de Infraestructura Regional \u00a0y el Gobierno de la Provincia de San Juan, para suscribir a la suma de 49.973.127 d\u00f3lares, m\u00e1s sus intereses, para el financiamiento del Proyecto T\u00fanel de Zonda en el marco del Plan Maestro del Corredor Tur\u00edstico en la Quebrada de Zonda, por el cual se refuncionalizar\u00e1n y pondr\u00e1n en valor los recursos naturales de dicha zona.<\/p>\n<p><span style=\"color: #800080;\"><strong>Incorporaci\u00f3n de graduados en \u00e1reas de Ciencia y Tecnolog\u00eda<\/strong><\/span><\/p>\n<p>Tambi\u00e9n, deber\u00e1n debatir si otorgan acuerdo al proyecto de Ley remitido por el Poder Ejecutivo, mediante mensaje n\u00ba 20, que propone ratificar el Convenio de Subvenci\u00f3n y Anexo I, suscripto el 26 de agosto de 2020, entre el Ministerio de Ciencia, Tecnolog\u00eda e Innovaci\u00f3n Productiva de la Naci\u00f3n, la Secretar\u00eda de Estado de Ciencia, Tecnolog\u00eda e Innovaci\u00f3n de la Provincia de San Juan, como beneficiaria del Programa VITEF, y la Universidad Cat\u00f3lica de Cuyo en su car\u00e1cter de Unidad de Vinculaci\u00f3n Tecnol\u00f3gica.<\/p>\n<p>La finalidad del presente acuerdo consiste en profundizar y complementar la incorporaci\u00f3n de graduados en el desarrollo de tareas de vinculaci\u00f3n tecnol\u00f3gica, formulaci\u00f3n de proyectos y desarrollo de planes de negocios en las \u00e1reas de Ciencia y Tecnolog\u00eda; adem\u00e1s impulsar la realizaci\u00f3n de asesoramiento orientado a la integraci\u00f3n de buenas pr\u00e1cticas y conocimiento de instrumentos de transferencia y vinculaci\u00f3n tecnol\u00f3gica, tanto a nivel nacional como internacional.<\/p>\n<p><span style=\"color: #800080;\"><strong>Convenio con el Ministerio de las Mujeres, G\u00e9neros y Diversidad<\/strong><\/span><\/p>\n<p>Por otro lado, la C\u00e1mara abordar\u00e1 el proyecto de Ley enviado por el Poder Ejecutivo, mediante mensaje n\u00ba 24, que establece aprobar el Convenio Marco de Asistencia y Cooperaci\u00f3n Rec\u00edproca y su Acta Complementaria N\u00b0 1, celebrados entre el Ministerio de las Mujeres, G\u00e9neros y Diversidad, representado por la ministra Elizabeth Victoria G\u00f3mez Alcorta, y la Provincia de San Juan, representada por el gobernador Sergio U\u00f1ac, suscriptos el 13 de octubre de 2020.<\/p>\n<p>El objeto de este acuerdo consiste en articular acciones tendientes a desarrollar en forma conjunta o en cooperaci\u00f3n programas o proyectos en materia de pol\u00edticas de g\u00e9nero, igualdad, diversidad, prevenci\u00f3n y atenci\u00f3n de situaciones de violencia por razones de g\u00e9nero, en funci\u00f3n de las capacidades y competencias propias, sin perjuicio de otro tipo de actividades que puedan llevarse a cabo en \u00e1reas de mutuo inter\u00e9s.<\/p>\n<p>Asimismo, el Acta Complementaria N\u00b0 1 antes mencionado tiene por objeto definir los mecanismos de articulaci\u00f3n interinstitucional para la implementaci\u00f3n del \u00abPrograma de Apoyo y Acompa\u00f1amiento a Personas e Situaci\u00f3n de Riesgo por Violencia por Motivos de G\u00e9nero\u00bb (ACOMPA\u00d1AR), creado por el Poder ejecutivo Nacional mediante el Decreto N\u00b0 734 de fecha 08 de septiembre de 2020, a fin de promover la autonom\u00eda de las mujeres y LGBTI+ que se encuentran en riesgo acreditado por situaci\u00f3n de violencia por motivos de g\u00e9nero, mediante el otorgamiento de una prestaci\u00f3n econ\u00f3mica y del fortalecimiento de redes de acompa\u00f1amiento, destinado a cubrir los gastos esenciales de organizaci\u00f3n y desarrollo de un proyecto de vida aut\u00f3nomo y libre de violencias.<\/p>\n<p><span style=\"color: #800080;\"><strong>Cooperaci\u00f3n mutua entre la Municipalidad de la Ciudad de San Juan y la Secretar\u00eda de Ciencia<\/strong><\/span><\/p>\n<p>Seguidamente, los diputados deber\u00e1n considerar el proyecto de Ley presentado por el Poder Ejecutivo, mediante mensaje n\u00ba 28, que propone aprobar en todas sus partes el Convenio Marco de Cooperaci\u00f3n, suscripto el 30 de julio de 2020, entre la Secretar\u00eda de Estado de Ciencia, Tecnolog\u00eda e Innovaci\u00f3n y la Municipalidad de la Ciudad de San Juan.<\/p>\n<p>El presente asunto tiene por finalidad la reciproca asistencia y cooperaci\u00f3n en todos aquellos aspectos que tengan relaci\u00f3n directa con actividades y fines propios de los organismo, sean de car\u00e1cter t\u00e9cnicos, social, productivos y de todos aquellos que tengan por objeto el desarrollo organizado y sistem\u00e1tico de sus objetivos.<\/p>\n<p><span style=\"color: #800080;\"><strong>Convenio entre el Consejo de En\u00f3logos y la Secretar\u00eda de Ciencia<\/strong><\/span><\/p>\n<p>M\u00e1s tarde, abordar\u00e1n otro proyecto de Ley remitido por el Poder Ejecutivo, mediante mensaje n\u00ba 29, que propone la ratificaci\u00f3n del Convenio Marco de Cooperaci\u00f3n, suscripto el 10 de noviembre de 2020, entre la Secretar\u00eda de Estado de Ciencia, Tecnolog\u00eda e Innovaci\u00f3n del Gobierno de San Juan (SECITI), representada por su titular Tulio Abel Del Bono y el Consejo Profesional de En\u00f3logos de San Juan, representada en este acto por su presidente, Pedro Pelegrina.<\/p>\n<p>La finalidad de este acuerdo consiste en establecer canales de comunicaci\u00f3n y colaboraci\u00f3n con el objetivo de crear herramientas de fomento de la competitividad en sectores productivos a trav\u00e9s de la promoci\u00f3n e innovaci\u00f3n tecnol\u00f3gica, en el marco de posibles proyectos y programas de cada una de las partes intervinientes.<\/p>\n<p><span style=\"color: #800080;\"><strong>Asistencia rec\u00edproca entre J\u00e1chal y la Secretar\u00eda de Estado de Ciencia<\/strong><\/span><\/p>\n<p>Luego, el cuerpo parlamentario deber\u00e1 considerar el proyecto de Ley remitido por el Poder Ejecutivo, mediante mensaje n\u00ba 30, que propone aprobar en todas sus partes el Convenio Marco de Cooperaci\u00f3n, suscripto el 22 de septiembre de 2020, entre la Secretar\u00eda de Estado de Ciencia, Tecnolog\u00eda e Innovaci\u00f3n del Gobierno de San Juan, y la Municipalidad de J\u00e1chal, con la finalidad de brindar reciproca asistencia y cooperaci\u00f3n en todos aquellos aspectos que tengan relaci\u00f3n directa con actividades y fines propios de los organismos, sean de car\u00e1cter t\u00e9cnico, social, productivo y de todos aquellos que tengan por objeto el desarrollo organizado y sistem\u00e1tico de sus objetivos.<\/p>\n<p><span style=\"color: #800080;\"><strong>Incremento en la Pensi\u00f3n de Guerra de Malvinas<\/strong><\/span><\/p>\n<p>Despu\u00e9s, deber\u00e1 definir si otorga acuerdo al proyecto de Ley presentado por el Poder Ejecutivo, mediante mensaje n\u00ba 41, que propone modificar el art\u00edculo 5\u00ba de la Ley Provincial N\u00b0 615-S, por la cual se establecen disposiciones sobre beneficios a favor de los veteranos de guerra que consisten en incrementar desde abril de 2021 la pensi\u00f3n vitalicia de guerra.<\/p>\n<p>Con la finalidad de atender los requerimientos que surgen de las necesidades de los Veteranos de Guerra de Malvinas y sus familias, y con el objetivo fundamental de atenuar las secuelas provocadas por el conflicto b\u00e9lico; este asunto pretende otorgar un incremento respecto de la Pensi\u00f3n de Guerra de Malvinas, para que sus beneficiarios comiencen a percibir dicho aumento a partir del mes de abril de 2021<\/p>\n<p>De esta manera, la modificaci\u00f3n quedar\u00e1 redactada de la siguiente manera:<\/p>\n<p>\u00abART\u00cdCULO 5\u00b0.-Conc\u00e9dase a los veteranos de Guerra de Malvinas que cumplan con los requisitos establecidos por esta Ley, conforme las atribuciones previstas en el Art\u00edculo 150, Inciso 11) de la Constituci\u00f3n Provincial, una pensi\u00f3n vitalicia equivalente al ciento cuarenta por ciento (140%) de una asignaci\u00f3n de la categor\u00eda 24 del Escalaf\u00f3n del Empleado P\u00fablico Provincial, que se denominar\u00e1 Pensi\u00f3n de Guerra de Malvinas, a partir del mes de abril del a\u00f1o 2021, debiendo consignarse en esta forma las solicitudes, recibos y credenciales. Exti\u00e9ndase el beneficio anteriormente previsto a los causahabientes en caso de fallecimiento del titular, los que deber\u00e1n acreditar fehacientemente su v\u00ednculo, conforme lo determina el Art\u00edculo 53 de la Ley Nacional N\u00b024241 y sus modificatorias. A partir del mes de abril del ario 2022, la pensi\u00f3n vitalicia ser\u00e1 equivalente al ciento sesenta por ciento (160%) de una asignaci\u00f3n de la categor\u00eda 24 del Escalaf\u00f3n del Empleado P\u00fablico Provincial.\u00bb<\/p>\n<p><span style=\"color: #800080;\"><strong>Consolidaci\u00f3n de las leyes sancionadas en el a\u00f1o 2020<\/strong><\/span><\/p>\n<p>Posteriormente, en virtud del art\u00edculo 18 de la Ley N\u00b0 1260-E, la C\u00e1mara de Diputados deber\u00e1 tratar en esta segunda sesi\u00f3n ordinaria, el proyecto de consolidaci\u00f3n que comprende todas las leyes aprobadas en el per\u00edodo legislativo 01\/01\/2020 hasta el 31\/12\/2020, elaborado por el Departamento de Digesto Jur\u00eddico.<\/p>\n<p>Es importante remarcar que en el ordenamiento jur\u00eddico provincial solo existe una ley de consolidaci\u00f3n identificada bajo el N\u00b0 1260-E. No obstante, dicha norma se actualiza anualmente, luego de un proceso de consolidaci\u00f3n que comprende el relevamiento y an\u00e1lisis normativo de las leyes sancionadas y publicadas, an\u00e1lisis documental y epistemol\u00f3gico.<\/p>\n<p><span style=\"color: #800080;\"><strong>Informe Tribunal de Cuentas<\/strong><\/span><\/p>\n<p>Seguidamente, deber\u00e1 considerar el informe de Auditoria Cuenta General de Tribunal de Cuentas de la provincia de San Juan del ejercicio 2019.<\/p>\n<p><span style=\"color: #800080;\"><strong>Imposici\u00f3n de nombre a una escuela de Nivel Inicial de Rawson<\/strong><\/span><\/p>\n<p>A continuaci\u00f3n, los parlamentarios considerar\u00e1n el proyecto de Ley de autor\u00eda de la diputada Graciela Seva y los diputados Juan Carlos Gioja y Leonardo Gioja del bloque Justicialista, que propone la imposici\u00f3n del nombre \u00abEl Jard\u00edn de Francesco\u00bb a la Escuela de Nivel Inicial, E.N.I. N\u00b042, ubicado en calles Chacabuco y Juan de Dios Jofre sin n\u00famero, Barrio San Ricardo del departamento Rawson.<\/p>\n<p><span style=\"color: #800080;\"><strong>Declaraci\u00f3n de la tumba de Emar Acosta como Patrimonio Hist\u00f3rico<\/strong><\/span><\/p>\n<p>Por \u00faltimo, el cuerpo legislativo deber\u00e1 considerar el proyecto de Ley de autor\u00eda de la diputada Celina Ramella, del bloque Justicialista, que propone declarar como Monumento Conmemorativo dentro del Patrimonio Hist\u00f3rico de la provincia de San Juan, la tumba donde yacen los restos de Emar Acosta.<\/p>\n<p>De esta manera, el presente proyecto establece la incorporaci\u00f3n a la Ley 411-F, de los art\u00edculos 186, 187 y 188 que quedar\u00e1n redactados de la siguiente manera:<\/p>\n<p>\u201cTUMBA DE EMAR ACOSTA ART\u00cdCULO 186.- Se declara, en los t\u00e9rminos de la Ley N\u00b0 571-F, bien integrante del Patrimonio Hist\u00f3rico de la Provincia de San Juan, la tumba donde yacen los restos de Emar Acosta, primera diputada sanjuanina, argentina y latinoamericana, que se encuentra ubicada en el Cuartel 1\u00b0, Manzana 7a, Columna 437 del Cementerio de la Capital\u201d.<\/p>\n<p>\u201cART\u00cdCULO 187.- Se califica la tumba, como Monumento Conmemorativo, conforme el Art\u00edculo 4\u00b0, inciso A-5 de la Ley N\u00b0 571-F\u201d.<\/p>\n<p>\u201cART\u00cdCULO 188.- El Ministerio de Turismo y Cultura de la Provincia o quien lo reemplace en el futuro, tendr\u00e1 a su cargo la promoci\u00f3n del lugar como sitio de inter\u00e9s hist\u00f3rico, tur\u00edstico y cultural\u201d.<\/p>\n<\/div>\n<p>&nbsp;<\/p>\n<p><img loading=\"lazy\" decoding=\"async\" class=\"alignnone wp-image-24189 size-full\" src=\"https:\/\/vocesparalelas.com.ar\/sitio\/wp-content\/uploads\/2019\/10\/CAMARA-SAN-JUAN.jpg\" alt=\"\" width=\"800\" height=\"600\" srcset=\"https:\/\/vocesparalelas.com.ar\/sitio\/wp-content\/uploads\/2019\/10\/CAMARA-SAN-JUAN.jpg 800w, https:\/\/vocesparalelas.com.ar\/sitio\/wp-content\/uploads\/2019\/10\/CAMARA-SAN-JUAN-300x225.jpg 300w, https:\/\/vocesparalelas.com.ar\/sitio\/wp-content\/uploads\/2019\/10\/CAMARA-SAN-JUAN-768x576.jpg 768w\" sizes=\"auto, (max-width: 800px) 100vw, 800px\" \/><\/p>\n","protected":false},"excerpt":{"rendered":"<p>Durante la reuni\u00f3n de Labor Parlamentaria qued\u00f3 conformado\u00a0el temario del Orden del D\u00eda de la Segunda Sesi\u00f3n del Per\u00edodo Ordinario<\/p>\n","protected":false},"author":3,"featured_media":37061,"comment_status":"closed","ping_status":"closed","sticky":false,"template":"","format":"video","meta":{"_acf_changed":false,"_seopress_robots_primary_cat":"none","_seopress_titles_title":"","_seopress_titles_desc":"","_seopress_robots_index":"","colormag_page_container_layout":"default_layout","colormag_page_sidebar_layout":"default_layout","footnotes":""},"categories":[1,7],"tags":[],"class_list":["post-37059","post","type-post","status-publish","format-video","has-post-thumbnail","hentry","category-destacadas","category-videos","post_format-post-format-video"],"acf":[],"_links":{"self":[{"href":"https:\/\/vocesparalelas.com.ar\/sitio\/wp-json\/wp\/v2\/posts\/37059","targetHints":{"allow":["GET"]}}],"collection":[{"href":"https:\/\/vocesparalelas.com.ar\/sitio\/wp-json\/wp\/v2\/posts"}],"about":[{"href":"https:\/\/vocesparalelas.com.ar\/sitio\/wp-json\/wp\/v2\/types\/post"}],"author":[{"embeddable":true,"href":"https:\/\/vocesparalelas.com.ar\/sitio\/wp-json\/wp\/v2\/users\/3"}],"replies":[{"embeddable":true,"href":"https:\/\/vocesparalelas.com.ar\/sitio\/wp-json\/wp\/v2\/comments?post=37059"}],"version-history":[{"count":1,"href":"https:\/\/vocesparalelas.com.ar\/sitio\/wp-json\/wp\/v2\/posts\/37059\/revisions"}],"predecessor-version":[{"id":37062,"href":"https:\/\/vocesparalelas.com.ar\/sitio\/wp-json\/wp\/v2\/posts\/37059\/revisions\/37062"}],"wp:featuredmedia":[{"embeddable":true,"href":"https:\/\/vocesparalelas.com.ar\/sitio\/wp-json\/wp\/v2\/media\/37061"}],"wp:attachment":[{"href":"https:\/\/vocesparalelas.com.ar\/sitio\/wp-json\/wp\/v2\/media?parent=37059"}],"wp:term":[{"taxonomy":"category","embeddable":true,"href":"https:\/\/vocesparalelas.com.ar\/sitio\/wp-json\/wp\/v2\/categories?post=37059"},{"taxonomy":"post_tag","embeddable":true,"href":"https:\/\/vocesparalelas.com.ar\/sitio\/wp-json\/wp\/v2\/tags?post=37059"}],"curies":[{"name":"wp","href":"https:\/\/api.w.org\/{rel}","templated":true}]}}