{"id":37054,"date":"2021-04-20T23:39:23","date_gmt":"2021-04-21T02:39:23","guid":{"rendered":"http:\/\/vocesparalelas.com.ar\/sitio\/?p=37054"},"modified":"2021-04-25T23:50:48","modified_gmt":"2021-04-26T02:50:48","slug":"adicus-cerrado-hasta-el-lunes-03-de-mayo-pero-sigue-la-atencion-en-forma-virtual","status":"publish","type":"post","link":"https:\/\/vocesparalelas.com.ar\/sitio\/adicus-cerrado-hasta-el-lunes-03-de-mayo-pero-sigue-la-atencion-en-forma-virtual\/","title":{"rendered":"ADICUS cerrado hasta el Lunes, 03 de Mayo pero sigue la atenci\u00f3n en forma virtual"},"content":{"rendered":"<p>En consonancia con las medidas del gobierno nacional y provincial para reducir la circulaci\u00f3n, y teniendo en cuenta la cantidad de contagios que se suman d\u00eda a d\u00eda en San Juan, la Comisi\u00f3n Directiva de ADICUS decidi\u00f3 cerrar la atenci\u00f3n a los afiliados de la Sede Gremial hasta el Lunes, 03 de Mayo.<\/p>\n<p>Por esta raz\u00f3n, la atenci\u00f3n al p\u00fablico es s\u00f3lo de manera virtual, a trav\u00e9s de cualquiera de las v\u00edas de comunicaci\u00f3n como p\u00e1gina web, redes sociales, whatsapp, e-mail.<\/p>\n<p>En el comienzo de una segunda ola de contagios, desde ADICUS cree necesario volver a insistir en que todas las personas tomen todos los cuidados pertinentes:<\/p>\n<ul>\n<li>Lavate las manos con frecuencia. Us\u00e1 agua y jab\u00f3n o un desinfectante de manos a base de alcohol.<\/li>\n<li>Manten\u00e9 siempre el distanciamiento social.<\/li>\n<li>Utiliz\u00e1 mascarilla cuando no sea posible mantener el distanciamiento f\u00edsico.<\/li>\n<li>No te toqu\u00e9s los ojos, la nariz, ni la boca.<\/li>\n<li>Al toser o estornudar, cubrite la nariz y la boca con el codo flexionado, o con un pa\u00f1uelo.<\/li>\n<li>Si no te sent\u00eds bien, qu\u00e9date en casa, es por el bien de todos y todas.<\/li>\n<li>En caso de que tengas fiebre, tos o dificultad para respirar, busc\u00e1 atenci\u00f3n m\u00e9dica urgente.<\/li>\n<li>Si tuviste contacto estrecho con un caso positivo, aislate y controla tu temperatura y posibles s\u00edntomas.<\/li>\n<\/ul>\n<p><img loading=\"lazy\" decoding=\"async\" class=\"alignnone wp-image-37056 size-full\" src=\"https:\/\/vocesparalelas.com.ar\/sitio\/wp-content\/uploads\/2021\/04\/ADICUS-CERRADO.jpg\" alt=\"\" width=\"800\" height=\"800\" \/><\/p>\n<p>&nbsp;<\/p>\n","protected":false},"excerpt":{"rendered":"<p>En consonancia con las medidas del gobierno nacional y provincial para reducir la circulaci\u00f3n, y teniendo en cuenta la cantidad<\/p>\n","protected":false},"author":3,"featured_media":15835,"comment_status":"closed","ping_status":"closed","sticky":false,"template":"","format":"standard","meta":{"_acf_changed":false,"_seopress_robots_primary_cat":"none","_seopress_titles_title":"","_seopress_titles_desc":"","_seopress_robots_index":"","colormag_page_container_layout":"default_layout","colormag_page_sidebar_layout":"default_layout","footnotes":""},"categories":[2],"tags":[],"class_list":["post-37054","post","type-post","status-publish","format-standard","has-post-thumbnail","hentry","category-convocatorias"],"acf":[],"_links":{"self":[{"href":"https:\/\/vocesparalelas.com.ar\/sitio\/wp-json\/wp\/v2\/posts\/37054","targetHints":{"allow":["GET"]}}],"collection":[{"href":"https:\/\/vocesparalelas.com.ar\/sitio\/wp-json\/wp\/v2\/posts"}],"about":[{"href":"https:\/\/vocesparalelas.com.ar\/sitio\/wp-json\/wp\/v2\/types\/post"}],"author":[{"embeddable":true,"href":"https:\/\/vocesparalelas.com.ar\/sitio\/wp-json\/wp\/v2\/users\/3"}],"replies":[{"embeddable":true,"href":"https:\/\/vocesparalelas.com.ar\/sitio\/wp-json\/wp\/v2\/comments?post=37054"}],"version-history":[{"count":1,"href":"https:\/\/vocesparalelas.com.ar\/sitio\/wp-json\/wp\/v2\/posts\/37054\/revisions"}],"predecessor-version":[{"id":37057,"href":"https:\/\/vocesparalelas.com.ar\/sitio\/wp-json\/wp\/v2\/posts\/37054\/revisions\/37057"}],"wp:featuredmedia":[{"embeddable":true,"href":"https:\/\/vocesparalelas.com.ar\/sitio\/wp-json\/wp\/v2\/media\/15835"}],"wp:attachment":[{"href":"https:\/\/vocesparalelas.com.ar\/sitio\/wp-json\/wp\/v2\/media?parent=37054"}],"wp:term":[{"taxonomy":"category","embeddable":true,"href":"https:\/\/vocesparalelas.com.ar\/sitio\/wp-json\/wp\/v2\/categories?post=37054"},{"taxonomy":"post_tag","embeddable":true,"href":"https:\/\/vocesparalelas.com.ar\/sitio\/wp-json\/wp\/v2\/tags?post=37054"}],"curies":[{"name":"wp","href":"https:\/\/api.w.org\/{rel}","templated":true}]}}