{"id":37049,"date":"2021-04-20T22:57:02","date_gmt":"2021-04-21T01:57:02","guid":{"rendered":"http:\/\/vocesparalelas.com.ar\/sitio\/?p=37049"},"modified":"2021-04-20T22:57:02","modified_gmt":"2021-04-21T01:57:02","slug":"se-lanzaron-los-creditos-casa-propia","status":"publish","type":"post","link":"https:\/\/vocesparalelas.com.ar\/sitio\/se-lanzaron-los-creditos-casa-propia\/","title":{"rendered":"Se lanzaron los cr\u00e9ditos \u00abCasa Propia\u00bb"},"content":{"rendered":"<div class=\"itemBody\">\n<div class=\"itemFullText\">\n<p>El presidente Dr, Alberto Fern\u00e1ndez lanz\u00f3 este martes 87.000 cr\u00e9ditos para la refacci\u00f3n y la construcci\u00f3n de viviendas nuevas en todo el pa\u00eds en el marco del Programa Casa Propia. Lo hizo desde el Museo del Bicentenario de Casa Rosada acompa\u00f1ado por el ministro de Desarrollo Territorial y H\u00e1bitat, Jorge Ferraresi; jefe de Gabinete, Santiago Cafiero; mientras que a trav\u00e9s de videoconferencia en la cual particip\u00f3 Dr. Sergio U\u00f1ac junto a mandatarios de otras provincias.<\/p>\n<p>Junto al gobernador sanjuanino se encontraban el ministro de Obras y Servicios, Julio Ortiz Andino; secretario de Viviendas y H\u00e1bitat, Robert Garc\u00e9s; y director del IPV, Marcelo Yornet.<\/p>\n<p>El programa contempla dos nuevas l\u00ednea de financiamiento con tasa cero y ajustadas por la nueva f\u00f3rmula Hog.Ar, basada en la evoluci\u00f3n de los salarios, tanto para la compra de materiales y trabajos de mano de obra para mejoras habitacionales como para la construcci\u00f3n de viviendas nuevas de hasta 60 metros cuadrados.<\/p>\n<p>En el caso de los Cr\u00e9ditos Casa Propia para refacci\u00f3n, se trata de 65.000 cr\u00e9ditos personales que tendr\u00e1n un plazo de 36 meses y tres meses de gracia.<br \/>\nMientras que, para la construcci\u00f3n de casas nuevas en lote propio, se otorgar\u00e1n 22 mil cr\u00e9ditos por un monto m\u00e1ximo de 4 millones de pesos cada uno.<\/p>\n<p>El Programa Casa Propia es una pol\u00edtica federal de viviendas que busca brindar 264 mil soluciones habitacionales con el objetivo de garantizar el derecho a la vivienda y de promover su acceso igualitario.<\/p>\n<\/div>\n<div class=\"clr\"><\/div>\n<div><\/div>\n<\/div>\n<p><iframe loading=\"lazy\" title=\"U\u00f1ac acompa\u00f1\u00f3 al presidente Alberto Fern\u00e1ndez en el lanzamiento de los cr\u00e9ditos &quot;Casa Propia&quot;\" width=\"800\" height=\"450\" src=\"https:\/\/www.youtube.com\/embed\/GVqz1b9_glY?feature=oembed\" frameborder=\"0\" allow=\"accelerometer; autoplay; clipboard-write; encrypted-media; gyroscope; picture-in-picture\" allowfullscreen><\/iframe><\/p>\n","protected":false},"excerpt":{"rendered":"<p>El presidente Dr, Alberto Fern\u00e1ndez lanz\u00f3 este martes 87.000 cr\u00e9ditos para la refacci\u00f3n y la construcci\u00f3n de viviendas nuevas en<\/p>\n","protected":false},"author":3,"featured_media":37051,"comment_status":"closed","ping_status":"closed","sticky":false,"template":"","format":"standard","meta":{"_acf_changed":false,"_seopress_robots_primary_cat":"none","_seopress_titles_title":"","_seopress_titles_desc":"","_seopress_robots_index":"","colormag_page_container_layout":"default_layout","colormag_page_sidebar_layout":"default_layout","footnotes":""},"categories":[1],"tags":[],"class_list":["post-37049","post","type-post","status-publish","format-standard","has-post-thumbnail","hentry","category-destacadas"],"acf":[],"_links":{"self":[{"href":"https:\/\/vocesparalelas.com.ar\/sitio\/wp-json\/wp\/v2\/posts\/37049","targetHints":{"allow":["GET"]}}],"collection":[{"href":"https:\/\/vocesparalelas.com.ar\/sitio\/wp-json\/wp\/v2\/posts"}],"about":[{"href":"https:\/\/vocesparalelas.com.ar\/sitio\/wp-json\/wp\/v2\/types\/post"}],"author":[{"embeddable":true,"href":"https:\/\/vocesparalelas.com.ar\/sitio\/wp-json\/wp\/v2\/users\/3"}],"replies":[{"embeddable":true,"href":"https:\/\/vocesparalelas.com.ar\/sitio\/wp-json\/wp\/v2\/comments?post=37049"}],"version-history":[{"count":1,"href":"https:\/\/vocesparalelas.com.ar\/sitio\/wp-json\/wp\/v2\/posts\/37049\/revisions"}],"predecessor-version":[{"id":37052,"href":"https:\/\/vocesparalelas.com.ar\/sitio\/wp-json\/wp\/v2\/posts\/37049\/revisions\/37052"}],"wp:featuredmedia":[{"embeddable":true,"href":"https:\/\/vocesparalelas.com.ar\/sitio\/wp-json\/wp\/v2\/media\/37051"}],"wp:attachment":[{"href":"https:\/\/vocesparalelas.com.ar\/sitio\/wp-json\/wp\/v2\/media?parent=37049"}],"wp:term":[{"taxonomy":"category","embeddable":true,"href":"https:\/\/vocesparalelas.com.ar\/sitio\/wp-json\/wp\/v2\/categories?post=37049"},{"taxonomy":"post_tag","embeddable":true,"href":"https:\/\/vocesparalelas.com.ar\/sitio\/wp-json\/wp\/v2\/tags?post=37049"}],"curies":[{"name":"wp","href":"https:\/\/api.w.org\/{rel}","templated":true}]}}