{"id":37044,"date":"2021-04-20T21:32:14","date_gmt":"2021-04-21T00:32:14","guid":{"rendered":"http:\/\/vocesparalelas.com.ar\/sitio\/?p=37044"},"modified":"2021-04-20T21:53:56","modified_gmt":"2021-04-21T00:53:56","slug":"encuentros-en-el-dia-mundial-de-la-propiedad-intelectual-en-san-juan","status":"publish","type":"post","link":"https:\/\/vocesparalelas.com.ar\/sitio\/encuentros-en-el-dia-mundial-de-la-propiedad-intelectual-en-san-juan\/","title":{"rendered":"Encuentros en el D\u00eda Mundial de la Propiedad Intelectual en San Juan"},"content":{"rendered":"<p>El ministro de Educaci\u00f3n del Gobierno de San Juan, Lic. Felipe De Los R\u00edos, recibi\u00f3 a los referentes del Centro de Innovaci\u00f3n Educativa Tecnol\u00f3gica IxD junto al Centro de Educaci\u00f3n Cient\u00edfica y Tecnol\u00f3gica &#8211; CECyT &#8211; que detallaron el cronograma de disertaciones y actividades que se desarrollar\u00e1n en el conversatorio sobre \u201cLa evoluci\u00f3n de las ideas con base en la Propiedad Intelectual\u201d.<\/p>\n<p>Al conmemorarse el 26 de abril el D\u00eda Mundial de la Propiedad Intelectual, se realizar\u00e1n del 26 al 30 de abril charlas debate con el prop\u00f3sito de aportar saberes espec\u00edficos sobre la Propiedad Intelectual, el desarrollo de las ideas, su implementaci\u00f3n en las empresas y su importancia en el \u00e1mbito educativo. El objetivo es valorar la creatividad, la innovaci\u00f3n y el saber hacer.<\/p>\n<p>Podr\u00e1n intervenir docentes y estudiantes, aportando diferentes puntos de vista y miradas en relaci\u00f3n a \u201ccrear\u201d en vez de \u201ccopiar\u201d, mejorar en vez de criticar, aportando a la sociedad innovando y difundiendo el conocimiento de la evoluci\u00f3n de las ideas en base a la Propiedad Intelectual.<\/p>\n<p><span style=\"color: #99cc00;\"><strong>Cronograma de actividades<\/strong><\/span><\/p>\n<p><span style=\"color: #99cc00;\"><strong>Lunes, 26 de Abril, a las 15 horas<\/strong><\/span><\/p>\n<ul>\n<li>Tema: La Propiedad Intelectual, las Pymes y la Escuela<\/li>\n<li>Especialistas internacionales en Propiedad Intelectual. Ministerio de Educaci\u00f3n: directores de \u00e1rea y supervisores escolares; instituciones educativas: docentes y estudiantes.<\/li>\n<li>Moderadores: Renzo Carrozo y Celina Oro.<\/li>\n<\/ul>\n<p><span style=\"color: #99cc00;\"><strong>Martes, 27 de Abril, a las 18 horas<\/strong><\/span><\/p>\n<ul>\n<li>Tema: Rob\u00f3tica e Impresi\u00f3n 3D\u2013 Empresas del sector productivo. Dise\u00f1adores. Especialistas en impresi\u00f3n 3D y rob\u00f3tica.<\/li>\n<li>Ministerio de Educaci\u00f3n: directores de \u00e1rea y supervisores escolares; instituciones educativas: docentes y estudiantes.<\/li>\n<li>Moderadores: Rub\u00e9n Rojas y Desiree Campos<\/li>\n<\/ul>\n<p><span style=\"color: #99cc00;\"><strong>Mi\u00e9rcoles, 28 de Abril, a las 18 horas<\/strong><\/span><\/p>\n<ul>\n<li>Tema: Ambiente y Energ\u00edas Renovables \u2013 Especialistas de Instituciones P\u00fablicas y Privadas relacionadas con el medio ambiente y energ\u00edas renovables y sostenibles. Ministerio de Educaci\u00f3n: directores de \u00e1rea y supervisores escolares; instituciones educativas: docentes y estudiantes.<\/li>\n<li>Moderador\/a: Valeria Lezcano y Celina Oro.<\/li>\n<\/ul>\n<p><span style=\"color: #99cc00;\"><strong>Jueves, 29 de Abril, a las 18 horas<\/strong><\/span><\/p>\n<ul>\n<li>Tema: Arte, Emprendimientos e Industria Cultural \u2013 Empresas culturales, Espacios de Arte y Cultura. Ministerio de Educaci\u00f3n: directores de \u00e1rea y supervisores escolares; instituciones educativas: docentes y estudiantes.<\/li>\n<li>Moderador: Jorge Porres<\/li>\n<\/ul>\n<p><span style=\"color: #99cc00;\"><strong>Viernes, 30 de Abril, a las 18 horas<\/strong><\/span><\/p>\n<ul>\n<li>Tema: Era Digital: Cultura y Educaci\u00f3n &#8211; Empresas de Marketing Digital e Innovaci\u00f3n. Ministerio de Educaci\u00f3n: directores de \u00e1rea y supervisores escolares; instituciones educativas: docentes y estudiantes.<\/li>\n<li>Cierre: en referencia al D\u00eda del Trabajo. Moderador\/a: Mat\u00edas De La Cruz<\/li>\n<\/ul>\n<p><span style=\"color: #99cc00;\"><strong>Las plataformas en las que se emitir\u00e1 son:<\/strong> <\/span>YouTube y Facebook (IxD &#8211; ME)<\/p>\n<p>Por mayor informaci\u00f3n o consultas en horario de 8 a 13 comunicarse a 2645724002<\/p>\n<p>&nbsp;<\/p>\n<p>&nbsp;<\/p>\n<p>&nbsp;<\/p>\n","protected":false},"excerpt":{"rendered":"<p>El ministro de Educaci\u00f3n del Gobierno de San Juan, Lic. Felipe De Los R\u00edos, recibi\u00f3 a los referentes del Centro<\/p>\n","protected":false},"author":3,"featured_media":37046,"comment_status":"closed","ping_status":"closed","sticky":false,"template":"","format":"standard","meta":{"_acf_changed":false,"_seopress_robots_primary_cat":"none","_seopress_titles_title":"","_seopress_titles_desc":"","_seopress_robots_index":"","colormag_page_container_layout":"default_layout","colormag_page_sidebar_layout":"default_layout","footnotes":""},"categories":[1],"tags":[],"class_list":["post-37044","post","type-post","status-publish","format-standard","has-post-thumbnail","hentry","category-destacadas"],"acf":[],"_links":{"self":[{"href":"https:\/\/vocesparalelas.com.ar\/sitio\/wp-json\/wp\/v2\/posts\/37044","targetHints":{"allow":["GET"]}}],"collection":[{"href":"https:\/\/vocesparalelas.com.ar\/sitio\/wp-json\/wp\/v2\/posts"}],"about":[{"href":"https:\/\/vocesparalelas.com.ar\/sitio\/wp-json\/wp\/v2\/types\/post"}],"author":[{"embeddable":true,"href":"https:\/\/vocesparalelas.com.ar\/sitio\/wp-json\/wp\/v2\/users\/3"}],"replies":[{"embeddable":true,"href":"https:\/\/vocesparalelas.com.ar\/sitio\/wp-json\/wp\/v2\/comments?post=37044"}],"version-history":[{"count":2,"href":"https:\/\/vocesparalelas.com.ar\/sitio\/wp-json\/wp\/v2\/posts\/37044\/revisions"}],"predecessor-version":[{"id":37048,"href":"https:\/\/vocesparalelas.com.ar\/sitio\/wp-json\/wp\/v2\/posts\/37044\/revisions\/37048"}],"wp:featuredmedia":[{"embeddable":true,"href":"https:\/\/vocesparalelas.com.ar\/sitio\/wp-json\/wp\/v2\/media\/37046"}],"wp:attachment":[{"href":"https:\/\/vocesparalelas.com.ar\/sitio\/wp-json\/wp\/v2\/media?parent=37044"}],"wp:term":[{"taxonomy":"category","embeddable":true,"href":"https:\/\/vocesparalelas.com.ar\/sitio\/wp-json\/wp\/v2\/categories?post=37044"},{"taxonomy":"post_tag","embeddable":true,"href":"https:\/\/vocesparalelas.com.ar\/sitio\/wp-json\/wp\/v2\/tags?post=37044"}],"curies":[{"name":"wp","href":"https:\/\/api.w.org\/{rel}","templated":true}]}}