{"id":37032,"date":"2021-04-20T01:40:57","date_gmt":"2021-04-20T04:40:57","guid":{"rendered":"http:\/\/vocesparalelas.com.ar\/sitio\/?p=37032"},"modified":"2021-04-21T21:54:37","modified_gmt":"2021-04-22T00:54:37","slug":"deben-presentar-factura-los-contratados-de-servicios-generales-y-personal-administrativo-de-educacion-de-san-juan","status":"publish","type":"post","link":"https:\/\/vocesparalelas.com.ar\/sitio\/deben-presentar-factura-los-contratados-de-servicios-generales-y-personal-administrativo-de-educacion-de-san-juan\/","title":{"rendered":"Deben presentar factura los contratados de servicios generales y personal administrativo de Educaci\u00f3n de San Juan"},"content":{"rendered":"<p>La Secretar\u00eda de Coordinaci\u00f3n Administrativa y Financiera del Ministerio de Educaci\u00f3n del Gobierno de San Juan informa que las personas bajo el r\u00e9gimen de Contratos Administrativos de Colaboraci\u00f3n para Tareas Administrativas y de Servicios Generales que poseen Contratos de Colaboraci\u00f3n, deben presentar facturas del mes de abril.<\/p>\n<p>El personal de Servicios Generales (porteros) deben presentar al director del establecimiento educativo donde se desempe\u00f1a la Factura Electr\u00f3nica correspondiente al mes de abril 2021. Luego el equipo directivo o responsable designado para esta tarea deber\u00e1 entregarlas en el centro c\u00edvico seg\u00fan el siguiente cronograma:<\/p>\n<p><img loading=\"lazy\" decoding=\"async\" class=\"alignnone wp-image-37034 size-full\" src=\"https:\/\/vocesparalelas.com.ar\/sitio\/wp-content\/uploads\/2021\/04\/CONTRATADOS-01.jpg\" alt=\"\" width=\"800\" height=\"438\" srcset=\"https:\/\/vocesparalelas.com.ar\/sitio\/wp-content\/uploads\/2021\/04\/CONTRATADOS-01.jpg 800w, https:\/\/vocesparalelas.com.ar\/sitio\/wp-content\/uploads\/2021\/04\/CONTRATADOS-01-300x164.jpg 300w, https:\/\/vocesparalelas.com.ar\/sitio\/wp-content\/uploads\/2021\/04\/CONTRATADOS-01-768x420.jpg 768w\" sizes=\"auto, (max-width: 800px) 100vw, 800px\" \/><\/p>\n<p><span style=\"color: #00ff00;\"><strong>Contratados de Zonas Alejadas<\/strong><\/span><\/p>\n<p>Las personas contratadas que viven en los departamentos de Calingasta, Iglesia, J\u00e1chal y Valle F\u00e9rtil deber\u00e1n entregar la factura electr\u00f3nica impresa a su director y este directivo deber\u00e1 enviarlas en un sobre a la Unidad de Gesti\u00f3n correspondiente<\/p>\n<p>La factura tienen que ser electr\u00f3nicas y confeccionadas de la siguiente manera:<\/p>\n<p><span style=\"color: #00ff00;\"><strong>Factura mes de marzo 2021<\/strong>:<\/span><\/p>\n<ul>\n<li><span style=\"color: #00ff00;\"><strong>Fecha de emisi\u00f3n:<\/strong> <\/span>31\/03\/2021<\/li>\n<li><span style=\"color: #00ff00;\"><strong>Periodo facturado:<\/strong><\/span> desde el 01\/04\/2021 hasta el 30\/04\/2021.<\/li>\n<li><span style=\"color: #00ff00;\"><strong>Vencimiento<\/strong>:<\/span> 31\/05\/2021.<\/li>\n<li><span style=\"color: #00ff00;\"><strong>CUIT Gobierno de la Provincia<\/strong>:<\/span> 30-99901516-2.<\/li>\n<li><span style=\"color: #00ff00;\"><strong>Condici\u00f3n frente al IVA:<\/strong> <\/span>IVA sujeto exento.<\/li>\n<li><span style=\"color: #00ff00;\"><strong>Condici\u00f3n de venta:<\/strong><\/span> otra<\/li>\n<li><span style=\"color: #00ff00;\"><strong>Detalle:<\/strong><\/span> Pago de honorarios por Contrato Administrativo de Servicio de Colaboraci\u00f3n mes de marzo de 2021.-<\/li>\n<li><span style=\"color: #00ff00;\"><strong>Monto a facturar (para porteros):<\/strong> <\/span>FACTURA MES DE ABRIL 2021 $16.702,00.-<\/li>\n<li><span style=\"color: #00ff00;\"><strong>Conformaci\u00f3n de factura:<\/strong><\/span> al dorso de la factura, en la parte de atr\u00e1s, deber\u00e1 colocar lo siguiente:<\/li>\n<\/ul>\n<p>\u201cARTICULOS 6\u00b0 Y 11\u00ba LEY N\u00ba 793-A. CL\u00c1USULA CUARTA DEL CONTRATO ADMINISTRATIVO DE SERVICIOS DE COLABORACI\u00d3N\u201d.<\/p>\n<p>SAN JUAN, 30\/04\/2021.<\/p>\n<p>Presentaci\u00f3n de seguros generales. Con la firma y sello del directivo (es obligatoria su presentaci\u00f3n): constancia de pago del mes de abril 2021 (fotocopia legible con datos del asegurado nombre y apellido, legalizada por directivo). En caso de presentar el comprobante de pago emitido por el seguro, este debe tener fecha de marzo 2021. Sin excepci\u00f3n.<\/p>\n<p><span style=\"color: #00ff00;\"><strong>Contratados con funciones administrativas<\/strong><\/span><\/p>\n<p>Tienen que presentaran la factura en la oficina de personal administrativo con el monto correspondiente a cada contrato, desde el 21 al 27 de abril de 2021, en horario de 7:30 a 12:30 horas.<\/p>\n<p>&nbsp;<\/p>\n<p>&nbsp;<\/p>\n<p>&nbsp;<\/p>\n","protected":false},"excerpt":{"rendered":"<p>La Secretar\u00eda de Coordinaci\u00f3n Administrativa y Financiera del Ministerio de Educaci\u00f3n del Gobierno de San Juan informa que las personas<\/p>\n","protected":false},"author":3,"featured_media":37035,"comment_status":"closed","ping_status":"closed","sticky":false,"template":"","format":"standard","meta":{"_acf_changed":false,"_seopress_robots_primary_cat":"none","_seopress_titles_title":"","_seopress_titles_desc":"","_seopress_robots_index":"","colormag_page_container_layout":"default_layout","colormag_page_sidebar_layout":"default_layout","footnotes":""},"categories":[5],"tags":[],"class_list":["post-37032","post","type-post","status-publish","format-standard","has-post-thumbnail","hentry","category-ofrecimientos"],"acf":[],"_links":{"self":[{"href":"https:\/\/vocesparalelas.com.ar\/sitio\/wp-json\/wp\/v2\/posts\/37032","targetHints":{"allow":["GET"]}}],"collection":[{"href":"https:\/\/vocesparalelas.com.ar\/sitio\/wp-json\/wp\/v2\/posts"}],"about":[{"href":"https:\/\/vocesparalelas.com.ar\/sitio\/wp-json\/wp\/v2\/types\/post"}],"author":[{"embeddable":true,"href":"https:\/\/vocesparalelas.com.ar\/sitio\/wp-json\/wp\/v2\/users\/3"}],"replies":[{"embeddable":true,"href":"https:\/\/vocesparalelas.com.ar\/sitio\/wp-json\/wp\/v2\/comments?post=37032"}],"version-history":[{"count":1,"href":"https:\/\/vocesparalelas.com.ar\/sitio\/wp-json\/wp\/v2\/posts\/37032\/revisions"}],"predecessor-version":[{"id":37036,"href":"https:\/\/vocesparalelas.com.ar\/sitio\/wp-json\/wp\/v2\/posts\/37032\/revisions\/37036"}],"wp:featuredmedia":[{"embeddable":true,"href":"https:\/\/vocesparalelas.com.ar\/sitio\/wp-json\/wp\/v2\/media\/37035"}],"wp:attachment":[{"href":"https:\/\/vocesparalelas.com.ar\/sitio\/wp-json\/wp\/v2\/media?parent=37032"}],"wp:term":[{"taxonomy":"category","embeddable":true,"href":"https:\/\/vocesparalelas.com.ar\/sitio\/wp-json\/wp\/v2\/categories?post=37032"},{"taxonomy":"post_tag","embeddable":true,"href":"https:\/\/vocesparalelas.com.ar\/sitio\/wp-json\/wp\/v2\/tags?post=37032"}],"curies":[{"name":"wp","href":"https:\/\/api.w.org\/{rel}","templated":true}]}}