{"id":37015,"date":"2021-04-19T23:47:50","date_gmt":"2021-04-20T02:47:50","guid":{"rendered":"http:\/\/vocesparalelas.com.ar\/sitio\/?p=37015"},"modified":"2021-04-20T00:24:44","modified_gmt":"2021-04-20T03:24:44","slug":"san-juan-tiene-oficina-de-asistencia-a-victimas-de-siniestros-viales","status":"publish","type":"post","link":"https:\/\/vocesparalelas.com.ar\/sitio\/san-juan-tiene-oficina-de-asistencia-a-victimas-de-siniestros-viales\/","title":{"rendered":"San Juan tiene oficina de Asistencia a V\u00edctimas de Siniestros Viales"},"content":{"rendered":"<div class=\"itemFullText jbintrotext\">\n<p>Recientemente, cuando el vicegobernador en ejercicio del Poder Ejecutivo de San Juan, CPN Roberto Gattoni particip\u00f3 junto a la ministro de Gobierno, Dra. Fabiola Aubone y el intendente de la Municipalidad de la ciudad de San Juan, Dr. Emilio Baistrocchi, dieron inicio la Oficina Provincial de la Red Federal de Asistencia a V\u00edctimas y familiares de v\u00edctimas de Siniestros Viales.<\/p>\n<\/div>\n<div class=\"itemFullText\">\n<p>El objetivo de la oficina habilitada es el de acompa\u00f1ar y asesorar en forma gratuita a las v\u00edctimas de siniestros viales y sus familiares y la asistencia posterior a los siniestros.<\/p>\n<p>El nuevo local de la oficina est\u00e1 localizado en calle Laprida pasando Catamarca y\u00a0en la ocasi\u00f3n, asisti\u00f3 el director de Coordinaci\u00f3n Interjurisdiccional y Normalizaci\u00f3n Normativa de la Agencia Nacional de Seguridad Vial, Juan Eduardo Olmos y estuvieron presentes el secretario de Tr\u00e1nsito y Transporte, Jorge Armend\u00e1riz; el director de Tr\u00e1nsito y Planeamiento de Movilidad, Arq. Carlos Romero Grezzi; el director de Control y Seguridad del Tr\u00e1nsito, Federico Rizo Cibeira; el director de Trnasporte, Dr. Gonzalo Rojas y en representaci\u00f3n de la asociaci\u00f3n de Familiares de V\u00edctimas en el Tr\u00e1nsito, Guillermo Chirino y por Estrellas Amarillas, Paula Liuzzi.<\/p>\n<p><img loading=\"lazy\" decoding=\"async\" class=\"alignnone wp-image-37019 size-full\" src=\"https:\/\/vocesparalelas.com.ar\/sitio\/wp-content\/uploads\/2021\/04\/OFICIAN-VICTIMAS-VIALES-02.jpg\" alt=\"\" width=\"800\" height=\"547\" srcset=\"https:\/\/vocesparalelas.com.ar\/sitio\/wp-content\/uploads\/2021\/04\/OFICIAN-VICTIMAS-VIALES-02.jpg 800w, https:\/\/vocesparalelas.com.ar\/sitio\/wp-content\/uploads\/2021\/04\/OFICIAN-VICTIMAS-VIALES-02-300x205.jpg 300w, https:\/\/vocesparalelas.com.ar\/sitio\/wp-content\/uploads\/2021\/04\/OFICIAN-VICTIMAS-VIALES-02-768x525.jpg 768w, https:\/\/vocesparalelas.com.ar\/sitio\/wp-content\/uploads\/2021\/04\/OFICIAN-VICTIMAS-VIALES-02-130x90.jpg 130w\" sizes=\"auto, (max-width: 800px) 100vw, 800px\" \/><\/p>\n<p>En primer t\u00e9rmino hizo uso de la palabra el secretario de Tr\u00e1nsito, Jorge Armend\u00e1riz quien destac\u00f3 la importancia del convenio suscripto, como tambi\u00e9n mostr\u00f3 su satisfacci\u00f3n por la inauguraci\u00f3n de la oficina, al tiempo que agradeci\u00f3 la visita del funcionario nacional.<\/p>\n<p>A continuaci\u00f3n, el intendente municipal de la ciudad de San Juan, Emilio Baistrocchi,<\/p>\n<p>puso \u00e9nfasis en la trascendencia del trabajo coordinado desde la cartera de Gobierno y apunt\u00f3 al hecho concreto que pod\u00eda apreciarse la mejora en las estad\u00edsticas y formul\u00f3 un reconocimiento por todas las acciones realizadas.<\/p>\n<p>Por su parte, el director de Coordinaci\u00f3n Interjurisdiccional y Normalizaci\u00f3n Normativa de la Agencia Nacional de Seguridad Vial, Juan Eduardo Olmos, expres\u00f3 entre otros conceptos que \u201cel convenio que firmamos lo hemos trabajado con las autoridades provinciales y, al respecto, hubo algo que para m\u00ed result\u00f3 muy importante que fue el env\u00edo del convenio, del borrador y una devoluci\u00f3n efectiva, como tambi\u00e9n tuvimos un encuentro v\u00eda Zoom con el Asesor Letrado de la provincia y nos dieron incluso una devoluci\u00f3n, pero m\u00e1s all\u00e1 de lo acertado, pod\u00eda advertirse la preocupaci\u00f3n por lo que estaban firmando y fue tan efectiva que de hecho al d\u00eda de hoy, el modelo que nosotros tenemos de convenio fue modificado en base al convenio firmado con San Juan\u201d.<\/p>\n<p>Por \u00faltimo, indic\u00f3 que \u201cla percepci\u00f3n que me qued\u00f3 a m\u00ed fue, no est\u00e1 firm\u00e1ndose un convenio porque s\u00ed, al contrario son conscientes de lo que est\u00e1n firmando y avanzan en forma concreta hacia su realizaci\u00f3n\u201d.<\/p>\n<p>Cerr\u00f3 la lista de oradores el vicegobernador en ejercicio del Poder Ejecutivo, Roberto Gattoni, quien sostuvo que \u201cestoy muy satisfecho con que lo urgente no le reste m\u00e9rito a lo importante, porque pareciera que la pandemia lo es todo y, sin embargo, hoy estamos inaugurando una oficina que tiene que ver con un flagelo que preced\u00eda, estuvo y seguramente continuar\u00e1 despu\u00e9s de la pandemia\u201d.<\/p>\n<p>\u201cPrecisamente \u2013 continu\u00f3 diciendo- este flagelo, los accidentes viales, cobran muchas v\u00edctimas y aunque no voy a brindar estad\u00edsticas, s\u00e9 que es una de las causas de mayor cantidad de fallecimientos en la Rep\u00fablica Argentina, por lo cual es muy importante que sigamos trabajando fuertemente en la contenci\u00f3n de las v\u00edctimas y familiares de las v\u00edctimas de accidentes viales\u201d.<\/p>\n<p>Al dirigirse al funcionario nacional visitante, Gattoni expres\u00f3 que \u201cquiero contarte Juan (Eduardo Olmos) que no me llam\u00f3 la atenci\u00f3n cuando destacaste el compromiso de las autoridades del Ministerio de Gobierno en cabeza de Fabiola (Aubone), con lo vinculado al convenio, que no es tan solo la firma del mismo\u201d.<\/p>\n<p>Destac\u00f3 en el mismo sentido Gattoni que \u201cello tiene que ver con pol\u00edticas que vienen desarroll\u00e1ndose en la gesti\u00f3n del gobierno del doctor Sergio U\u00f1ac y Emilio (Baistrocchi) tambi\u00e9n, quien al hacer gala de su humildad no lo dijo, pero a partir de su paso por el Ministerio de Gobierno con la realizaci\u00f3n de todos los operativos de seguridad vial disminuy\u00f3 dr\u00e1sticamente la cantidad de accidentes y v\u00edctimas fatales en San Juan y sin lugar a dudas est\u00e1 relacionado con un estilo de trabajo que tanto Emilio como Fabiola han desarrollado en esta \u00e1rea de gobierno\u201d.<\/p>\n<p>Finaliz\u00f3 diciendo que \u201cesta Red Federal funciona como nexo entre Naci\u00f3n, provincia, municipios y organismos privados que articulan, organizan y administran los recursos para ofrecer una r\u00e1pida y oportuna respuesta a las v\u00edctimas o familiares de las v\u00edctimas. Eso es muy importante, porque m\u00e1s all\u00e1 de las pertenencias pol\u00edticas, de las cuestiones partidarias, estamos trabajando en fortalecernos institucionalmente, federalmente tambi\u00e9n todo el pa\u00eds abarcando todas las instituciones, este nexo vinculado adem\u00e1s con los tres ejes que apuntan a la asistencia jur\u00eddica, la contenci\u00f3n psicol\u00f3gica y la asistencia social, el traslado, hospedaje y asistencia econ\u00f3mica para los sectores m\u00e1s vulnerables que son v\u00edctimas de estos siniestros viales, creo entonces que cumplimos con un rol muy importante\u201d.<\/p>\n<p>Tras el simb\u00f3lico corte de cinta que dej\u00f3 habilitada la nueva oficina, las autoridades encabezadas por el vicegobernador Gattoni descubrieron una placa recordatoria y recorrieron las instalaciones.<\/p>\n<\/div>\n","protected":false},"excerpt":{"rendered":"<p>Recientemente, cuando el vicegobernador en ejercicio del Poder Ejecutivo de San Juan, CPN Roberto Gattoni particip\u00f3 junto a la ministro<\/p>\n","protected":false},"author":3,"featured_media":37017,"comment_status":"closed","ping_status":"closed","sticky":false,"template":"","format":"standard","meta":{"_acf_changed":false,"_seopress_robots_primary_cat":"none","_seopress_titles_title":"","_seopress_titles_desc":"","_seopress_robots_index":"","colormag_page_container_layout":"default_layout","colormag_page_sidebar_layout":"default_layout","footnotes":""},"categories":[1],"tags":[],"class_list":["post-37015","post","type-post","status-publish","format-standard","has-post-thumbnail","hentry","category-destacadas"],"acf":[],"_links":{"self":[{"href":"https:\/\/vocesparalelas.com.ar\/sitio\/wp-json\/wp\/v2\/posts\/37015","targetHints":{"allow":["GET"]}}],"collection":[{"href":"https:\/\/vocesparalelas.com.ar\/sitio\/wp-json\/wp\/v2\/posts"}],"about":[{"href":"https:\/\/vocesparalelas.com.ar\/sitio\/wp-json\/wp\/v2\/types\/post"}],"author":[{"embeddable":true,"href":"https:\/\/vocesparalelas.com.ar\/sitio\/wp-json\/wp\/v2\/users\/3"}],"replies":[{"embeddable":true,"href":"https:\/\/vocesparalelas.com.ar\/sitio\/wp-json\/wp\/v2\/comments?post=37015"}],"version-history":[{"count":1,"href":"https:\/\/vocesparalelas.com.ar\/sitio\/wp-json\/wp\/v2\/posts\/37015\/revisions"}],"predecessor-version":[{"id":37020,"href":"https:\/\/vocesparalelas.com.ar\/sitio\/wp-json\/wp\/v2\/posts\/37015\/revisions\/37020"}],"wp:featuredmedia":[{"embeddable":true,"href":"https:\/\/vocesparalelas.com.ar\/sitio\/wp-json\/wp\/v2\/media\/37017"}],"wp:attachment":[{"href":"https:\/\/vocesparalelas.com.ar\/sitio\/wp-json\/wp\/v2\/media?parent=37015"}],"wp:term":[{"taxonomy":"category","embeddable":true,"href":"https:\/\/vocesparalelas.com.ar\/sitio\/wp-json\/wp\/v2\/categories?post=37015"},{"taxonomy":"post_tag","embeddable":true,"href":"https:\/\/vocesparalelas.com.ar\/sitio\/wp-json\/wp\/v2\/tags?post=37015"}],"curies":[{"name":"wp","href":"https:\/\/api.w.org\/{rel}","templated":true}]}}