{"id":37011,"date":"2021-04-19T23:39:26","date_gmt":"2021-04-20T02:39:26","guid":{"rendered":"http:\/\/vocesparalelas.com.ar\/sitio\/?p=37011"},"modified":"2021-04-19T23:39:26","modified_gmt":"2021-04-20T02:39:26","slug":"mantuvieron-encuentros-en-el-seno-de-las-comisiones-de-la-camara-de-diputados-de-san-juan","status":"publish","type":"post","link":"https:\/\/vocesparalelas.com.ar\/sitio\/mantuvieron-encuentros-en-el-seno-de-las-comisiones-de-la-camara-de-diputados-de-san-juan\/","title":{"rendered":"Mantuvieron encuentros en el seno de las comisiones de la C\u00e1mara de Diputados de San Juan"},"content":{"rendered":"<div class=\"itemFullText jbintrotext\">\n<p>Los integrantes de las comisiones de Obras y Servicios; Justicia y Seguridad; Hacienda y Presupuesto; y Legislaci\u00f3n y Asuntos Constitucionales, analizaron\u00a0 y otorgaron despacho favorable a diversos proyectos ingresados.<\/p>\n<\/div>\n<div class=\"itemFullText\">\n<p>Durante las reuniones de las Comisiones de Obras y Servicios P\u00fablicos, y Hacienda y Prepuesto, los legisladores trataron y dieron despacho favorable a dos proyectos de ley que proponen la ratificaci\u00f3n de convenios firmados entre la provincia y el Ministerio de Transporte de la Naci\u00f3n, referidos a la realizaci\u00f3n de mejoras de infraestructura en el marco del Sistema de Transporte P\u00fablico de Pasajeros denominado \u201cRedTulum\u201d.\u00a0 El primero, apunta al Centro de Transbordo en avenida C\u00f3rdoba y el segundo, a la Estaci\u00f3n de Transbordo de la calle Mitre.<\/p>\n<p>Asimismo, las comisiones antes mencionadas analizaron tres convenios m\u00e1s. Uno de ellos fue suscripto con el Ministerio de Transporte de la Naci\u00f3n para transferir a la provincia de San Juan las acreencias liquidadas en el marco de la Ley N\u00b0 27.467. Y los otros dos convenios firmados en el marco del Programa Casa Propia- Construir Futuro, entre la Secretar\u00eda de H\u00e1bitat del Ministerio de Desarrollo Territorial y H\u00e1bitat y la provincia de San Juan, para la construcci\u00f3n de viviendas en los departamentos Rivadavia y Pocito.<\/p>\n<p>Por otra parte, en la Comisi\u00f3n de Obras y Servicios P\u00fablicos, los legisladores y legisladoras estudiaron el convenio Marco de Colaboraci\u00f3n entre el Ministerio de Obras y Servicios P\u00fablicos de San Juan y la Direcci\u00f3n Nacional de Migraciones para el eficaz desarrollo de la Delegaci\u00f3n San Juan de la Direcci\u00f3n Nacional de Migraciones.<\/p>\n<p>Mientras que en la Comisi\u00f3n de Hacienda y Presupuesto, los diputados y diputadas analizaron y dieron despacho favorable a diferentes proyectos de ley que ratifican convenios sobre el \u201cPrograma de Reactivaci\u00f3n del Sector Productivo- Bonificaci\u00f3n de Tasa de Inter\u00e9s\u201d, \u201cFinanciamiento de Capital de Trabajo-Descuento de Cheques\u201d e \u201cIncentivo al consumo y Reactivaci\u00f3n Econ\u00f3mica en Comercios \u201c. Tambi\u00e9n, un acuerdo sobre la determinaci\u00f3n de \u00e1reas de suelos donde se implementa manejo sustentable de la tierra; otro sobre el Instituto Nacional del Agua \u00abINA\u00bb para inspeccionar, informar y asesorar sobre la obra de Perforaci\u00f3n ubicada en el Parque Tur\u00edstico y de Aventura Quebrada de Zonda-Departamento Rivadavia; otro convenio sobre el Servicio T\u00e9cnico Especializado para el Desarrollo Sustentable del Ambiente en los Altos Valles Andinos;\u00a0 tambi\u00e9n un Acta con la Agencia Territorial San Juan, Ministerio de Trabajo, Empleo y Seguridad Social de la Naci\u00f3n para acordar la tenencia del inmueble sito en calle Santa Fe; y por \u00faltimo, un acuerdo de Refinanciaci\u00f3n entre la Administraci\u00f3n Nacional de la Seguridad Social y la provincia. Asimismo, trataron en dicha Comisi\u00f3n, el Dictamen de la Cuenta General 2019 del Tribunal de Cuentas que abarca el per\u00edodo 01-01-2019 al 31-12- 2019.<\/p>\n<p>En cuanto a los proyectos de Ley que proponen, por un lado, la aprobaci\u00f3n de dos convenios, sobre la ejecuci\u00f3n del Plan Nacional Argentina Contra el Hambre; y sobre la incorporaci\u00f3n de graduados en el desarrollo de tareas de vinculaci\u00f3n tecnol\u00f3gica, y por el otro, la modificaci\u00f3n de la Ley Provincial N\u00b0 615-S, los tres asuntos obtuvieron despacho positivo en las Comisiones de Hacienda y Presupuesto, y Legislaci\u00f3n y Asuntos Constituciones (LAC). A su vez, los integrantes de estas dos comisiones antes mencionadas junto con la Comisi\u00f3n de Obras y Servicios otorgaron dictamen favorable al acuerdo que plantea brindar asistencia financiera y adhesi\u00f3n entre el Fondo Fiduciario Federal de Infraestructura Regional para el Proyecto T\u00fanel de Zonda.<\/p>\n<p>Adem\u00e1s, la Comisi\u00f3n de LAC emiti\u00f3 despacho favorable a los siguientes proyectos de ley que proponen la aprobaci\u00f3n de diversos convenios firmados entre la Agencia Calidad San Juan y la Secretaria de Estado de Ciencia, Tecnolog\u00eda e Innovaci\u00f3n de la provincia; otro entre la Municipalidad de la Ciudad de San Juan y el Ministerio de Hacienda y Finanzas; entre el Ministerio de las Mujeres, G\u00e9neros y Diversidad y la provincia de San Juan. Tambi\u00e9n, tres acuerdos de la Secretar\u00eda de Estado de Ciencia, Tecnolog\u00eda e Innovaci\u00f3n con la Municipalidad de la Ciudad de San Juan, la Municipalidad de J\u00e1chal y el tercero con el Consejo Profesional de En\u00f3logos de San Juan. Y por \u00faltimo, abordaron el proyecto que contiene el informe t\u00e9cnico de consolidaci\u00f3n anual para dar cumplimiento al art\u00edculo 18 de la Ley N\u00b01260-E.<\/p>\n<p>Cabe se\u00f1alar que la Comisi\u00f3n de Justicia y Seguridad avanz\u00f3 en el tratamiento del proyecto de Ley que propone un R\u00e9gimen de excepcionalidad de Regularizaci\u00f3n de Escrituras de Viviendas Sociales.<\/p>\n<p><img loading=\"lazy\" decoding=\"async\" class=\"alignnone wp-image-24189 size-large\" src=\"https:\/\/vocesparalelas.com.ar\/sitio\/wp-content\/uploads\/2019\/10\/CAMARA-SAN-JUAN-800x600.jpg\" alt=\"\" width=\"800\" height=\"600\" srcset=\"https:\/\/vocesparalelas.com.ar\/sitio\/wp-content\/uploads\/2019\/10\/CAMARA-SAN-JUAN.jpg 800w, https:\/\/vocesparalelas.com.ar\/sitio\/wp-content\/uploads\/2019\/10\/CAMARA-SAN-JUAN-300x225.jpg 300w, https:\/\/vocesparalelas.com.ar\/sitio\/wp-content\/uploads\/2019\/10\/CAMARA-SAN-JUAN-768x576.jpg 768w\" sizes=\"auto, (max-width: 800px) 100vw, 800px\" \/><\/p>\n<\/div>\n","protected":false},"excerpt":{"rendered":"<p>Los integrantes de las comisiones de Obras y Servicios; Justicia y Seguridad; Hacienda y Presupuesto; y Legislaci\u00f3n y Asuntos Constitucionales,<\/p>\n","protected":false},"author":3,"featured_media":37013,"comment_status":"closed","ping_status":"closed","sticky":false,"template":"","format":"standard","meta":{"_acf_changed":false,"_seopress_robots_primary_cat":"none","_seopress_titles_title":"","_seopress_titles_desc":"","_seopress_robots_index":"","colormag_page_container_layout":"default_layout","colormag_page_sidebar_layout":"default_layout","footnotes":""},"categories":[1],"tags":[],"class_list":["post-37011","post","type-post","status-publish","format-standard","has-post-thumbnail","hentry","category-destacadas"],"acf":[],"_links":{"self":[{"href":"https:\/\/vocesparalelas.com.ar\/sitio\/wp-json\/wp\/v2\/posts\/37011","targetHints":{"allow":["GET"]}}],"collection":[{"href":"https:\/\/vocesparalelas.com.ar\/sitio\/wp-json\/wp\/v2\/posts"}],"about":[{"href":"https:\/\/vocesparalelas.com.ar\/sitio\/wp-json\/wp\/v2\/types\/post"}],"author":[{"embeddable":true,"href":"https:\/\/vocesparalelas.com.ar\/sitio\/wp-json\/wp\/v2\/users\/3"}],"replies":[{"embeddable":true,"href":"https:\/\/vocesparalelas.com.ar\/sitio\/wp-json\/wp\/v2\/comments?post=37011"}],"version-history":[{"count":1,"href":"https:\/\/vocesparalelas.com.ar\/sitio\/wp-json\/wp\/v2\/posts\/37011\/revisions"}],"predecessor-version":[{"id":37014,"href":"https:\/\/vocesparalelas.com.ar\/sitio\/wp-json\/wp\/v2\/posts\/37011\/revisions\/37014"}],"wp:featuredmedia":[{"embeddable":true,"href":"https:\/\/vocesparalelas.com.ar\/sitio\/wp-json\/wp\/v2\/media\/37013"}],"wp:attachment":[{"href":"https:\/\/vocesparalelas.com.ar\/sitio\/wp-json\/wp\/v2\/media?parent=37011"}],"wp:term":[{"taxonomy":"category","embeddable":true,"href":"https:\/\/vocesparalelas.com.ar\/sitio\/wp-json\/wp\/v2\/categories?post=37011"},{"taxonomy":"post_tag","embeddable":true,"href":"https:\/\/vocesparalelas.com.ar\/sitio\/wp-json\/wp\/v2\/tags?post=37011"}],"curies":[{"name":"wp","href":"https:\/\/api.w.org\/{rel}","templated":true}]}}