{"id":37006,"date":"2021-04-19T22:48:01","date_gmt":"2021-04-20T01:48:01","guid":{"rendered":"http:\/\/vocesparalelas.com.ar\/sitio\/?p=37006"},"modified":"2021-04-21T00:17:36","modified_gmt":"2021-04-21T03:17:36","slug":"premio-joven-empresario-sanjuanino-2021-2","status":"publish","type":"post","link":"https:\/\/vocesparalelas.com.ar\/sitio\/premio-joven-empresario-sanjuanino-2021-2\/","title":{"rendered":"Premio Joven Empresario Sanjuanino 2021"},"content":{"rendered":"<p>Somos los J\u00f3venes Empresarios de la Federaci\u00f3n Econ\u00f3mica de San Juan y estamos felices de comunicarles que nuevamente reconocemos a j\u00f3venes empresarios y empresarias de la provincia con el gran Premio Joven Empresario Sanjuanino, edici\u00f3n 2021.<\/p>\n<p>Como en la edici\u00f3n anterior, este a\u00f1o valoramos y destacamos a aquellos j\u00f3venes que hayan sobresalido en el desarrollo y proyecci\u00f3n de su empresa, por incentivar la capacidad competitiva, la innovaci\u00f3n, la creaci\u00f3n de la riqueza y el fomento del empleo en San Juan<\/p>\n<p>Pueden inscribirse empresarios y empresarias de entre 18 y 40 a\u00f1os, que desarrollen una actividad econ\u00f3mica en cualquier punto de la provincia y tener al menos dos a\u00f1os de antig\u00fcedad en la actividad y encuadrar con todas las normas legales vigentes.<\/p>\n<p>El cierre de las inscripciones es el 25 de Abril y la entrega de premios el 29 de Abril.<\/p>\n<p>Las menciones y el premio principal ser\u00e1n elegidos por un jurado de excelencia, entre ellos: Funcionarios P\u00fablicos Provinciales, Autoridades de la Federaci\u00f3n Econ\u00f3mica, representantes de JEFES y empresarios independientes a la Federaci\u00f3n.<\/p>\n<p>Las inscripciones se har\u00e1n mediante el formulario<\/p>\n<p><a href=\"https:\/\/docs.google.com\/forms\/d\/e\/1FAIpQLSea1dq6UIYQifhVD0RLJ1Tkm43grXl_6Hew9HQLGXIOTNadA\/viewform\">https:\/\/docs.google.com\/forms\/d\/e\/1FAIpQLSea1dq6UIYQifhVD0RLJ1Tkm43grXl_6Hew9HQLGXIOTNadA\/viewform<\/a><\/p>\n<p>Redes sociales de JEFES<\/p>\n<p>M\u00e1s info en <a href=\"https:\/\/www.facebook.com\/JEFES.FESJ\">https:\/\/www.facebook.com\/JEFES.FESJ<\/a><\/p>\n<p>y en <a href=\"https:\/\/www.instagram.com\/jefes.fesj\/\">https:\/\/www.instagram.com\/jefes.fesj\/<\/a><\/p>\n<p>y por email: <a href=\"mailto:admi.jefes@gmail.com\">admi.jefes@gmail.com<\/a><\/p>\n<p>El ganador de San Juan compite a nivel nacional por el Premio Joven Empresario Argentino, un evento realizado por la CAME JOVEN, la rama juvenil de la Confederaci\u00f3n Argentina de la Mediana Empresa.<\/p>\n<p>Por ello, Voces Paralelas entrevist\u00f3 a la\u00a0<span style=\"line-height: 1.5;\">Presidente de la Comisi\u00f3n JEFES San Juan,\u00a0<\/span><span style=\"line-height: 1.5;\">Agustina Bellino, quien explic\u00f3 los que significa el\u00a0Premio Joven Empresario Sanjuanino 2021 e invit\u00f3 a los empresarios a participar.<\/span><\/p>\n<p><iframe loading=\"lazy\" title=\"CAME JOVEN AGUSTINA BELLINO\" width=\"800\" height=\"450\" src=\"https:\/\/www.youtube.com\/embed\/ZiWLdNLtWsw?feature=oembed\" frameborder=\"0\" allow=\"accelerometer; autoplay; clipboard-write; encrypted-media; gyroscope; picture-in-picture\" allowfullscreen><\/iframe><\/p>\n<p>&nbsp;<\/p>\n<p><img loading=\"lazy\" decoding=\"async\" class=\"alignnone wp-image-36963 size-full\" src=\"https:\/\/vocesparalelas.com.ar\/sitio\/wp-content\/uploads\/2021\/04\/PREMIO-EMPRESARIO.jpg\" alt=\"\" width=\"800\" height=\"462\" srcset=\"https:\/\/vocesparalelas.com.ar\/sitio\/wp-content\/uploads\/2021\/04\/PREMIO-EMPRESARIO.jpg 800w, https:\/\/vocesparalelas.com.ar\/sitio\/wp-content\/uploads\/2021\/04\/PREMIO-EMPRESARIO-300x173.jpg 300w, https:\/\/vocesparalelas.com.ar\/sitio\/wp-content\/uploads\/2021\/04\/PREMIO-EMPRESARIO-768x444.jpg 768w\" sizes=\"auto, (max-width: 800px) 100vw, 800px\" \/><\/p>\n","protected":false},"excerpt":{"rendered":"<p>Somos los J\u00f3venes Empresarios de la Federaci\u00f3n Econ\u00f3mica de San Juan y estamos felices de comunicarles que nuevamente reconocemos a<\/p>\n","protected":false},"author":3,"featured_media":37008,"comment_status":"closed","ping_status":"closed","sticky":false,"template":"","format":"video","meta":{"_acf_changed":false,"_seopress_robots_primary_cat":"none","_seopress_titles_title":"","_seopress_titles_desc":"","_seopress_robots_index":"","colormag_page_container_layout":"default_layout","colormag_page_sidebar_layout":"default_layout","footnotes":""},"categories":[8,7],"tags":[],"class_list":["post-37006","post","type-post","status-publish","format-video","has-post-thumbnail","hentry","category-concursos","category-videos","post_format-post-format-video"],"acf":[],"_links":{"self":[{"href":"https:\/\/vocesparalelas.com.ar\/sitio\/wp-json\/wp\/v2\/posts\/37006","targetHints":{"allow":["GET"]}}],"collection":[{"href":"https:\/\/vocesparalelas.com.ar\/sitio\/wp-json\/wp\/v2\/posts"}],"about":[{"href":"https:\/\/vocesparalelas.com.ar\/sitio\/wp-json\/wp\/v2\/types\/post"}],"author":[{"embeddable":true,"href":"https:\/\/vocesparalelas.com.ar\/sitio\/wp-json\/wp\/v2\/users\/3"}],"replies":[{"embeddable":true,"href":"https:\/\/vocesparalelas.com.ar\/sitio\/wp-json\/wp\/v2\/comments?post=37006"}],"version-history":[{"count":1,"href":"https:\/\/vocesparalelas.com.ar\/sitio\/wp-json\/wp\/v2\/posts\/37006\/revisions"}],"predecessor-version":[{"id":37009,"href":"https:\/\/vocesparalelas.com.ar\/sitio\/wp-json\/wp\/v2\/posts\/37006\/revisions\/37009"}],"wp:featuredmedia":[{"embeddable":true,"href":"https:\/\/vocesparalelas.com.ar\/sitio\/wp-json\/wp\/v2\/media\/37008"}],"wp:attachment":[{"href":"https:\/\/vocesparalelas.com.ar\/sitio\/wp-json\/wp\/v2\/media?parent=37006"}],"wp:term":[{"taxonomy":"category","embeddable":true,"href":"https:\/\/vocesparalelas.com.ar\/sitio\/wp-json\/wp\/v2\/categories?post=37006"},{"taxonomy":"post_tag","embeddable":true,"href":"https:\/\/vocesparalelas.com.ar\/sitio\/wp-json\/wp\/v2\/tags?post=37006"}],"curies":[{"name":"wp","href":"https:\/\/api.w.org\/{rel}","templated":true}]}}