{"id":36996,"date":"2021-04-19T19:56:50","date_gmt":"2021-04-19T22:56:50","guid":{"rendered":"http:\/\/vocesparalelas.com.ar\/sitio\/?p=36996"},"modified":"2021-04-21T00:46:21","modified_gmt":"2021-04-21T03:46:21","slug":"taller-virtual-las-mini-aventuras-de-el-nica","status":"publish","type":"post","link":"https:\/\/vocesparalelas.com.ar\/sitio\/taller-virtual-las-mini-aventuras-de-el-nica\/","title":{"rendered":"Taller virtual \u00abLas mini aventuras de El Nica\u00bb"},"content":{"rendered":"<p>El Centro de Innovaci\u00f3n Educativa Tecnol\u00f3gica del Ministerio de Educaci\u00f3n del Gobierno de San Juan contin\u00faa con talleres para los chicos y j\u00f3venes de 6 a 18 a\u00f1os, con una propuesta educativa no formal que estimula y potencia habilidades y competencias. Esta vez tambi\u00e9n incorpora actividades para los docentes de Nivel Primario y Secundario.<\/p>\n<p>Especialistas en nuevas tecnolog\u00edas apuntan a crear entornos de aprendizaje basados en creatividad, brindando todas las herramientas que permitan experimentar, concretar ideas y proyectos a trav\u00e9s de actividades l\u00fadicas.<\/p>\n<p><span style=\"color: #339966;\"><strong>Las mini aventuras de El Nica (virtual)<\/strong><\/span><\/p>\n<p>El Nica es un colaborador virtual de IxD San Juan. En este taller de 8 encuentros, recorrer\u00e1n la era de los dinosaurios y las culturas originarias de San Juan, con la ayuda de los laboratorios de IxD de : multimedia, sonido, fabricaci\u00f3n y ciencias, entre otros<\/p>\n<p>El cupo es de 35 chicos de 6 a 9 a\u00f1os<\/p>\n<p>Comienza, el Lunes, 19 de Abril<\/p>\n<p><span style=\"color: #339966;\"><strong>D\u00edas y horarios de cursado:<\/strong><\/span> lunes 11.30 horas o jueves 15 horas<\/p>\n<p><span style=\"color: #339966;\"><strong>Las actividades a desarrollar son:<\/strong><\/span><\/p>\n<ul>\n<li>Multimedia: un primer encuentro con la programaci\u00f3n.<\/li>\n<li>Fabricaci\u00f3n: dino-calcoman\u00eda.<\/li>\n<li>Ciencia: Huesos y pigmentos naturales.<\/li>\n<li>Sonido: Bit\u00e1cora de la mini-aventura (Podcast)<\/li>\n<\/ul>\n<p>Inscripciones: ingres\u00e1 a este al enlace.<\/p>\n<p><a href=\"https:\/\/www.bit.ly\/2RmDAxb\">https:\/\/www.bit.ly\/2RmDAxb<\/a><\/p>\n<p>Mayor informaci\u00f3n al WhatsApp 264 5427002<\/p>\n","protected":false},"excerpt":{"rendered":"<p>El Centro de Innovaci\u00f3n Educativa Tecnol\u00f3gica del Ministerio de Educaci\u00f3n del Gobierno de San Juan contin\u00faa con talleres para los<\/p>\n","protected":false},"author":3,"featured_media":36998,"comment_status":"closed","ping_status":"closed","sticky":false,"template":"","format":"standard","meta":{"_acf_changed":false,"_seopress_robots_primary_cat":"none","_seopress_titles_title":"","_seopress_titles_desc":"","_seopress_robots_index":"","colormag_page_container_layout":"default_layout","colormag_page_sidebar_layout":"default_layout","footnotes":""},"categories":[9],"tags":[],"class_list":["post-36996","post","type-post","status-publish","format-standard","has-post-thumbnail","hentry","category-cursos"],"acf":[],"_links":{"self":[{"href":"https:\/\/vocesparalelas.com.ar\/sitio\/wp-json\/wp\/v2\/posts\/36996","targetHints":{"allow":["GET"]}}],"collection":[{"href":"https:\/\/vocesparalelas.com.ar\/sitio\/wp-json\/wp\/v2\/posts"}],"about":[{"href":"https:\/\/vocesparalelas.com.ar\/sitio\/wp-json\/wp\/v2\/types\/post"}],"author":[{"embeddable":true,"href":"https:\/\/vocesparalelas.com.ar\/sitio\/wp-json\/wp\/v2\/users\/3"}],"replies":[{"embeddable":true,"href":"https:\/\/vocesparalelas.com.ar\/sitio\/wp-json\/wp\/v2\/comments?post=36996"}],"version-history":[{"count":2,"href":"https:\/\/vocesparalelas.com.ar\/sitio\/wp-json\/wp\/v2\/posts\/36996\/revisions"}],"predecessor-version":[{"id":37000,"href":"https:\/\/vocesparalelas.com.ar\/sitio\/wp-json\/wp\/v2\/posts\/36996\/revisions\/37000"}],"wp:featuredmedia":[{"embeddable":true,"href":"https:\/\/vocesparalelas.com.ar\/sitio\/wp-json\/wp\/v2\/media\/36998"}],"wp:attachment":[{"href":"https:\/\/vocesparalelas.com.ar\/sitio\/wp-json\/wp\/v2\/media?parent=36996"}],"wp:term":[{"taxonomy":"category","embeddable":true,"href":"https:\/\/vocesparalelas.com.ar\/sitio\/wp-json\/wp\/v2\/categories?post=36996"},{"taxonomy":"post_tag","embeddable":true,"href":"https:\/\/vocesparalelas.com.ar\/sitio\/wp-json\/wp\/v2\/tags?post=36996"}],"curies":[{"name":"wp","href":"https:\/\/api.w.org\/{rel}","templated":true}]}}