{"id":36993,"date":"2021-04-18T21:43:53","date_gmt":"2021-04-19T00:43:53","guid":{"rendered":"http:\/\/vocesparalelas.com.ar\/sitio\/?p=36993"},"modified":"2021-04-20T01:41:31","modified_gmt":"2021-04-20T04:41:31","slug":"convocatoria-espacios-compartidos","status":"publish","type":"post","link":"https:\/\/vocesparalelas.com.ar\/sitio\/convocatoria-espacios-compartidos\/","title":{"rendered":"Convocatoria \u201cEspacios Compartidos\u201d"},"content":{"rendered":"<p>En el marco de \u201cEspacios Compartidos\u201d<strong>,<\/strong> el Ministerio de Turismo y Cultura, abre la convocatoria para utilizar la sala del Teatro Sarmiento con el objetivo de brindar un espacio en una entidad cultural p\u00fablica para el desarrollo de actividades de formaci\u00f3n, capacitaci\u00f3n y ensayos.<\/p>\n<p>Cada propuesta deber\u00e1 tener una duraci\u00f3n de hasta 2 meses y con una carga horaria de una hora semanal, adapt\u00e1ndose y cumpliendo el protocolo sanitario aprobado para las actividades.<\/p>\n<p><span style=\"color: #99cc00;\"><strong>La convocatoria tiene dos l\u00edneas de participaci\u00f3n:<\/strong><\/span><\/p>\n<ul>\n<li>Disponer de los espacios de sala del Teatro Sarmiento para ensayos de nuevas obras teatrales en proceso creativo de elencos independientes.<\/li>\n<li>Disponer de los espacios de sala del Teatro Sarmiento para actividades dentro de las artes esc\u00e9nicas provinciales fomentando la continuidad de formaci\u00f3n de los diferentes colectivos en la provincia.<\/li>\n<\/ul>\n<p>Para participar de la convocatoria es a partir de este domingo 18 hasta el martes 27 de abril a trav\u00e9s del siguiente link.<\/p>\n<p><a href=\"https:\/\/docs.google.com\/forms\/d\/e\/1FAIpQLScq7hE81OC-ckoodgvbPUX4H7bLwj7Af2VcfQfOl6gqjAJdXg\/viewform\">https:\/\/docs.google.com\/forms\/d\/e\/1FAIpQLScq7hE81OC-ckoodgvbPUX4H7bLwj7Af2VcfQfOl6gqjAJdXg\/viewform<\/a><\/p>\n<p><span style=\"color: #99cc00;\"><strong>Consultas<\/strong><\/span><\/p>\n<p><span id=\"cloakabe26a5d806896870f67f562e6602d72\"><a href=\"mailto:teatrosarmientoensanjuan@gmail.com\">teatrosarmientoensanjuan@gmail.com<\/a><\/span><\/p>\n<p><strong><span style=\"color: #99cc00;\">Espacios Compartidos<\/span><\/strong><\/p>\n<p>Se trata de un programa del Ministerio de Turismo y Cultura, que pone a disposici\u00f3n distintas salas y talleres dentro de los espacios culturales propios del Ministerio, para el desarrollo de propuestas que den continuidad a lo que se ven\u00eda realizando desde antes de la pandemia de COVID-19. Las salas ser\u00e1n de uso gratuito, en adecuaci\u00f3n a los protocolos vigentes de la provincia frente a la preservaci\u00f3n del status sanitario.<\/p>\n<p><span style=\"color: #99cc00;\"><strong>Condiciones \/ requisitos<\/strong><\/span><\/p>\n<p>La postulaci\u00f3n solo est\u00e1 destinada a colectivos art\u00edsticos que cuentan con una trayectoria y\/o permanencia de grupo y en el rubro con un trabajo m\u00ednimo de un a\u00f1o.<br \/>\nSe deber\u00e1 presentar la n\u00f3mina de artistas o participantes.<\/p>\n<p>Los interesados deber\u00e1n solicitar el uso de las salas por medio de un proyecto cultural a fin, detallando, objetivo, funcionalidad, cupos d\u00eda y horario. Los proyectos deber\u00e1n tener una duraci\u00f3n de dos meses.<\/p>\n<p>La elecci\u00f3n de propuestas ser\u00e1 evaluada por la Secretar\u00eda de Cultura y el \u00e1rea de artes esc\u00e9nicas del Ministerio de Cultura y Turismo.<\/p>\n<p><strong><span style=\"color: #99cc00;\">Espacios y salas disponibles<\/span><\/strong><\/p>\n<p>Escenario principal, factor de ocupaci\u00f3n en escenario , 15 personas.<br \/>\nSala Carmen Pe\u00f1aloza , factor ocupaci\u00f3n , 15 personas.<\/p>\n<p><strong><span style=\"color: #99cc00;\">Prestaciones:<\/span> <\/strong>sala seg\u00fan capacidad permitida, iluminaci\u00f3n general, servicio de limpieza y sanitizaci\u00f3n. Climatizaci\u00f3n, seguridad y seguro de accidentes personales.<br \/>\nDisposici\u00f3n de horarios: para ensayos, o proyectos art\u00edsticos de lunes a viernes de ma\u00f1ana de 8 a 13hs. De tarde de lunes a jueves de 14 a 19 hs. Con turnos de una hora y cumpliendo el protocolo de ventilaci\u00f3n de cada sala entre turnos.<\/p>\n<p>&nbsp;<\/p>\n<p>&nbsp;<\/p>\n","protected":false},"excerpt":{"rendered":"<p>En el marco de \u201cEspacios Compartidos\u201d, el Ministerio de Turismo y Cultura, abre la convocatoria para utilizar la sala del<\/p>\n","protected":false},"author":3,"featured_media":32270,"comment_status":"closed","ping_status":"closed","sticky":false,"template":"","format":"standard","meta":{"_acf_changed":false,"_seopress_robots_primary_cat":"none","_seopress_titles_title":"","_seopress_titles_desc":"","_seopress_robots_index":"","colormag_page_container_layout":"default_layout","colormag_page_sidebar_layout":"default_layout","footnotes":""},"categories":[8],"tags":[],"class_list":["post-36993","post","type-post","status-publish","format-standard","has-post-thumbnail","hentry","category-concursos"],"acf":[],"_links":{"self":[{"href":"https:\/\/vocesparalelas.com.ar\/sitio\/wp-json\/wp\/v2\/posts\/36993","targetHints":{"allow":["GET"]}}],"collection":[{"href":"https:\/\/vocesparalelas.com.ar\/sitio\/wp-json\/wp\/v2\/posts"}],"about":[{"href":"https:\/\/vocesparalelas.com.ar\/sitio\/wp-json\/wp\/v2\/types\/post"}],"author":[{"embeddable":true,"href":"https:\/\/vocesparalelas.com.ar\/sitio\/wp-json\/wp\/v2\/users\/3"}],"replies":[{"embeddable":true,"href":"https:\/\/vocesparalelas.com.ar\/sitio\/wp-json\/wp\/v2\/comments?post=36993"}],"version-history":[{"count":1,"href":"https:\/\/vocesparalelas.com.ar\/sitio\/wp-json\/wp\/v2\/posts\/36993\/revisions"}],"predecessor-version":[{"id":36995,"href":"https:\/\/vocesparalelas.com.ar\/sitio\/wp-json\/wp\/v2\/posts\/36993\/revisions\/36995"}],"wp:featuredmedia":[{"embeddable":true,"href":"https:\/\/vocesparalelas.com.ar\/sitio\/wp-json\/wp\/v2\/media\/32270"}],"wp:attachment":[{"href":"https:\/\/vocesparalelas.com.ar\/sitio\/wp-json\/wp\/v2\/media?parent=36993"}],"wp:term":[{"taxonomy":"category","embeddable":true,"href":"https:\/\/vocesparalelas.com.ar\/sitio\/wp-json\/wp\/v2\/categories?post=36993"},{"taxonomy":"post_tag","embeddable":true,"href":"https:\/\/vocesparalelas.com.ar\/sitio\/wp-json\/wp\/v2\/tags?post=36993"}],"curies":[{"name":"wp","href":"https:\/\/api.w.org\/{rel}","templated":true}]}}