{"id":36982,"date":"2021-04-18T13:18:28","date_gmt":"2021-04-18T16:18:28","guid":{"rendered":"http:\/\/vocesparalelas.com.ar\/sitio\/?p=36982"},"modified":"2021-04-18T13:18:28","modified_gmt":"2021-04-18T16:18:28","slug":"el-ministro-desarrollo-productivo-de-la-nacion-econ-matias-kulfas-llega-a-san-juan","status":"publish","type":"post","link":"https:\/\/vocesparalelas.com.ar\/sitio\/el-ministro-desarrollo-productivo-de-la-nacion-econ-matias-kulfas-llega-a-san-juan\/","title":{"rendered":"El Ministro Desarrollo Productivo de la Naci\u00f3n, Econ. Mat\u00edas Kulfas llega a San Juan"},"content":{"rendered":"<p>Por segunda vez en lo que va del a\u00f1o, el ministro de Desarrollo Productivo de la Naci\u00f3n, Economista Mat\u00edas Kulfas, arriba a la provincia de San Juan, el Lunes, 19 de Abril.<\/p>\n<p>Junto al gobernador Dr. Sergio U\u00f1ac, y acompa\u00f1ados por el secretario de Miner\u00eda de la Naci\u00f3n, Dr. Alberto Hensel, llegan a\u00a0la localidad de La Cienaguita, Departamento Sarmiento, \u00a0para inaugurar el segundo Horno Maerz, de la Calera San Juan S.A. ;<\/p>\n<p>Cabe destacar que, el ministro Kulfas visit\u00f3 la provincia en Febrero, cuando particip\u00f3 de una serie de inauguraciones en el sector productivo local, adem\u00e1s de lanzar una l\u00ednea de cr\u00e9ditos para el sector productivo. En ese marco tambi\u00e9n visit\u00f3 una fraccionadora de vinos en San Mart\u00edn y desde una empresa en Chimbas, anunci\u00f3 las empresas beneficiarias del Programa Nacional de Desarrollo de Proveedores en San Juan &#8211; PRODEPRO.<\/p>\n<p>En esa oportunidad y acompa\u00f1ado por el secretario de Miner\u00eda de la Naci\u00f3n, Dr. Alberto Hensel, recorri\u00f3 la mina de Veladero.<\/p>\n<p>Por otro lado, el gobernador U\u00f1ac acord\u00f3 con Kulfas un plan de desarrollo regional destinado a la creaci\u00f3n de nuevos puestos de trabajo en toda la cadena productiva de los sectores industrial y agroindustrial de la provincia. Seg\u00fan expres\u00f3 en ese momento el mandatario provincial, se trata de un mecanismo para generar empleo privado para 4000 sanjuaninos, los que se suman a la actividad industrial y agroindustrial de la provincia.<\/p>\n<p>En cuanto a la Calera San Juan S.A, la inauguraci\u00f3n del segundo horno Maerz, implica un hito productivo y de inversi\u00f3n que consolida a la empresa minera como una de las m\u00e1s importantes del pa\u00eds. Con este horno se aumentar\u00e1 un 40% su producci\u00f3n.<\/p>\n<p>Calera San Juan S.A es una empresa de capitales Argentinos, con m\u00e1s de 60 a\u00f1os de experiencia en el rubro.<\/p>\n<p>&nbsp;<\/p>\n<p>&nbsp;<\/p>\n","protected":false},"excerpt":{"rendered":"<p>Por segunda vez en lo que va del a\u00f1o, el ministro de Desarrollo Productivo de la Naci\u00f3n, Economista Mat\u00edas Kulfas,<\/p>\n","protected":false},"author":3,"featured_media":34944,"comment_status":"closed","ping_status":"closed","sticky":false,"template":"","format":"standard","meta":{"_acf_changed":false,"_seopress_robots_primary_cat":"none","_seopress_titles_title":"","_seopress_titles_desc":"","_seopress_robots_index":"","colormag_page_container_layout":"default_layout","colormag_page_sidebar_layout":"default_layout","footnotes":""},"categories":[1],"tags":[],"class_list":["post-36982","post","type-post","status-publish","format-standard","has-post-thumbnail","hentry","category-destacadas"],"acf":[],"_links":{"self":[{"href":"https:\/\/vocesparalelas.com.ar\/sitio\/wp-json\/wp\/v2\/posts\/36982","targetHints":{"allow":["GET"]}}],"collection":[{"href":"https:\/\/vocesparalelas.com.ar\/sitio\/wp-json\/wp\/v2\/posts"}],"about":[{"href":"https:\/\/vocesparalelas.com.ar\/sitio\/wp-json\/wp\/v2\/types\/post"}],"author":[{"embeddable":true,"href":"https:\/\/vocesparalelas.com.ar\/sitio\/wp-json\/wp\/v2\/users\/3"}],"replies":[{"embeddable":true,"href":"https:\/\/vocesparalelas.com.ar\/sitio\/wp-json\/wp\/v2\/comments?post=36982"}],"version-history":[{"count":1,"href":"https:\/\/vocesparalelas.com.ar\/sitio\/wp-json\/wp\/v2\/posts\/36982\/revisions"}],"predecessor-version":[{"id":36984,"href":"https:\/\/vocesparalelas.com.ar\/sitio\/wp-json\/wp\/v2\/posts\/36982\/revisions\/36984"}],"wp:featuredmedia":[{"embeddable":true,"href":"https:\/\/vocesparalelas.com.ar\/sitio\/wp-json\/wp\/v2\/media\/34944"}],"wp:attachment":[{"href":"https:\/\/vocesparalelas.com.ar\/sitio\/wp-json\/wp\/v2\/media?parent=36982"}],"wp:term":[{"taxonomy":"category","embeddable":true,"href":"https:\/\/vocesparalelas.com.ar\/sitio\/wp-json\/wp\/v2\/categories?post=36982"},{"taxonomy":"post_tag","embeddable":true,"href":"https:\/\/vocesparalelas.com.ar\/sitio\/wp-json\/wp\/v2\/tags?post=36982"}],"curies":[{"name":"wp","href":"https:\/\/api.w.org\/{rel}","templated":true}]}}