{"id":36976,"date":"2021-04-17T21:06:46","date_gmt":"2021-04-18T00:06:46","guid":{"rendered":"http:\/\/vocesparalelas.com.ar\/sitio\/?p=36976"},"modified":"2021-04-17T21:12:08","modified_gmt":"2021-04-18T00:12:08","slug":"mas-cerca-a-la-construccion-de-1-800-viviendas-para-los-afectados-por-el-terremoto-de-san-juan","status":"publish","type":"post","link":"https:\/\/vocesparalelas.com.ar\/sitio\/mas-cerca-a-la-construccion-de-1-800-viviendas-para-los-afectados-por-el-terremoto-de-san-juan\/","title":{"rendered":"M\u00e1s cerca a la construcci\u00f3n de 1.800 viviendas para los afectados por el Terremoto de San Juan"},"content":{"rendered":"<p>El gobernador de San Juan, Sergio U\u00f1ac, firm\u00f3 este viernes junto al ministro de Desarrollo Territorial y H\u00e1bitat de la Naci\u00f3n, Jorge Ferraresi, una serie de convenios para el inicio de obras de viviendas para el departamento de Rivadavia, por un monto total de $2.512.952.489,03.<\/p>\n<p>En Capital Federal, estuvieron presentes adem\u00e1s el secretario de Vivienda y H\u00e1bitat de Naci\u00f3n, Santiago Maggiotti; el secretario de Vivienda y H\u00e1bitat, Robert Garc\u00e9s y el director del IPV, Marcelo Yornet.<\/p>\n<p>La r\u00fabrica se dio en el marco de las 1800 viviendas que el presidente de la Naci\u00f3n, Alberto Fern\u00e1ndez, anunci\u00f3 en San Juan tras el terremoto que sacudi\u00f3 la provincia el 18 enero pasado.<\/p>\n<p>En aquella ocasi\u00f3n, el jefe de Estado visit\u00f3 a los afectados de Rivadavia, donde dialog\u00f3 con los vecinos de los asentamientos Pellegrini, Paz, Evita, Defensa, RIM 22 y Sagrado Coraz\u00f3n, afectados por el movimiento tel\u00farico.<\/p>\n<p>De esta manera, se activa la puesta en marcha para la construcci\u00f3n de los barrios Sierras de Marquesado e Ingeniero C\u00e9spedes, mediante la firma de nueve convenios por 776 viviendas. Resta rubricar un d\u00e9cimo acuerdo, por el cual la Provincia ultima detalles, por otras 61 casas, haciendo un total de 837 soluciones habitacionales.<\/p>\n<p>Adem\u00e1s, se avanz\u00f3 en los documentos de las viviendas de Pocito, Sarmiento y Santa Luc\u00eda, casas que Ferraresi y Maggiotti hab\u00edan comprometido en su visita del 29 de enero a la provincia.<\/p>\n<p>Tras la reuni\u00f3n, el gobernador U\u00f1ac manifest\u00f3: \u201cFirmamos con el ministro Ferraresi estos convenios para la construcci\u00f3n de viviendas de Rivadavia que est\u00e1n incluidas en el plan de las 1800 casas que el presidente firm\u00f3 tras su visita a la provincia, momento en que pudo dialogar con algunos de los afectados por el terremoto\u00bb.<\/p>\n<p>En ese orden, U\u00f1ac se refiri\u00f3 a las pol\u00edticas de federalizaci\u00f3n que lleva adelante Alberto Fern\u00e1ndez y destac\u00f3 la importancia de generar igualdad de oportunidades en todo el pa\u00eds: \u00abCreemos firmemente en un pa\u00eds federal, donde los sue\u00f1os de cada argentina y argentino, de cada sanjuanino y sanjuanina se puedan cumplir y esta firma se acerca a concretar el sue\u00f1o del techo propio\u00bb.<\/p>\n<p>Sobre los avances en cuanto a la \u00abno objeci\u00f3n t\u00e9cnica\u00bb por parte del Gobierno nacional, U\u00f1ac anticip\u00f3 que ya se comenz\u00f3 con la preparaci\u00f3n de los terrenos en donde se edificar\u00e1. Adem\u00e1s anunci\u00f3 que \u00abhemos presentado las carpetas para avanzar en la concreci\u00f3n de un proyecto del Programa Procrear\u00bb.<\/p>\n<p>Por su parte, el ministro Ferraresi asever\u00f3 que \u201ceste es un paso m\u00e1s en nuestro compromiso por la reconstrucci\u00f3n de Argentina, llevando soluciones habitacionales a todo el pa\u00eds, y atendiendo las necesidades de todos los sectores, en la b\u00fasqueda de un pa\u00eds con m\u00e1s equidad y justicia social\u201d.<\/p>\n<p>Por \u00faltimo, Garc\u00e9s afirm\u00f3 que en la reuni\u00f3n se comprometi\u00f3 adem\u00e1s la concreci\u00f3n de infraestructura deportiva para los departamentos de Caucete, Calingasta, Valle F\u00e9rtil y 25 de Mayo. \u00abLos equipos de la Provincia y Naci\u00f3n trabajan para definir la fuente de financiamiento\u00bb, detall\u00f3 el funcionario.<\/p>\n<p>&nbsp;<\/p>\n<p>&nbsp;<\/p>\n<p>&nbsp;<\/p>\n","protected":false},"excerpt":{"rendered":"<p>El gobernador de San Juan, Sergio U\u00f1ac, firm\u00f3 este viernes junto al ministro de Desarrollo Territorial y H\u00e1bitat de la<\/p>\n","protected":false},"author":3,"featured_media":36978,"comment_status":"closed","ping_status":"closed","sticky":false,"template":"","format":"standard","meta":{"_acf_changed":false,"_seopress_robots_primary_cat":"none","_seopress_titles_title":"","_seopress_titles_desc":"","_seopress_robots_index":"","colormag_page_container_layout":"default_layout","colormag_page_sidebar_layout":"default_layout","footnotes":""},"categories":[1],"tags":[],"class_list":["post-36976","post","type-post","status-publish","format-standard","has-post-thumbnail","hentry","category-destacadas"],"acf":[],"_links":{"self":[{"href":"https:\/\/vocesparalelas.com.ar\/sitio\/wp-json\/wp\/v2\/posts\/36976","targetHints":{"allow":["GET"]}}],"collection":[{"href":"https:\/\/vocesparalelas.com.ar\/sitio\/wp-json\/wp\/v2\/posts"}],"about":[{"href":"https:\/\/vocesparalelas.com.ar\/sitio\/wp-json\/wp\/v2\/types\/post"}],"author":[{"embeddable":true,"href":"https:\/\/vocesparalelas.com.ar\/sitio\/wp-json\/wp\/v2\/users\/3"}],"replies":[{"embeddable":true,"href":"https:\/\/vocesparalelas.com.ar\/sitio\/wp-json\/wp\/v2\/comments?post=36976"}],"version-history":[{"count":3,"href":"https:\/\/vocesparalelas.com.ar\/sitio\/wp-json\/wp\/v2\/posts\/36976\/revisions"}],"predecessor-version":[{"id":36981,"href":"https:\/\/vocesparalelas.com.ar\/sitio\/wp-json\/wp\/v2\/posts\/36976\/revisions\/36981"}],"wp:featuredmedia":[{"embeddable":true,"href":"https:\/\/vocesparalelas.com.ar\/sitio\/wp-json\/wp\/v2\/media\/36978"}],"wp:attachment":[{"href":"https:\/\/vocesparalelas.com.ar\/sitio\/wp-json\/wp\/v2\/media?parent=36976"}],"wp:term":[{"taxonomy":"category","embeddable":true,"href":"https:\/\/vocesparalelas.com.ar\/sitio\/wp-json\/wp\/v2\/categories?post=36976"},{"taxonomy":"post_tag","embeddable":true,"href":"https:\/\/vocesparalelas.com.ar\/sitio\/wp-json\/wp\/v2\/tags?post=36976"}],"curies":[{"name":"wp","href":"https:\/\/api.w.org\/{rel}","templated":true}]}}