{"id":36972,"date":"2021-04-17T20:30:26","date_gmt":"2021-04-17T23:30:26","guid":{"rendered":"http:\/\/vocesparalelas.com.ar\/sitio\/?p=36972"},"modified":"2021-04-17T20:30:26","modified_gmt":"2021-04-17T23:30:26","slug":"la-ruta-40-afectada-por-el-terremoto-de-san-juan-quedo-habilitada-luego-de-su-reparacion","status":"publish","type":"post","link":"https:\/\/vocesparalelas.com.ar\/sitio\/la-ruta-40-afectada-por-el-terremoto-de-san-juan-quedo-habilitada-luego-de-su-reparacion\/","title":{"rendered":"La Ruta 40 afectada por el Terremoto de San Juan qued\u00f3 habilitada luego de su reparaci\u00f3n"},"content":{"rendered":"<p>Luego de realizar trabajos durante 90 d\u00edas, el S\u00e1bado, 17 de Abril, terminaron la reparaci\u00f3n de la Ruta Nacional 40, en Carpinter\u00eda, en el tramo que va de Calle 18 hasta Anacleto Gil. El mismo sufri\u00f3 roturas durante el terremoto ocurrido en San Juan el \u00a018 de Enero de 2021.<\/p>\n<p>Es decir que a partir de esta jornada del s\u00e1bado, la circulaci\u00f3n ser\u00e1 normal. Esto, luego de las gestiones realizadas por el gobernador Dr. Sergio U\u00f1ac ante el Gobierno de la Naci\u00f3n. Y tras un trabajo en conjunto con Naci\u00f3n, Vialidad Nacional concluy\u00f3 los trabajaos de la grieta generada en esta calzada principal. Para esto, la inversi\u00f3n fue de unos $ 70 millones.<\/p>\n<p>La obra se ejecut\u00f3 luego de declarar la situaci\u00f3n de emergencia y de asignar fondos para la reparaci\u00f3n. Cabe destacar que el ministro de Obras P\u00fablicas de la Naci\u00f3n, Gabriel Katopodis, visit\u00f3 la zona del desastre, acompa\u00f1ado por el gobernador Sergio U\u00f1ac, donde se comprometi\u00f3 para dar celeridad a la obra, en consonancia con el apoyo brindado por el Gobierno de la provincia.<\/p>\n<p>La visita de Katopodis a la provincia se llev\u00f3 a cabo dos d\u00edas despu\u00e9s de ocurrido el terremoto. En ese momento, tanto el gobernador U\u00f1ac, como el ministro de Obras P\u00fablicas de la Naci\u00f3n, destacaron el r\u00e1pido accionar para trabajar en reparar los da\u00f1os producidos.<\/p>\n<p>Lo que se hizo fue la construcci\u00f3n de un pedrapl\u00e9n, base granular y una carpeta asf\u00e1ltica de 5 cent\u00edmetros de espesor que abarc\u00f3 toda la trocha este\u2014 la m\u00e1s afectada\u2014y un carril de la oeste, para lograr as\u00ed un buen ensamble del suelo base y la correcta nivelaci\u00f3n de la calzada.<\/p>\n<p>Asimismo, incluy\u00f3 la reinstalaci\u00f3n de barandas met\u00e1licas y la demarcaci\u00f3n horizontal en una extensi\u00f3n de aproximadamente un kil\u00f3metro.<\/p>\n<p>Seg\u00fan declar\u00f3 el jefe del 9\u00b0 Distrito, Jorge Deiana, \u201cha sido un trabajo intenso, con mucho compromiso de distintas \u00e1reas y profesionales de nuestro Distrito, y con todo el apoyo de la administraci\u00f3n central de Vialidad. Teniendo en cuenta la situaci\u00f3n de pandemia que estamos atravesando, logramos llevar adelante esta tarea en tiempo r\u00e9cord y ahora podemos restablecer el tr\u00e1nsito seguro en toda esta zona\u201d.<\/p>\n<p>Este tramo queda habilitado al tr\u00e1nsito en horas de la tarde de la jornada del S\u00e1bado, 17 de Abril.<\/p>\n<p>&nbsp;<\/p>\n<p>&nbsp;<\/p>\n","protected":false},"excerpt":{"rendered":"<p>Luego de realizar trabajos durante 90 d\u00edas, el S\u00e1bado, 17 de Abril, terminaron la reparaci\u00f3n de la Ruta Nacional 40,<\/p>\n","protected":false},"author":3,"featured_media":36974,"comment_status":"closed","ping_status":"closed","sticky":false,"template":"","format":"standard","meta":{"_acf_changed":false,"_seopress_robots_primary_cat":"none","_seopress_titles_title":"","_seopress_titles_desc":"","_seopress_robots_index":"","colormag_page_container_layout":"default_layout","colormag_page_sidebar_layout":"default_layout","footnotes":""},"categories":[1],"tags":[],"class_list":["post-36972","post","type-post","status-publish","format-standard","has-post-thumbnail","hentry","category-destacadas"],"acf":[],"_links":{"self":[{"href":"https:\/\/vocesparalelas.com.ar\/sitio\/wp-json\/wp\/v2\/posts\/36972","targetHints":{"allow":["GET"]}}],"collection":[{"href":"https:\/\/vocesparalelas.com.ar\/sitio\/wp-json\/wp\/v2\/posts"}],"about":[{"href":"https:\/\/vocesparalelas.com.ar\/sitio\/wp-json\/wp\/v2\/types\/post"}],"author":[{"embeddable":true,"href":"https:\/\/vocesparalelas.com.ar\/sitio\/wp-json\/wp\/v2\/users\/3"}],"replies":[{"embeddable":true,"href":"https:\/\/vocesparalelas.com.ar\/sitio\/wp-json\/wp\/v2\/comments?post=36972"}],"version-history":[{"count":1,"href":"https:\/\/vocesparalelas.com.ar\/sitio\/wp-json\/wp\/v2\/posts\/36972\/revisions"}],"predecessor-version":[{"id":36975,"href":"https:\/\/vocesparalelas.com.ar\/sitio\/wp-json\/wp\/v2\/posts\/36972\/revisions\/36975"}],"wp:featuredmedia":[{"embeddable":true,"href":"https:\/\/vocesparalelas.com.ar\/sitio\/wp-json\/wp\/v2\/media\/36974"}],"wp:attachment":[{"href":"https:\/\/vocesparalelas.com.ar\/sitio\/wp-json\/wp\/v2\/media?parent=36972"}],"wp:term":[{"taxonomy":"category","embeddable":true,"href":"https:\/\/vocesparalelas.com.ar\/sitio\/wp-json\/wp\/v2\/categories?post=36972"},{"taxonomy":"post_tag","embeddable":true,"href":"https:\/\/vocesparalelas.com.ar\/sitio\/wp-json\/wp\/v2\/tags?post=36972"}],"curies":[{"name":"wp","href":"https:\/\/api.w.org\/{rel}","templated":true}]}}