{"id":36961,"date":"2021-04-17T00:00:38","date_gmt":"2021-04-17T03:00:38","guid":{"rendered":"http:\/\/vocesparalelas.com.ar\/sitio\/?p=36961"},"modified":"2021-04-17T00:00:38","modified_gmt":"2021-04-17T03:00:38","slug":"premio-joven-empresario-sanjuanino-2021","status":"publish","type":"post","link":"https:\/\/vocesparalelas.com.ar\/sitio\/premio-joven-empresario-sanjuanino-2021\/","title":{"rendered":"Premio Joven Empresario Sanjuanino 2021"},"content":{"rendered":"<div dir=\"ltr\">Somos los J\u00f3venes Empresarios de la Federaci\u00f3n Econ\u00f3mica de San Juan y estamos felices de comunicarles que nuevamente reconocemos a j\u00f3venes empresarios y empresarias de la provincia con el gran Premio Joven Empresario Sanjuanino, edici\u00f3n 2021. <b><br \/>\n<\/b><br \/>\nComo en la edici\u00f3n anterior, este a\u00f1o valoramos y destacamos a aquellos j\u00f3venes que hayan sobresalido en el desarrollo y proyecci\u00f3n de su empresa, por incentivar la capacidad competitiva, la innovaci\u00f3n, la creaci\u00f3n de la riqueza y el fomento del empleo en San Juan<\/p>\n<p>Pueden inscribirse empresarios y empresarias de entre 18 y 40 a\u00f1os, que desarrollen una actividad econ\u00f3mica en cualquier punto de la provincia y tener al menos dos a\u00f1os de antig\u00fcedad en la actividad y encuadrar con todas las normas legales vigentes.<\/p>\n<p>El cierre de las inscripciones es el 25 de Abril y la entrega de premios el 29 de Abril.<\/p>\n<p>Las menciones y el premio principal ser\u00e1n elegidos por un jurado de excelencia, entre ellos: Funcionarios P\u00fablicos Provinciales, Autoridades de la Federaci\u00f3n Econ\u00f3mica, representantes de JEFES y empresarios independientes a la Federaci\u00f3n.<\/p>\n<p><span style=\"color: #008000;\"><b>Las inscripciones se har\u00e1n mediante el formulario<\/b><\/span><\/div>\n<div dir=\"ltr\"><\/div>\n<div dir=\"ltr\"><a href=\"https:\/\/docs.google.com\/forms\/d\/e\/1FAIpQLSea1dq6UIYQifhVD-0RLJ1Tkm43grXl_6Hew9HQLGXIOTNadA\/viewform\">https:\/\/docs.google.com\/forms\/d\/e\/1FAIpQLSea1dq6UIYQifhVD0RLJ1Tkm43grXl_6Hew9HQLGXIOTNadA\/viewform<\/a><\/div>\n<div dir=\"ltr\"><\/div>\n<div dir=\"ltr\"><span style=\"color: #008000;\"> <b>Redes sociales de JEFES \u00a0<\/b><\/span><\/p>\n<p>M\u00e1s info en <a href=\"https:\/\/www.facebook.com\/JEFES.FESJ\">https:\/\/www.facebook.com\/JEFES.FESJ<\/a><br \/>\ny en <a href=\"https:\/\/www.instagram.com\/jefes.fesj\/\">https:\/\/www.instagram.com\/jefes.fesj\/<\/a><br \/>\ny por email: <a href=\"mailto:admi.jefes@gmail.com\">admi.jefes@gmail.com<\/a><\/p>\n<p>El ganador de San Juan compite a nivel nacional por el Premio Joven Empresario Argentino, un evento realizado por la CAME JOVEN, la rama juvenil de la Confederaci\u00f3n Argentina de la Mediana Empresa.<\/p><\/div>\n<div dir=\"ltr\"><\/div>\n<div dir=\"ltr\"><\/div>\n<div dir=\"ltr\"><\/div>\n<div dir=\"ltr\"><\/div>\n","protected":false},"excerpt":{"rendered":"<p>Somos los J\u00f3venes Empresarios de la Federaci\u00f3n Econ\u00f3mica de San Juan y estamos felices de comunicarles que nuevamente reconocemos a<\/p>\n","protected":false},"author":3,"featured_media":36963,"comment_status":"closed","ping_status":"closed","sticky":false,"template":"","format":"standard","meta":{"_acf_changed":false,"_seopress_robots_primary_cat":"none","_seopress_titles_title":"","_seopress_titles_desc":"","_seopress_robots_index":"","colormag_page_container_layout":"default_layout","colormag_page_sidebar_layout":"default_layout","footnotes":""},"categories":[1],"tags":[],"class_list":["post-36961","post","type-post","status-publish","format-standard","has-post-thumbnail","hentry","category-destacadas"],"acf":[],"_links":{"self":[{"href":"https:\/\/vocesparalelas.com.ar\/sitio\/wp-json\/wp\/v2\/posts\/36961","targetHints":{"allow":["GET"]}}],"collection":[{"href":"https:\/\/vocesparalelas.com.ar\/sitio\/wp-json\/wp\/v2\/posts"}],"about":[{"href":"https:\/\/vocesparalelas.com.ar\/sitio\/wp-json\/wp\/v2\/types\/post"}],"author":[{"embeddable":true,"href":"https:\/\/vocesparalelas.com.ar\/sitio\/wp-json\/wp\/v2\/users\/3"}],"replies":[{"embeddable":true,"href":"https:\/\/vocesparalelas.com.ar\/sitio\/wp-json\/wp\/v2\/comments?post=36961"}],"version-history":[{"count":1,"href":"https:\/\/vocesparalelas.com.ar\/sitio\/wp-json\/wp\/v2\/posts\/36961\/revisions"}],"predecessor-version":[{"id":36964,"href":"https:\/\/vocesparalelas.com.ar\/sitio\/wp-json\/wp\/v2\/posts\/36961\/revisions\/36964"}],"wp:featuredmedia":[{"embeddable":true,"href":"https:\/\/vocesparalelas.com.ar\/sitio\/wp-json\/wp\/v2\/media\/36963"}],"wp:attachment":[{"href":"https:\/\/vocesparalelas.com.ar\/sitio\/wp-json\/wp\/v2\/media?parent=36961"}],"wp:term":[{"taxonomy":"category","embeddable":true,"href":"https:\/\/vocesparalelas.com.ar\/sitio\/wp-json\/wp\/v2\/categories?post=36961"},{"taxonomy":"post_tag","embeddable":true,"href":"https:\/\/vocesparalelas.com.ar\/sitio\/wp-json\/wp\/v2\/tags?post=36961"}],"curies":[{"name":"wp","href":"https:\/\/api.w.org\/{rel}","templated":true}]}}