{"id":36953,"date":"2021-04-16T22:07:31","date_gmt":"2021-04-17T01:07:31","guid":{"rendered":"http:\/\/vocesparalelas.com.ar\/sitio\/?p=36953"},"modified":"2021-04-18T23:10:15","modified_gmt":"2021-04-19T02:10:15","slug":"recomendaciones-para-los-vacunados-contra-el-covid-19","status":"publish","type":"post","link":"https:\/\/vocesparalelas.com.ar\/sitio\/recomendaciones-para-los-vacunados-contra-el-covid-19\/","title":{"rendered":"Recomendaciones para los vacunados contra el COVID-19"},"content":{"rendered":"<p>Si bien la vacunaci\u00f3n supone una protecci\u00f3n frente al virus, hay que tener en cuenta algunos aspectos fundamentales para el cuidado de la salud, ya que ninguna vacuna tiene una cobertura del 100% y por lo tanto, la persona que recibi\u00f3 la dosis, ya sea la primera o segunda, igual puede contagiarse y transmitir el virus.<\/p>\n<p>Desde el Ministerio de Salud P\u00fablica del Gobierno de San Juan aclararon que es muy importante continuar con las recomendaciones, respetando el distanciamiento, el uso del tapaboca y la higiene de manos, que son las principales medidas de protecci\u00f3n contra el virus.<\/p>\n<p>\u201cLa persona que se vacun\u00f3 va a transitar la enfermedad sin complicaciones, porque justamente lo que hace es evitar una internaci\u00f3n o cualquier situaci\u00f3n de gravedad, pero no previene el contagio. Probablemente esa persona permanecer\u00e1 en su domicilio sin mayores dificultades, pero si se contagia puede transmitir el virus a otras personas y si no est\u00e1n vacunadas, es ponerlas en riesgo\u201d, manifest\u00f3 la jefa de Epidemiolog\u00eda, Dra. M\u00f3nica Jofr\u00e9.<\/p>\n<p>Otro de los aspectos a tener en cuenta es que el organismo demora 14 d\u00edas como m\u00ednimo en generar defensas y anticuerpos. \u201cLa gente se relaja inmediatamente despu\u00e9s de colocarse la vacuna, pensando que ya est\u00e1 inmunizada y no es as\u00ed\u201d, se\u00f1al\u00f3 la profesional, al tiempo que inst\u00f3 a la poblaci\u00f3n a continuar con los cuidados necesarios para evitar un aumento en los contagios.<\/p>\n<p>Por otra parte, si la persona que se ha vacunado se transforma en positivo o contacto estrecho, debe cumplir el aislamiento como corresponde. Muchos creen que porque est\u00e1n vacunados no deben cumplirlo y esto no es as\u00ed. Aunque est\u00e9 vacunado puede transmitir la enfermedad y debe permanecer en aislamiento estricto por 10 d\u00edas si no tiene s\u00edntomas o 14 d\u00edas si llegara a presentar alg\u00fan s\u00edntoma las \u00faltimas 72 horas del aislamiento, indic\u00f3 Jofr\u00e9.<\/p>\n<p>Por su parte, la ministra de Salud P\u00fablica, Dra. Alejandra Venerando se\u00f1al\u00f3 que \u00abestamos realizando la campa\u00f1a de vacunaci\u00f3n a buen ritmo, incorporando grupos y atendiendo situaciones de riesgo. Es nuestra obligaci\u00f3n como Estado y lo estamos haciendo, pero el esfuerzo debe ser compartido. Todos tenemos que colaborar para frenar esta pandemia y para ello es fundamental la responsabilidad individual, respetando los protocolos en todos los \u00e1mbitos que frecuentamos\u201d.<\/p>\n<p>&nbsp;<\/p>\n<p>&nbsp;<\/p>\n<p>&nbsp;<\/p>\n","protected":false},"excerpt":{"rendered":"<p>Si bien la vacunaci\u00f3n supone una protecci\u00f3n frente al virus, hay que tener en cuenta algunos aspectos fundamentales para el<\/p>\n","protected":false},"author":3,"featured_media":33967,"comment_status":"closed","ping_status":"closed","sticky":false,"template":"","format":"standard","meta":{"_acf_changed":false,"_seopress_robots_primary_cat":"none","_seopress_titles_title":"","_seopress_titles_desc":"","_seopress_robots_index":"","colormag_page_container_layout":"default_layout","colormag_page_sidebar_layout":"default_layout","footnotes":""},"categories":[6],"tags":[],"class_list":["post-36953","post","type-post","status-publish","format-standard","has-post-thumbnail","hentry","category-eventos"],"acf":[],"_links":{"self":[{"href":"https:\/\/vocesparalelas.com.ar\/sitio\/wp-json\/wp\/v2\/posts\/36953","targetHints":{"allow":["GET"]}}],"collection":[{"href":"https:\/\/vocesparalelas.com.ar\/sitio\/wp-json\/wp\/v2\/posts"}],"about":[{"href":"https:\/\/vocesparalelas.com.ar\/sitio\/wp-json\/wp\/v2\/types\/post"}],"author":[{"embeddable":true,"href":"https:\/\/vocesparalelas.com.ar\/sitio\/wp-json\/wp\/v2\/users\/3"}],"replies":[{"embeddable":true,"href":"https:\/\/vocesparalelas.com.ar\/sitio\/wp-json\/wp\/v2\/comments?post=36953"}],"version-history":[{"count":1,"href":"https:\/\/vocesparalelas.com.ar\/sitio\/wp-json\/wp\/v2\/posts\/36953\/revisions"}],"predecessor-version":[{"id":36955,"href":"https:\/\/vocesparalelas.com.ar\/sitio\/wp-json\/wp\/v2\/posts\/36953\/revisions\/36955"}],"wp:featuredmedia":[{"embeddable":true,"href":"https:\/\/vocesparalelas.com.ar\/sitio\/wp-json\/wp\/v2\/media\/33967"}],"wp:attachment":[{"href":"https:\/\/vocesparalelas.com.ar\/sitio\/wp-json\/wp\/v2\/media?parent=36953"}],"wp:term":[{"taxonomy":"category","embeddable":true,"href":"https:\/\/vocesparalelas.com.ar\/sitio\/wp-json\/wp\/v2\/categories?post=36953"},{"taxonomy":"post_tag","embeddable":true,"href":"https:\/\/vocesparalelas.com.ar\/sitio\/wp-json\/wp\/v2\/tags?post=36953"}],"curies":[{"name":"wp","href":"https:\/\/api.w.org\/{rel}","templated":true}]}}