{"id":36947,"date":"2021-04-16T13:50:57","date_gmt":"2021-04-16T16:50:57","guid":{"rendered":"http:\/\/vocesparalelas.com.ar\/sitio\/?p=36947"},"modified":"2021-04-18T14:08:11","modified_gmt":"2021-04-18T17:08:11","slug":"se-extreman-el-cumplimiento-de-los-protocolos-vigentes-en-san-juan","status":"publish","type":"post","link":"https:\/\/vocesparalelas.com.ar\/sitio\/se-extreman-el-cumplimiento-de-los-protocolos-vigentes-en-san-juan\/","title":{"rendered":"Se extreman el cumplimiento de los protocolos vigentes en San Juan"},"content":{"rendered":"<p>Con el objetivo de mantener las restricciones vigentes en la provincia, el Comit\u00e9 COVID-19, presidido por la ministra de Salud P\u00fablica, Dra. Alejandra Venerando, se reuni\u00f3 para brindar detalles sobre la situaci\u00f3n sanitaria de la provincia y evaluar los pasos a seguir en el marco de las recomendaciones del presidente Alberto Fern\u00e1ndez.<\/p>\n<p>El encuentro cont\u00f3 con la presencia de la ministro de Gobierno, Dra. Fabiola Aubone; el ministro de Desarrollo Humano y Promoci\u00f3n Social, Prof. Fabian Aballay; la ministro de Turismo y Cultura, Lic. Claudia Grynzpan; el secretario de Hacienda, CPN Gerardo Torrent; el secretario de Turismo, Dr. Roberto Ju\u00e1rez; el subsecretario de Seguridad, Dr. Abel Hern\u00e1ndez; el secretario de Industria, Comercio y Servicios, Alejandro Mestre; el subsecretario de Medicina Preventiva, Dr. Mat\u00edas Espejo; el subsecretario de Deporte Federado y Alto Rendimiento, Leonardo Flores; el referente del \u00e1rea Salud de Deportes, Franco Chancay y el director general de Recursos Humanos y Organizaci\u00f3n, Jorge Maurin.<\/p>\n<p>El objetivo de la reuni\u00f3n fue revisar las normativas y protocolos vigentes, con el objetivo de cuidar la salud de todos los sanjuaninos, proteger la econom\u00eda y la educaci\u00f3n.<\/p>\n<p>En ese orden, la ministro Venerando y su equipo brindaron detalles de la situaci\u00f3n epidemiol\u00f3gica en San Juan al igual que los avances del Plan Provincial de Vacunaci\u00f3n.<\/p>\n<p>Las autoridades destacaron que el an\u00e1lisis y monitoreo de la situaci\u00f3n epidemiol\u00f3gica y de las camas en las \u00e1reas Covid de la provincia de San Juan se realiza en forma permanente, adem\u00e1s se informa que el mencionado comit\u00e9 se seguir\u00e1 reuniendo de manera periodica.<\/p>\n<p><strong><span style=\"color: #ff0000;\">El Comit\u00e9 COVID-19 acord\u00f3 reforzar e intensificar los siguientes puntos:<\/span><\/strong><\/p>\n<ul>\n<li>Extremar los controles sobre las restricciones de circulaci\u00f3n y las medidas anunciadas el pasado 10 de abril.<\/li>\n<li>Fortalecer las campa\u00f1as de concientizaci\u00f3n.<\/li>\n<li>Revisar el cumplimiento de los protocolos y recomendaciones sanitarias vigentes en comercios, supermercados, cajeros autom\u00e1ticos, patios de comidas.<\/li>\n<li>Analizar la situaci\u00f3n epidemiol\u00f3gica de cada uno de los 19 departamentos, extremar los protocolos correspondientes.<\/li>\n<li>Intensificar el trabajo coordinado con los intendentes de cada uno de los municipios.<\/li>\n<li>Revisar el cumplimiento de los protocolos y recomendaciones sanitarias en los restaurantes y bares.<\/li>\n<li>Tal cual lo anunci\u00f3 el Gobierno nacional, recomendar a la poblaci\u00f3n desplazarse en casos de necesidad, educaci\u00f3n, trabajo, etc.<\/li>\n<li>Revisar y controlar los protocolos y recomendaciones vigentes en lugar de espera de todos los \u00e1mbitos tanto p\u00fablico como privado.<\/li>\n<li>Revisar el cumplimiento de las medidas preventivas y el cumplimiento de la ocupaci\u00f3n permitida donde se realizan actividades recreativas y deportivas en espacios cerrados.<\/li>\n<li>Intensificar controles y campa\u00f1a de concientizaci\u00f3n destinada a la poblaci\u00f3n sobre el cumplimiento de la apertura permanente de ventanillas en el transporte p\u00fablico de corta distancia.<\/li>\n<li>Revisar los protolocos correspondientes y los controles de ocupaci\u00f3n y respeto de las medidas de prevenci\u00f3n y seguridad en las actividades de los cultos.<\/li>\n<li>Fortalecer las medidas preventivas en el ingreso a todo edificio p\u00fablico (por ejemplo: Centro C\u00edvico)<\/li>\n<li>Fortalecer los controles para el ingreso a edificios p\u00fablicos, tales como: terminaci\u00f3n de DNI, control de temperatura, colocaci\u00f3n de alcohol en gel y el uso correcto de tapabocas y barbijos.<\/li>\n<li>Estas propuestas tienen la finalidad de seguir apelando al esfuerzo y compromiso de toda la comunidad, extremando las medidas de cuidado personal y colectivo y el cumplimiento de la normativa vigente para evitar la propagaci\u00f3n del coronavirus.<\/li>\n<\/ul>\n<p>&nbsp;<\/p>\n<p>&nbsp;<\/p>\n","protected":false},"excerpt":{"rendered":"<p>Con el objetivo de mantener las restricciones vigentes en la provincia, el Comit\u00e9 COVID-19, presidido por la ministra de Salud<\/p>\n","protected":false},"author":3,"featured_media":1245,"comment_status":"closed","ping_status":"closed","sticky":false,"template":"","format":"standard","meta":{"_acf_changed":false,"_seopress_robots_primary_cat":"none","_seopress_titles_title":"","_seopress_titles_desc":"","_seopress_robots_index":"","colormag_page_container_layout":"default_layout","colormag_page_sidebar_layout":"default_layout","footnotes":""},"categories":[6],"tags":[],"class_list":["post-36947","post","type-post","status-publish","format-standard","has-post-thumbnail","hentry","category-eventos"],"acf":[],"_links":{"self":[{"href":"https:\/\/vocesparalelas.com.ar\/sitio\/wp-json\/wp\/v2\/posts\/36947","targetHints":{"allow":["GET"]}}],"collection":[{"href":"https:\/\/vocesparalelas.com.ar\/sitio\/wp-json\/wp\/v2\/posts"}],"about":[{"href":"https:\/\/vocesparalelas.com.ar\/sitio\/wp-json\/wp\/v2\/types\/post"}],"author":[{"embeddable":true,"href":"https:\/\/vocesparalelas.com.ar\/sitio\/wp-json\/wp\/v2\/users\/3"}],"replies":[{"embeddable":true,"href":"https:\/\/vocesparalelas.com.ar\/sitio\/wp-json\/wp\/v2\/comments?post=36947"}],"version-history":[{"count":1,"href":"https:\/\/vocesparalelas.com.ar\/sitio\/wp-json\/wp\/v2\/posts\/36947\/revisions"}],"predecessor-version":[{"id":36949,"href":"https:\/\/vocesparalelas.com.ar\/sitio\/wp-json\/wp\/v2\/posts\/36947\/revisions\/36949"}],"wp:featuredmedia":[{"embeddable":true,"href":"https:\/\/vocesparalelas.com.ar\/sitio\/wp-json\/wp\/v2\/media\/1245"}],"wp:attachment":[{"href":"https:\/\/vocesparalelas.com.ar\/sitio\/wp-json\/wp\/v2\/media?parent=36947"}],"wp:term":[{"taxonomy":"category","embeddable":true,"href":"https:\/\/vocesparalelas.com.ar\/sitio\/wp-json\/wp\/v2\/categories?post=36947"},{"taxonomy":"post_tag","embeddable":true,"href":"https:\/\/vocesparalelas.com.ar\/sitio\/wp-json\/wp\/v2\/tags?post=36947"}],"curies":[{"name":"wp","href":"https:\/\/api.w.org\/{rel}","templated":true}]}}