{"id":36937,"date":"2021-04-16T00:49:16","date_gmt":"2021-04-16T03:49:16","guid":{"rendered":"http:\/\/vocesparalelas.com.ar\/sitio\/?p=36937"},"modified":"2021-04-16T00:50:12","modified_gmt":"2021-04-16T03:50:12","slug":"se-reunio-la-comision-de-mineria-de-la-camara-de-diputados-de-san-juan","status":"publish","type":"post","link":"https:\/\/vocesparalelas.com.ar\/sitio\/se-reunio-la-comision-de-mineria-de-la-camara-de-diputados-de-san-juan\/","title":{"rendered":"Se reuni\u00f3 la Comisi\u00f3n de Miner\u00eda de la C\u00e1mara de Diputados de San Juan"},"content":{"rendered":"<div class=\"itemFullText jbintrotext\">\n<p>Los integrantes de la Comisi\u00f3n de Miner\u00eda llevaron a cabo una reuni\u00f3n, bajo la modalidad mixta (presencial y virtual), para tratar diversos asuntos presentados.<\/p>\n<\/div>\n<div class=\"itemFullText\">\n<p>El encuentro tuvo lugar en la sala de Situaci\u00f3n del bloque Justicialista, ubicada en calle Las Heras. Cont\u00f3 con la participaci\u00f3n, de forma presencial, del diputado titular de la Comisi\u00f3n, Eduardo Cabello; el vicepresidente, \u00a0Enrique Monta\u00f1o; el secretario, Mario Romero; los legisladores Horacio Quiroga, Federico Hensel, Rodolfo Jalife; y de forma virtual, estuvieron\u00a0 conectados los diputados Jorge Barifusa, Leonardo Gioja y Enzo Cornejo.<\/p>\n<p>Durante la reuni\u00f3n tomaron conocimiento de diversos temas ingresados y otorgaron despacho favorable a un proyecto de Ley que propone la ratificaci\u00f3n de un convenio de cooperaci\u00f3n suscripto el 19 de enero de 2021 entre la Secretar\u00eda de Estado de Ambiente y Desarrollo Sustentable, y la Minera Andina del Sol. El objeto de este acuerdo consiste en trasladar al Complejo Ambiental San Juan, los Residuos de Artefactos El\u00e9ctricos y Electr\u00f3nicos (RAEE), que actualmente se encuentran en stock en la Minera Andina del Sol.<\/p>\n<\/div>\n<p>&nbsp;<\/p>\n<p>&nbsp;<\/p>\n","protected":false},"excerpt":{"rendered":"<p>Los integrantes de la Comisi\u00f3n de Miner\u00eda llevaron a cabo una reuni\u00f3n, bajo la modalidad mixta (presencial y virtual), para<\/p>\n","protected":false},"author":3,"featured_media":36940,"comment_status":"closed","ping_status":"closed","sticky":false,"template":"","format":"standard","meta":{"_acf_changed":false,"_seopress_robots_primary_cat":"none","_seopress_titles_title":"","_seopress_titles_desc":"","_seopress_robots_index":"","colormag_page_container_layout":"default_layout","colormag_page_sidebar_layout":"default_layout","footnotes":""},"categories":[1],"tags":[],"class_list":["post-36937","post","type-post","status-publish","format-standard","has-post-thumbnail","hentry","category-destacadas"],"acf":[],"_links":{"self":[{"href":"https:\/\/vocesparalelas.com.ar\/sitio\/wp-json\/wp\/v2\/posts\/36937","targetHints":{"allow":["GET"]}}],"collection":[{"href":"https:\/\/vocesparalelas.com.ar\/sitio\/wp-json\/wp\/v2\/posts"}],"about":[{"href":"https:\/\/vocesparalelas.com.ar\/sitio\/wp-json\/wp\/v2\/types\/post"}],"author":[{"embeddable":true,"href":"https:\/\/vocesparalelas.com.ar\/sitio\/wp-json\/wp\/v2\/users\/3"}],"replies":[{"embeddable":true,"href":"https:\/\/vocesparalelas.com.ar\/sitio\/wp-json\/wp\/v2\/comments?post=36937"}],"version-history":[{"count":1,"href":"https:\/\/vocesparalelas.com.ar\/sitio\/wp-json\/wp\/v2\/posts\/36937\/revisions"}],"predecessor-version":[{"id":36939,"href":"https:\/\/vocesparalelas.com.ar\/sitio\/wp-json\/wp\/v2\/posts\/36937\/revisions\/36939"}],"wp:featuredmedia":[{"embeddable":true,"href":"https:\/\/vocesparalelas.com.ar\/sitio\/wp-json\/wp\/v2\/media\/36940"}],"wp:attachment":[{"href":"https:\/\/vocesparalelas.com.ar\/sitio\/wp-json\/wp\/v2\/media?parent=36937"}],"wp:term":[{"taxonomy":"category","embeddable":true,"href":"https:\/\/vocesparalelas.com.ar\/sitio\/wp-json\/wp\/v2\/categories?post=36937"},{"taxonomy":"post_tag","embeddable":true,"href":"https:\/\/vocesparalelas.com.ar\/sitio\/wp-json\/wp\/v2\/tags?post=36937"}],"curies":[{"name":"wp","href":"https:\/\/api.w.org\/{rel}","templated":true}]}}