{"id":36929,"date":"2021-04-15T23:09:07","date_gmt":"2021-04-16T02:09:07","guid":{"rendered":"http:\/\/vocesparalelas.com.ar\/sitio\/?p=36929"},"modified":"2021-04-15T23:09:07","modified_gmt":"2021-04-16T02:09:07","slug":"upcn-cultural-se-prepara-para-iniciar-las-actividades-para-proyectar-el-ciclo-de-cine","status":"publish","type":"post","link":"https:\/\/vocesparalelas.com.ar\/sitio\/upcn-cultural-se-prepara-para-iniciar-las-actividades-para-proyectar-el-ciclo-de-cine\/","title":{"rendered":"UPCN Cultural se prepara para iniciar las actividades para proyectar el Ciclo de cine"},"content":{"rendered":"<p>La Pandemia del COVID &#8211; 19 que afecta al mundo provoc\u00f3 la falta de presencialidad en las actividades que desarrolla UPCN en el \u00e1rea de Cultura como es la proyecci\u00f3n de pel\u00edculas argentinas para la familia y el cine para ni\u00f1os, que son proyecciones gratuitas para los afiliados y con una entrada de costo m\u00ednimo para los no afiliados, es decir, los integrantes de la sociedad, en el sal\u00f3n.<\/p>\n<p>Adem\u00e1s, brinda cursos con un abanico de tem\u00e1ticas que son muy requeridos por los docentes. Tambi\u00e9n, presentan libros de escritores provinciales.<\/p>\n<p>Hoy es preocupantes y esperan m\u00e1s adelante abrir estas alternativas para disfrutar en familia con todo el protocolo sanitario.<\/p>\n<p>Por ello, Voces Paralelas entrevist\u00f3 al Secretario de Cultura y Capacitaciones de UPCN &#8211; Seccional San Juan, Lic. Luis Mallea, quien expres\u00f3 lo que significa esta situaci\u00f3n y la esperanza de reanudar las actividades presenciales aunque hay que seguir esperando.<\/p>\n<p><iframe loading=\"lazy\" title=\"UPCN LIC. LUIS MALLEA\" width=\"800\" height=\"450\" src=\"https:\/\/www.youtube.com\/embed\/wsoVWs75PbI?feature=oembed\" frameborder=\"0\" allow=\"accelerometer; autoplay; clipboard-write; encrypted-media; gyroscope; picture-in-picture\" allowfullscreen><\/iframe><\/p>\n<p>&nbsp;<\/p>\n<p><img loading=\"lazy\" decoding=\"async\" class=\"alignnone wp-image-4204 size-large\" src=\"https:\/\/vocesparalelas.com.ar\/sitio\/wp-content\/uploads\/2017\/08\/UPCN-SALA-1-800x531.jpg\" alt=\"\" width=\"800\" height=\"531\" srcset=\"https:\/\/vocesparalelas.com.ar\/sitio\/wp-content\/uploads\/2017\/08\/UPCN-SALA-1-800x531.jpg 800w, https:\/\/vocesparalelas.com.ar\/sitio\/wp-content\/uploads\/2017\/08\/UPCN-SALA-1-300x199.jpg 300w, https:\/\/vocesparalelas.com.ar\/sitio\/wp-content\/uploads\/2017\/08\/UPCN-SALA-1-768x510.jpg 768w, https:\/\/vocesparalelas.com.ar\/sitio\/wp-content\/uploads\/2017\/08\/UPCN-SALA-1.jpg 1024w\" sizes=\"auto, (max-width: 800px) 100vw, 800px\" \/><\/p>\n<p>&nbsp;<\/p>\n<p>&nbsp;<\/p>\n<p>&nbsp;<\/p>\n<p>&nbsp;<\/p>\n<p>&nbsp;<\/p>\n","protected":false},"excerpt":{"rendered":"<p>La Pandemia del COVID &#8211; 19 que afecta al mundo provoc\u00f3 la falta de presencialidad en las actividades que desarrolla<\/p>\n","protected":false},"author":3,"featured_media":36931,"comment_status":"closed","ping_status":"closed","sticky":false,"template":"","format":"video","meta":{"_acf_changed":false,"_seopress_robots_primary_cat":"none","_seopress_titles_title":"","_seopress_titles_desc":"","_seopress_robots_index":"","colormag_page_container_layout":"default_layout","colormag_page_sidebar_layout":"default_layout","footnotes":""},"categories":[1,7],"tags":[],"class_list":["post-36929","post","type-post","status-publish","format-video","has-post-thumbnail","hentry","category-destacadas","category-videos","post_format-post-format-video"],"acf":[],"_links":{"self":[{"href":"https:\/\/vocesparalelas.com.ar\/sitio\/wp-json\/wp\/v2\/posts\/36929","targetHints":{"allow":["GET"]}}],"collection":[{"href":"https:\/\/vocesparalelas.com.ar\/sitio\/wp-json\/wp\/v2\/posts"}],"about":[{"href":"https:\/\/vocesparalelas.com.ar\/sitio\/wp-json\/wp\/v2\/types\/post"}],"author":[{"embeddable":true,"href":"https:\/\/vocesparalelas.com.ar\/sitio\/wp-json\/wp\/v2\/users\/3"}],"replies":[{"embeddable":true,"href":"https:\/\/vocesparalelas.com.ar\/sitio\/wp-json\/wp\/v2\/comments?post=36929"}],"version-history":[{"count":1,"href":"https:\/\/vocesparalelas.com.ar\/sitio\/wp-json\/wp\/v2\/posts\/36929\/revisions"}],"predecessor-version":[{"id":36932,"href":"https:\/\/vocesparalelas.com.ar\/sitio\/wp-json\/wp\/v2\/posts\/36929\/revisions\/36932"}],"wp:featuredmedia":[{"embeddable":true,"href":"https:\/\/vocesparalelas.com.ar\/sitio\/wp-json\/wp\/v2\/media\/36931"}],"wp:attachment":[{"href":"https:\/\/vocesparalelas.com.ar\/sitio\/wp-json\/wp\/v2\/media?parent=36929"}],"wp:term":[{"taxonomy":"category","embeddable":true,"href":"https:\/\/vocesparalelas.com.ar\/sitio\/wp-json\/wp\/v2\/categories?post=36929"},{"taxonomy":"post_tag","embeddable":true,"href":"https:\/\/vocesparalelas.com.ar\/sitio\/wp-json\/wp\/v2\/tags?post=36929"}],"curies":[{"name":"wp","href":"https:\/\/api.w.org\/{rel}","templated":true}]}}