{"id":36924,"date":"2021-04-15T21:23:23","date_gmt":"2021-04-16T00:23:23","guid":{"rendered":"http:\/\/vocesparalelas.com.ar\/sitio\/?p=36924"},"modified":"2021-04-17T00:43:00","modified_gmt":"2021-04-17T03:43:00","slug":"1-ciclo-de-capacitaciones-2021-del-mercado-artesanal-de-san-juan","status":"publish","type":"post","link":"https:\/\/vocesparalelas.com.ar\/sitio\/1-ciclo-de-capacitaciones-2021-del-mercado-artesanal-de-san-juan\/","title":{"rendered":"1\u00b0 Ciclo de capacitaciones 2021 del Mercado Artesanal de San Juan"},"content":{"rendered":"<p>El Ministerio de Turismo y Cultura del Gobierno de San Juan a trav\u00e9s del Mercado Artesanal Tradicional Luisa Escudero presenta el primer ciclo de capacitaciones de este a\u00f1o de forma presencial y gratuita.<\/p>\n<p>Se trata de ocho talleres gratuitos que se desarrollar\u00e1n durante mayo y junio. Est\u00e1n abiertas las inscripciones hasta el Domingo, 25 de Abril.<\/p>\n<p>El mismo se desarrollar\u00e1 en las instalaciones del Mercado ubicado en Avenida Espa\u00f1a 330 Norte (Capital). Los encuentros son con cupo limitados y est\u00e1n dirigidos a todos aquellos artesanos que deseen mejorar la calidad de sus producciones como as\u00ed tambi\u00e9n para aquellas personas que buscan emprender en un oficio.<\/p>\n<p>Por su parte, el primer ciclo de capacitaci\u00f3n tendr\u00e1 una duraci\u00f3n de cuatro encuentros cada uno de 4hs, bajo protocolo de seguridad COVID-19.<\/p>\n<p>Las inscripciones ser\u00e1n online y en el caso que la cantidad de aspirantes supere el cupo se realizar\u00e1 una selecci\u00f3n previa. Los interesados podr\u00e1n inscribirse hasta el Domingo, 25 Abril. Por \u00faltimo, los seleccionados se publicar\u00e1n el d\u00eda jueves 29 (por correo se les comunicar\u00e1 los materiales y herramientas con los que se deber\u00e1 asistir).<\/p>\n<p><span style=\"color: #339966;\"><strong>Los talleres de Mayo<\/strong><\/span><\/p>\n<p><span style=\"color: #339966;\"><strong>Textiler\u00eda, introducci\u00f3n al hilado manual y tintes naturales<\/strong><\/span><\/p>\n<ul>\n<li>Martes 4, 11, 18 y 25 de mayo. De 14 a 18hs<\/li>\n<li>Capacitador: artesano Pablo Mart\u00edn Pulido.<\/li>\n<li>Ingres\u00e1 a este link para inscribirte<\/li>\n<li><a href=\"https:\/\/sisanjuan.gob.ar\/bit.ly\/textileria-tintes\">https:\/\/sisanjuan.gob.ar\/bit.ly\/textileria-tintes<\/a><\/li>\n<\/ul>\n<p><strong><span style=\"color: #339966;\">Talabarter\u00eda, objetos utilitarios en cuero<\/span><\/strong><\/p>\n<ul>\n<li>Mi\u00e9rcoles 5, 12, 19 y 26 de mayo. De 14 a 18hs<\/li>\n<li>Capacitador: artesano certificado Facundo Herrera.<\/li>\n<li>Ingres\u00e1 a este link para inscribirte<\/li>\n<li><a href=\"https:\/\/sisanjuan.gob.ar\/bit.ly\/talabarteria-cuero\">https:\/\/sisanjuan.gob.ar\/bit.ly\/talabarteria-cuero<\/a><\/li>\n<\/ul>\n<p><strong><span style=\"color: #339966;\">Textiler\u00eda, prendas contempor\u00e1neas en telar<\/span><\/strong><\/p>\n<ul>\n<li>Lunes 3, 10, 17 y 24 de mayo. De 14 a 18hs<\/li>\n<li>Capacitadora: DI Miriam P\u00e9rez, de A la Pipet\u00faa! Textil<\/li>\n<li>Requisito: conocimientos en telar Mar\u00eda u otro. Telar y herramientas.<\/li>\n<li>Ingres\u00e1 a este link para inscribirte<\/li>\n<li><a href=\"https:\/\/sisanjuan.gob.ar\/bit.ly\/textileria-telar\">https:\/\/sisanjuan.gob.ar\/bit.ly\/textileria-telar<\/a><\/li>\n<\/ul>\n<p><strong><span style=\"color: #339966;\">Talla en madera, cuencos y utensilios<\/span><\/strong><\/p>\n<ul>\n<li>Viernes 7, 14,21 y 28 de mayo. De 14 a 18hs<\/li>\n<li>Capacitador: artesano certificado Julio Atencio, de Artesan\u00edas R\u00edo Verde.<\/li>\n<li>Ingres\u00e1 a este link para inscribirte<\/li>\n<li><a href=\"https:\/\/sisanjuan.gob.ar\/bit.ly\/tallamadera\">https:\/\/sisanjuan.gob.ar\/bit.ly\/tallamadera<\/a><\/li>\n<\/ul>\n<p><span style=\"color: #339966;\"><strong>Conoc\u00e9 los talleres de junio<\/strong><\/span><\/p>\n<p><span style=\"color: #339966;\"><strong>Orfebrer\u00eda, introducci\u00f3n a la joyer\u00eda contempor\u00e1nea<\/strong><\/span><\/p>\n<ul>\n<li>Mi\u00e9rcoles 2, 9, 16 y 23 de junio. De 14 a 18hs<\/li>\n<li>Capacitadora: artesanas certificadas Cecilia y Mar\u00eda Carolina Bueno, de Bueno joyer\u00eda de autor.<\/li>\n<li>Requisito: kit b\u00e1sico de herramientas y metales 3500 $ aprox.<\/li>\n<li>Ingres\u00e1 a este link para inscribirte<\/li>\n<li><a href=\"https:\/\/sisanjuan.gob.ar\/bit.ly\/orfebreria\">https:\/\/sisanjuan.gob.ar\/bit.ly\/orfebreria<\/a><\/li>\n<\/ul>\n<p><strong><span style=\"color: #339966;\">Cer\u00e1mica, vasijas en barro local<\/span><\/strong><\/p>\n<ul>\n<li>Martes 8, 15, 22 y 29 de junio. De 14 a 18hs<\/li>\n<li>Capacitadora: artesana certificada Marina Ariza, de Ancestral Cer\u00e1mica y de La Tetera Cer\u00e1mica.<\/li>\n<li>Ingres\u00e1 a este link para inscribirte<\/li>\n<li><a href=\"https:\/\/sisanjuan.gob.ar\/bit.ly\/ceramica-vasijas\">https:\/\/sisanjuan.gob.ar\/bit.ly\/ceramica-vasijas<\/a><\/li>\n<\/ul>\n<p><strong><span style=\"color: #339966;\">Textiler\u00eda, bordado como recurso para generar texturas<\/span><\/strong><\/p>\n<ul>\n<li>Lunes 7, 14, 21 y 28 de junio. De 14 a 18hs<\/li>\n<li>Capacitadora: artesana Mar\u00eda del Carmen L\u00f3pez.<\/li>\n<li>Ingres\u00e1 a este link para inscribirte<\/li>\n<li><a href=\"https:\/\/docs.google.com\/forms\/d\/e\/1FAIpQLSfsEgziPW20coX8G0wmlrTjzLaxX9XlWXOY2QjBHTUQ8IiAEg\/viewform\">https:\/\/docs.google.com\/forms\/d\/e\/1FAIpQLSfsEgziPW20coX8G0wmlrTjzLaxX9XlWXOY2QjBHTUQ8IiAEg\/viewform<\/a><\/li>\n<\/ul>\n<p><strong><span style=\"color: #339966;\">Cester\u00eda, objetos utilitarios en mimbre<\/span><\/strong><\/p>\n<ul>\n<li>Viernes 4, 11, 18 y 25 de junio. De 14 a 18hs<\/li>\n<li>Capacitadora: artesana certificada Y\u00e9sica Ludue\u00f1a, de F\u00e9nix, Coraz\u00f3n de Mimbre.<\/li>\n<li>Ingres\u00e1 a este link para inscribirte<\/li>\n<li><a href=\"https:\/\/sisanjuan.gob.ar\/bit.ly\/cesteria-mimbre\">https:\/\/sisanjuan.gob.ar\/bit.ly\/cesteria-mimbre<\/a><\/li>\n<\/ul>\n<p>Cabe mencionar que en los meses de agosto y septiembre se continuar\u00e1 con el Segundo Ciclo en el que se desarrollar\u00e1n 8 capacitaciones m\u00e1s. Entre parte de lo m\u00e1s destacado que se dictar\u00e1, se encuentra el telar criollo con la artesana certificada Clara Quiroga o de Serigraf\u00eda Artesanal.<\/p>\n","protected":false},"excerpt":{"rendered":"<p>El Ministerio de Turismo y Cultura del Gobierno de San Juan a trav\u00e9s del Mercado Artesanal Tradicional Luisa Escudero presenta<\/p>\n","protected":false},"author":3,"featured_media":10610,"comment_status":"closed","ping_status":"closed","sticky":false,"template":"","format":"standard","meta":{"_acf_changed":false,"_seopress_robots_primary_cat":"none","_seopress_titles_title":"","_seopress_titles_desc":"","_seopress_robots_index":"","colormag_page_container_layout":"default_layout","colormag_page_sidebar_layout":"default_layout","footnotes":""},"categories":[9],"tags":[],"class_list":["post-36924","post","type-post","status-publish","format-standard","has-post-thumbnail","hentry","category-cursos"],"acf":[],"_links":{"self":[{"href":"https:\/\/vocesparalelas.com.ar\/sitio\/wp-json\/wp\/v2\/posts\/36924","targetHints":{"allow":["GET"]}}],"collection":[{"href":"https:\/\/vocesparalelas.com.ar\/sitio\/wp-json\/wp\/v2\/posts"}],"about":[{"href":"https:\/\/vocesparalelas.com.ar\/sitio\/wp-json\/wp\/v2\/types\/post"}],"author":[{"embeddable":true,"href":"https:\/\/vocesparalelas.com.ar\/sitio\/wp-json\/wp\/v2\/users\/3"}],"replies":[{"embeddable":true,"href":"https:\/\/vocesparalelas.com.ar\/sitio\/wp-json\/wp\/v2\/comments?post=36924"}],"version-history":[{"count":4,"href":"https:\/\/vocesparalelas.com.ar\/sitio\/wp-json\/wp\/v2\/posts\/36924\/revisions"}],"predecessor-version":[{"id":36970,"href":"https:\/\/vocesparalelas.com.ar\/sitio\/wp-json\/wp\/v2\/posts\/36924\/revisions\/36970"}],"wp:featuredmedia":[{"embeddable":true,"href":"https:\/\/vocesparalelas.com.ar\/sitio\/wp-json\/wp\/v2\/media\/10610"}],"wp:attachment":[{"href":"https:\/\/vocesparalelas.com.ar\/sitio\/wp-json\/wp\/v2\/media?parent=36924"}],"wp:term":[{"taxonomy":"category","embeddable":true,"href":"https:\/\/vocesparalelas.com.ar\/sitio\/wp-json\/wp\/v2\/categories?post=36924"},{"taxonomy":"post_tag","embeddable":true,"href":"https:\/\/vocesparalelas.com.ar\/sitio\/wp-json\/wp\/v2\/tags?post=36924"}],"curies":[{"name":"wp","href":"https:\/\/api.w.org\/{rel}","templated":true}]}}