{"id":36907,"date":"2021-04-15T01:32:57","date_gmt":"2021-04-15T04:32:57","guid":{"rendered":"http:\/\/vocesparalelas.com.ar\/sitio\/?p=36907"},"modified":"2021-04-16T00:58:29","modified_gmt":"2021-04-16T03:58:29","slug":"ob-caenum-estrena-no-soy-mujer-en-san-juan-se-suspende","status":"publish","type":"post","link":"https:\/\/vocesparalelas.com.ar\/sitio\/ob-caenum-estrena-no-soy-mujer-en-san-juan-se-suspende\/","title":{"rendered":"Ob caenum estrena \u00abNo soy Mujer\u00bb en San Juan se suspende"},"content":{"rendered":"<p>El Ministerio de Turismo y Cultura, a trav\u00e9s del Teatro del Bicentenario, comunica que, por razones de fuerza mayor, se suspende el espect\u00e1culo \u201cNo soy mujer\u201d previsto para el 16 y 17 de abril en la Sala Audit\u00f3rium del Teatro del Bicentenario.<\/p>\n<p>Quien haya adquirido entradas de forma presencial, deber\u00e1 dirigirse, a partir del martes 20 de abril, a la boleter\u00eda del teatro de lunes a viernes, de 9:30 a 16., para solicitar su reembolso. Quienes compraron online, el reembolso se llevar\u00e1 a cabo por esta v\u00eda.<\/p>\n<hr \/>\n<p>Esta obra se estren\u00f3 en el FIBA Festival Internacional de Buenos Aires.\u00a0Una atracci\u00f3n tr\u00e1gica entre dos seres dis\u00edmiles. Versi\u00f3n de Pentesilea de H. von Kleist que habla del desencuentro entre los cuerpos en una mixtura de cabaret contempor\u00e1neo y manipulaci\u00f3n de objetos.<\/p>\n<p>El\u00a0Viernes, 16 de Abril, a las 21 hs y el S\u00e1bado, 17 de Abril, a las 19 hs.; en el\u00a0Auditorio del Teatro Bicentenario.<\/p>\n<p><a href=\"http:\/\/www.teatrodelbicentenariosanjuan.org\/novedades\/no-soy-mujer-sube-a-escena-en-la-sala-auditorium-del-teatro-del-bicentenario\/\">http:\/\/www.teatrodelbicentenariosanjuan.org\/novedades\/no-soy-mujer-sube-a-escena-en-la-sala-auditorium-del-teatro-del-bicentenario\/<\/a><\/p>\n<p>Entradas en venta en la boleter\u00eda del teatro, de lunes a viernes, de 9:30 a 16 hs. Tambi\u00e9n se encuentra disponible on line a trav\u00e9s de tuentrada.com, en el siguiente link:<\/p>\n<p><a href=\"https:\/\/tuentbsj.shop.secutix.com\/selection\/event\/date?productId=10228333564469&amp;lang=es\">https:\/\/tuentbsj.shop.secutix.com\/selection\/event\/date?productId=10228333564469&amp;lang=es<\/a><\/p>\n<p><strong><span style=\"color: #ff00ff;\">Ficha art\u00edstica<\/span><\/strong><\/p>\n<ul>\n<li>Direcci\u00f3n: Guadalupe Su\u00e1rez Jofr\u00e9<\/li>\n<li>Performers: Guadalupe Su\u00e1rez Jofr\u00e9, Ina Est\u00e9vez Fager, Larisa Traistaru\/Juana Enoe Montilla Su\u00e1rez y Melina Echevarr\u00eda Peinado.<\/li>\n<li>Asistencia de direcci\u00f3n: Facundo Cers\u00f3simo<\/li>\n<li>Autor\u00eda: Guadalupe Su\u00e1rez Jofr\u00e9 y Facundo Cers\u00f3simo (reescritura de Pentesilea de H. von Kleist)<\/li>\n<li>Dise\u00f1o esc\u00e9nico y visual: Guadalupe Su\u00e1rez Jofr\u00e9 e Ina Est\u00e9vez Fager<\/li>\n<li>Construcci\u00f3n sonora: Ina Est\u00e9vez Fager y Guadalupe Su\u00e1rez Jofr\u00e9<\/li>\n<li>M\u00fasica en vivo: Ina Est\u00e9vez Fager<\/li>\n<li>Maquillaje: Melina Echevarr\u00eda Peinado<\/li>\n<li>Vestuario: Melina Echevarr\u00eda Peinado y Guadalupe Su\u00e1rez Jofr\u00e9<\/li>\n<li>Dise\u00f1o industrial: Morena Soria<\/li>\n<li>Dise\u00f1o Lum\u00ednico: Fernando Torres, Guadalupe Su\u00e1rez Jofr\u00e9 e Ina Est\u00e9vez Fager<\/li>\n<li>Construcci\u00f3n de Vestuarios: @molly.landia<\/li>\n<li>Gesti\u00f3n: Facundo Cers\u00f3simo<\/li>\n<li>Distribuci\u00f3n Internacional: D\u00e9bora Staiff<\/li>\n<\/ul>\n<p>Esta obra cuenta con el apoyo del Instituto Nacional del Teatro, el Ministerio de Turismo y Cultura de la provincia de San Juan (Programa Emprendedor Cultural) y la Municipalidad de la ciudad de San Juan (Cine Teatro Municipal)<\/p>\n","protected":false},"excerpt":{"rendered":"<p>El Ministerio de Turismo y Cultura, a trav\u00e9s del Teatro del Bicentenario, comunica que, por razones de fuerza mayor, se<\/p>\n","protected":false},"author":3,"featured_media":36909,"comment_status":"closed","ping_status":"closed","sticky":false,"template":"","format":"standard","meta":{"_acf_changed":false,"_seopress_robots_primary_cat":"none","_seopress_titles_title":"","_seopress_titles_desc":"","_seopress_robots_index":"","colormag_page_container_layout":"default_layout","colormag_page_sidebar_layout":"default_layout","footnotes":""},"categories":[20],"tags":[],"class_list":["post-36907","post","type-post","status-publish","format-standard","has-post-thumbnail","hentry","category-cartelera"],"acf":[],"_links":{"self":[{"href":"https:\/\/vocesparalelas.com.ar\/sitio\/wp-json\/wp\/v2\/posts\/36907","targetHints":{"allow":["GET"]}}],"collection":[{"href":"https:\/\/vocesparalelas.com.ar\/sitio\/wp-json\/wp\/v2\/posts"}],"about":[{"href":"https:\/\/vocesparalelas.com.ar\/sitio\/wp-json\/wp\/v2\/types\/post"}],"author":[{"embeddable":true,"href":"https:\/\/vocesparalelas.com.ar\/sitio\/wp-json\/wp\/v2\/users\/3"}],"replies":[{"embeddable":true,"href":"https:\/\/vocesparalelas.com.ar\/sitio\/wp-json\/wp\/v2\/comments?post=36907"}],"version-history":[{"count":3,"href":"https:\/\/vocesparalelas.com.ar\/sitio\/wp-json\/wp\/v2\/posts\/36907\/revisions"}],"predecessor-version":[{"id":36942,"href":"https:\/\/vocesparalelas.com.ar\/sitio\/wp-json\/wp\/v2\/posts\/36907\/revisions\/36942"}],"wp:featuredmedia":[{"embeddable":true,"href":"https:\/\/vocesparalelas.com.ar\/sitio\/wp-json\/wp\/v2\/media\/36909"}],"wp:attachment":[{"href":"https:\/\/vocesparalelas.com.ar\/sitio\/wp-json\/wp\/v2\/media?parent=36907"}],"wp:term":[{"taxonomy":"category","embeddable":true,"href":"https:\/\/vocesparalelas.com.ar\/sitio\/wp-json\/wp\/v2\/categories?post=36907"},{"taxonomy":"post_tag","embeddable":true,"href":"https:\/\/vocesparalelas.com.ar\/sitio\/wp-json\/wp\/v2\/tags?post=36907"}],"curies":[{"name":"wp","href":"https:\/\/api.w.org\/{rel}","templated":true}]}}