{"id":36900,"date":"2021-04-15T01:25:22","date_gmt":"2021-04-15T04:25:22","guid":{"rendered":"http:\/\/vocesparalelas.com.ar\/sitio\/?p=36900"},"modified":"2021-04-16T23:36:35","modified_gmt":"2021-04-17T02:36:35","slug":"convocatoria-para-ideas-innovadoras-relacionadas-a-la-industria-4-0","status":"publish","type":"post","link":"https:\/\/vocesparalelas.com.ar\/sitio\/convocatoria-para-ideas-innovadoras-relacionadas-a-la-industria-4-0\/","title":{"rendered":"Convocatoria para ideas innovadoras relacionadas a la industria 4.0"},"content":{"rendered":"<p>Programa de Incubaci\u00f3n y ANR .<\/p>\n<p>\u00bfTen\u00e9s una idea o un proyecto innovador? Aplic\u00e1 a San Juan Lab y acced\u00e9 a capacitaciones, mentor\u00edas e inversi\u00f3n en un equivalente en hasta 5 mil d\u00f3lares para llevar tu emprendimiento al siguiente nivel. Buscamos las mejores 30 ideas\/proyectos, ten\u00e9s tiempo para inscribirte hasta el 30 de abril de 2021.<\/p>\n<p>\u00bfC\u00f3mo se si mi proyecto aplica a San Juan Lab?<\/p>\n<p>Buscamos ideas y\/o proyectos que:<\/p>\n<p>Resuelvan de una manera creativa o nueva viejos problemas.<\/p>\n<ol>\n<li>Que pertenezcan a la industria 4.0 blockchain, la nube (cloud), rob\u00f3tica, simulaciones, realidad virtual, realidad aumentada, Big Data, ciberseguridad, Inteligencia Artificial, software como servicio, etc\u00e9tera.<\/li>\n<li>Productos o servicios con nuevos mercados 4) Sean escalables y de alcance global.<\/li>\n<\/ol>\n<p>Inscribirte es sencillo. Segu\u00ed los pasos a continuaci\u00f3n:<\/p>\n<ol>\n<li>Le\u00e9 las bases y condiciones:<\/li>\n<\/ol>\n<p>BASES Y CONDICIONES<\/p>\n<p><a href=\"https:\/\/vocesparalelas.com.ar\/sitio\/wp-content\/uploads\/2021\/04\/BASES-Y-CONDICIONES-PROGRAMA-ANR-SAN-JUAN-LAB-2021.pdf\">BASES-Y-CONDICIONES-PROGRAMA-ANR-SAN-JUAN-LAB-2021<\/a><\/p>\n<ol start=\"2\">\n<li>Complet\u00e1 el formulario<\/li>\n<\/ol>\n<p><a href=\"https:\/\/sanjuanlab.com.ar\/programa-de-incubacion-y-anr\">https:\/\/sanjuanlab.com.ar\/programa-de-incubacion-y-anr<\/a><\/p>\n<p>Whatsapp de Agencia Calidad San Juan<\/p>\n<p><a href=\"https:\/\/api.whatsapp.com\/message\/NS473X2TDK6HK1\">https:\/\/api.whatsapp.com\/message\/NS473X2TDK6HK1<\/a><\/p>\n<p>&nbsp;<\/p>\n","protected":false},"excerpt":{"rendered":"<p>Programa de Incubaci\u00f3n y ANR . \u00bfTen\u00e9s una idea o un proyecto innovador? Aplic\u00e1 a San Juan Lab y acced\u00e9<\/p>\n","protected":false},"author":3,"featured_media":36903,"comment_status":"closed","ping_status":"closed","sticky":false,"template":"","format":"standard","meta":{"_acf_changed":false,"_seopress_robots_primary_cat":"none","_seopress_titles_title":"","_seopress_titles_desc":"","_seopress_robots_index":"","colormag_page_container_layout":"default_layout","colormag_page_sidebar_layout":"default_layout","footnotes":""},"categories":[8],"tags":[],"class_list":["post-36900","post","type-post","status-publish","format-standard","has-post-thumbnail","hentry","category-concursos"],"acf":[],"_links":{"self":[{"href":"https:\/\/vocesparalelas.com.ar\/sitio\/wp-json\/wp\/v2\/posts\/36900","targetHints":{"allow":["GET"]}}],"collection":[{"href":"https:\/\/vocesparalelas.com.ar\/sitio\/wp-json\/wp\/v2\/posts"}],"about":[{"href":"https:\/\/vocesparalelas.com.ar\/sitio\/wp-json\/wp\/v2\/types\/post"}],"author":[{"embeddable":true,"href":"https:\/\/vocesparalelas.com.ar\/sitio\/wp-json\/wp\/v2\/users\/3"}],"replies":[{"embeddable":true,"href":"https:\/\/vocesparalelas.com.ar\/sitio\/wp-json\/wp\/v2\/comments?post=36900"}],"version-history":[{"count":1,"href":"https:\/\/vocesparalelas.com.ar\/sitio\/wp-json\/wp\/v2\/posts\/36900\/revisions"}],"predecessor-version":[{"id":36906,"href":"https:\/\/vocesparalelas.com.ar\/sitio\/wp-json\/wp\/v2\/posts\/36900\/revisions\/36906"}],"wp:featuredmedia":[{"embeddable":true,"href":"https:\/\/vocesparalelas.com.ar\/sitio\/wp-json\/wp\/v2\/media\/36903"}],"wp:attachment":[{"href":"https:\/\/vocesparalelas.com.ar\/sitio\/wp-json\/wp\/v2\/media?parent=36900"}],"wp:term":[{"taxonomy":"category","embeddable":true,"href":"https:\/\/vocesparalelas.com.ar\/sitio\/wp-json\/wp\/v2\/categories?post=36900"},{"taxonomy":"post_tag","embeddable":true,"href":"https:\/\/vocesparalelas.com.ar\/sitio\/wp-json\/wp\/v2\/tags?post=36900"}],"curies":[{"name":"wp","href":"https:\/\/api.w.org\/{rel}","templated":true}]}}