{"id":36887,"date":"2021-04-14T23:28:04","date_gmt":"2021-04-15T02:28:04","guid":{"rendered":"http:\/\/vocesparalelas.com.ar\/sitio\/?p=36887"},"modified":"2021-04-16T23:37:01","modified_gmt":"2021-04-17T02:37:01","slug":"jueves-15-y-viernes-16-de-abril-paro-nacional-docente-en-las-universidades-nacionales","status":"publish","type":"post","link":"https:\/\/vocesparalelas.com.ar\/sitio\/jueves-15-y-viernes-16-de-abril-paro-nacional-docente-en-las-universidades-nacionales\/","title":{"rendered":"Jueves, 15 y Viernes, 16 de Abril Paro Nacional Docente en las Universidades Nacionales"},"content":{"rendered":"<p>Demandan urgente recomposici\u00f3n salarial ante la p\u00e9rdida acumulada frente a la inflaci\u00f3n.<\/p>\n<p>Tras el contundente paro realizado por Conadu Hist\u00f3rica el 6 y 7 de Abril, con alt\u00edsima adhesi\u00f3n, vuelven las medidas de fuerza en las Universidades Nacionales.<\/p>\n<p>Un nuevo Paro por 48 horas durante el Jueves, 15 y el Viernes, 16 de Abril, que consiste en suspensi\u00f3n total de actividades docentes, tanto presenciales como virtuales.<\/p>\n<p>La Federaci\u00f3n reitera sus demandas de inmediata convocatoria a la Mesa Nacional de Negociaci\u00f3n Salarial, sin exclusiones, adem\u00e1s de un incremento que compense lo perdido por inflaci\u00f3n y supere las proyecciones para el presente per\u00edodo. Adem\u00e1s, exige que se incorpore una retribuci\u00f3n mensual en compensaci\u00f3n por los gastos derivados de la virtualidad, que hasta la fecha son costeados por cada docente en casi todas las Universidades desde el inicio de la pandemia.<\/p>\n<p>Asimismo, Conadu Hist\u00f3rica ratifica su un\u00e1nime rechazo al ofrecimiento del gobierno nacional, consistente en 8 cuotas extendidas entre abril de 2021 hasta febrero del 2022, a cobrar en Marzo, sin cl\u00e1usula gatillo, y totalizando un falso 33% a esa fecha; en tanto que la inflaci\u00f3n proyectada superar\u00e1 el 48%. Esto significa sumar una nueva p\u00e9rdida salarial a la existente a la fecha, que supera el 20%.<\/p>\n<p>Finalmente, la Federaci\u00f3n convoca a sumarse a toda la docencia universitaria y preuniversitaria a confluir en una lucha unitaria el defensa del salario y las condiciones de trabajo, que es defender la Universidad p\u00fablica y gratuita, al tiempo que reitera su repudio a la artera maniobra del Ministerio de Educaci\u00f3n de la Naci\u00f3n y la Secretar\u00eda de Pol\u00edticas Universitarias por haber convocado a una reuni\u00f3n paritaria la semana pasada en la que excluyeron de manera deliberada e ilegal a nuestra organizaci\u00f3n. \u00abBuscaron amedrentar y disciplinar a nuestra organizaci\u00f3n por realizar un paro de 48 horass y s\u00f3lo consiguieron el repudio generalizado, adem\u00e1s de dejar en evidencia que no tienen una oferta salarial digna para nuestro sector\u00bb, aseguraron desde la Federaci\u00f3n.<\/p>\n<p>#ADICUS #ElGremioUniversitario #PARONacional #CONADUHist\u00f3rica #ParitariaSalarialYA #NOalAmedrentamiento<\/p>\n<p>&nbsp;<\/p>\n<p><img loading=\"lazy\" decoding=\"async\" class=\"wp-image-36889 size-full aligncenter\" src=\"https:\/\/vocesparalelas.com.ar\/sitio\/wp-content\/uploads\/2021\/04\/ADICUS-PARO-01.jpg\" alt=\"\" width=\"576\" height=\"1024\" \/><\/p>\n<p>&nbsp;<\/p>\n<p>&nbsp;<\/p>\n<p>&nbsp;<\/p>\n","protected":false},"excerpt":{"rendered":"<p>Demandan urgente recomposici\u00f3n salarial ante la p\u00e9rdida acumulada frente a la inflaci\u00f3n. Tras el contundente paro realizado por Conadu Hist\u00f3rica<\/p>\n","protected":false},"author":3,"featured_media":36890,"comment_status":"closed","ping_status":"closed","sticky":false,"template":"","format":"standard","meta":{"_acf_changed":false,"_seopress_robots_primary_cat":"none","_seopress_titles_title":"","_seopress_titles_desc":"","_seopress_robots_index":"","colormag_page_container_layout":"default_layout","colormag_page_sidebar_layout":"default_layout","footnotes":""},"categories":[1],"tags":[],"class_list":["post-36887","post","type-post","status-publish","format-standard","has-post-thumbnail","hentry","category-destacadas"],"acf":[],"_links":{"self":[{"href":"https:\/\/vocesparalelas.com.ar\/sitio\/wp-json\/wp\/v2\/posts\/36887","targetHints":{"allow":["GET"]}}],"collection":[{"href":"https:\/\/vocesparalelas.com.ar\/sitio\/wp-json\/wp\/v2\/posts"}],"about":[{"href":"https:\/\/vocesparalelas.com.ar\/sitio\/wp-json\/wp\/v2\/types\/post"}],"author":[{"embeddable":true,"href":"https:\/\/vocesparalelas.com.ar\/sitio\/wp-json\/wp\/v2\/users\/3"}],"replies":[{"embeddable":true,"href":"https:\/\/vocesparalelas.com.ar\/sitio\/wp-json\/wp\/v2\/comments?post=36887"}],"version-history":[{"count":1,"href":"https:\/\/vocesparalelas.com.ar\/sitio\/wp-json\/wp\/v2\/posts\/36887\/revisions"}],"predecessor-version":[{"id":36891,"href":"https:\/\/vocesparalelas.com.ar\/sitio\/wp-json\/wp\/v2\/posts\/36887\/revisions\/36891"}],"wp:featuredmedia":[{"embeddable":true,"href":"https:\/\/vocesparalelas.com.ar\/sitio\/wp-json\/wp\/v2\/media\/36890"}],"wp:attachment":[{"href":"https:\/\/vocesparalelas.com.ar\/sitio\/wp-json\/wp\/v2\/media?parent=36887"}],"wp:term":[{"taxonomy":"category","embeddable":true,"href":"https:\/\/vocesparalelas.com.ar\/sitio\/wp-json\/wp\/v2\/categories?post=36887"},{"taxonomy":"post_tag","embeddable":true,"href":"https:\/\/vocesparalelas.com.ar\/sitio\/wp-json\/wp\/v2\/tags?post=36887"}],"curies":[{"name":"wp","href":"https:\/\/api.w.org\/{rel}","templated":true}]}}