{"id":36878,"date":"2021-04-14T22:41:03","date_gmt":"2021-04-15T01:41:03","guid":{"rendered":"http:\/\/vocesparalelas.com.ar\/sitio\/?p=36878"},"modified":"2021-04-16T23:37:59","modified_gmt":"2021-04-17T02:37:59","slug":"san-juan-continua-las-restricciones-que-tenia-no-hay-modificacion","status":"publish","type":"post","link":"https:\/\/vocesparalelas.com.ar\/sitio\/san-juan-continua-las-restricciones-que-tenia-no-hay-modificacion\/","title":{"rendered":"San Juan contin\u00faa las restricciones que ten\u00eda no hay modificaci\u00f3n"},"content":{"rendered":"<p>El Comit\u00e9 COVID-19 San Juan se re\u00fane para analizar la situaci\u00f3n epidemiol\u00f3gica provincial.<\/p>\n<p>Luego del anuncio del presidente Dr. Alberto Fern\u00e1ndez sobre la implementaci\u00f3n de nuevas medidas restrictivas en el AMBA ante al avance de la segunda ola de coronavirus, el Gobierno de San Juan ratifica la continuidad de las restricciones implementadas por el Ejecutivo provincial la pasada semana con el objeto de cuidar la salud de todos los sanjuaninos y proteger la econom\u00eda provincial.<\/p>\n<p>En ese marco, el Gobierno de San Juan convoc\u00f3 a una reuni\u00f3n del Comit\u00e9 COVID-19 a fin de analizar la situaci\u00f3n epidemiol\u00f3gica provincial y los protocolos vigentes.<\/p>\n<p>La Provincia contin\u00faa apelando al esfuerzo y compromiso de toda la comunidad extremando las medidas de cuidado personal y colectivo y el cumplimiento de la normativa vigente para evitar la propagaci\u00f3n del coronavirus.<\/p>\n<p>La Ministro de Salud P\u00fablica del Gobierno de San Juan, Dra. Alejandra Venerando envi\u00f3 un audio a la comunidad que \u00aba partir del anuncio del Presidente, Dr. Alberto Fernandez es importante informar a la poblaci\u00f3n de San Juan se mantienen s\u00f3lo las restricciones definidas la semana pasada.<\/p>\n<p>\u00abConfiamos en la responsabilidad y solidaridad del pueblo. Necesitamos que se respeten los protocolos y cuidados sanitarios. Adem\u00e1s, solicitamos a la poblaci\u00f3n de los Departamentos alejados que sigan extremando los cuidados personales y sigan respetando los protocolos sanitarios vigentes\u00bb.<\/p>\n<p>\u00abLa prioridad del Gobernador, Dr. Sergio U\u00f1ac es proteger la salud de los sanjuaninos, la econom\u00eda y la educaci\u00f3n presencial como en este momento lo venimos realizando\u00bb.<\/p>\n<p>En este marco, se ha convocado a los integrantes del\u00a0Comit\u00e9 COVID-19 San Juan se re\u00fane para analizar situaci\u00f3n epidemiol\u00f3gica y los protocolos vigentes\u00bb &#8211; concluy\u00f3 la Dra. Venerando.<\/p>\n<p>&nbsp;<\/p>\n<p>&nbsp;<\/p>\n","protected":false},"excerpt":{"rendered":"<p>El Comit\u00e9 COVID-19 San Juan se re\u00fane para analizar la situaci\u00f3n epidemiol\u00f3gica provincial. Luego del anuncio del presidente Dr. Alberto<\/p>\n","protected":false},"author":3,"featured_media":1245,"comment_status":"closed","ping_status":"closed","sticky":false,"template":"","format":"standard","meta":{"_acf_changed":false,"_seopress_robots_primary_cat":"none","_seopress_titles_title":"","_seopress_titles_desc":"","_seopress_robots_index":"","colormag_page_container_layout":"default_layout","colormag_page_sidebar_layout":"default_layout","footnotes":""},"categories":[6],"tags":[],"class_list":["post-36878","post","type-post","status-publish","format-standard","has-post-thumbnail","hentry","category-eventos"],"acf":[],"_links":{"self":[{"href":"https:\/\/vocesparalelas.com.ar\/sitio\/wp-json\/wp\/v2\/posts\/36878","targetHints":{"allow":["GET"]}}],"collection":[{"href":"https:\/\/vocesparalelas.com.ar\/sitio\/wp-json\/wp\/v2\/posts"}],"about":[{"href":"https:\/\/vocesparalelas.com.ar\/sitio\/wp-json\/wp\/v2\/types\/post"}],"author":[{"embeddable":true,"href":"https:\/\/vocesparalelas.com.ar\/sitio\/wp-json\/wp\/v2\/users\/3"}],"replies":[{"embeddable":true,"href":"https:\/\/vocesparalelas.com.ar\/sitio\/wp-json\/wp\/v2\/comments?post=36878"}],"version-history":[{"count":3,"href":"https:\/\/vocesparalelas.com.ar\/sitio\/wp-json\/wp\/v2\/posts\/36878\/revisions"}],"predecessor-version":[{"id":36899,"href":"https:\/\/vocesparalelas.com.ar\/sitio\/wp-json\/wp\/v2\/posts\/36878\/revisions\/36899"}],"wp:featuredmedia":[{"embeddable":true,"href":"https:\/\/vocesparalelas.com.ar\/sitio\/wp-json\/wp\/v2\/media\/1245"}],"wp:attachment":[{"href":"https:\/\/vocesparalelas.com.ar\/sitio\/wp-json\/wp\/v2\/media?parent=36878"}],"wp:term":[{"taxonomy":"category","embeddable":true,"href":"https:\/\/vocesparalelas.com.ar\/sitio\/wp-json\/wp\/v2\/categories?post=36878"},{"taxonomy":"post_tag","embeddable":true,"href":"https:\/\/vocesparalelas.com.ar\/sitio\/wp-json\/wp\/v2\/tags?post=36878"}],"curies":[{"name":"wp","href":"https:\/\/api.w.org\/{rel}","templated":true}]}}