{"id":36871,"date":"2021-04-14T22:28:35","date_gmt":"2021-04-15T01:28:35","guid":{"rendered":"http:\/\/vocesparalelas.com.ar\/sitio\/?p=36871"},"modified":"2021-04-14T22:28:35","modified_gmt":"2021-04-15T01:28:35","slug":"el-velodromo-cuenta-un-avance-de-obra-del-50","status":"publish","type":"post","link":"https:\/\/vocesparalelas.com.ar\/sitio\/el-velodromo-cuenta-un-avance-de-obra-del-50\/","title":{"rendered":"El Vel\u00f3dromo cuenta un avance de obra del 50%"},"content":{"rendered":"<p>La obra completa del Vel\u00f3dromo Cubierto de San Juan cubrir\u00e1 m\u00e1s de 27.000 m2 y cuenta en su cubierta con un gran lucernario con forma de ojo para aprovechar la mayor cantidad de luz diurna. La estructura, en planta, posee forma de \u00f3valo.<\/p>\n<p>Esta obra se ubica en lo que ser\u00e1 la futura Ciudad Deportiva, al lado del Estadio del Bicentenario de Pocito. La pista ser\u00e1 de madera, tendr\u00e1 acondicionamiento t\u00e9rmico y capacidad para 5.763 espectadores sentados. Equipado con todas las comodidades y servicios necesarios para ubicarse entre los mejores vel\u00f3dromos internacionales, ser\u00e1 el primero en Argentina que se construir\u00e1 bajo normas de la Uni\u00f3n Ciclista Internacional (UCI)<\/p>\n<p>Contar\u00e1 con ingreso peatonal a trav\u00e9s de un gran p\u00f3rtico y un puente met\u00e1lico. La pista tendr\u00e1 t\u00faneles de ingreso para los equipos de ciclistas y otros para emergencias para ingreso de ambulancias. El circuito tendr\u00e1 un recorrido de 250 metros con un ancho de 7 metros y una pista de seguridad de 4 metros de ancho. Todo esto ser\u00e1 construido totalmente en madera, dispuesto con un sistema especial multilaminar.<\/p>\n<p>Asimismo, tendr\u00e1 vestuarios, sanitarios, gimnasio, salas de musculaci\u00f3n, talleres y todos los requerimientos que solicita la UCI para participar en competencias internacionales. Las tribunas ser\u00e1n de hormig\u00f3n armado y bajo ellas se ubicar\u00e1n los diversos equipamientos y tendr\u00e1 lugar la circulaci\u00f3n de p\u00fablico.<\/p>\n<p><span style=\"color: #99cc00;\"><strong>Desde la Direcci\u00f3n de Arquitectura, repartici\u00f3n a cargo de la obra, detallaron las tareas que se ejecutan en este momento:<\/strong><\/span><\/p>\n<ul>\n<li>Relleno y compactaci\u00f3n; armado y hormigonado de platea bajo pista.<\/li>\n<li>Hormigonado de muros de la sala de m\u00e1quinas.<\/li>\n<li>Encofrado y hormigonado de muros del t\u00fanel norte.<\/li>\n<li>Armado y encofrado de muros correspondientes al t\u00fanel sur.<\/li>\n<li>Relleno con hormig\u00f3n alivianado en bandejas.<\/li>\n<li>Hormigonado de gradas sector norte.<\/li>\n<li>Piso de hormig\u00f3n terminado con frataz mec\u00e1nico.<\/li>\n<li>Terminaci\u00f3n de encofrado, armadura y llenado losa de zona VIP.<\/li>\n<li>Trabajos de ensamble, armado y soldadura de escaleras de emergencias.<\/li>\n<li>Tareas de colocaci\u00f3n de bandejas para cables de distribuci\u00f3n de energ\u00eda.<\/li>\n<li>Colocaci\u00f3n de ca\u00f1er\u00edas y bocas de electricidad.<\/li>\n<\/ul>\n<p>Respecto de los trabajos previstos para los meses venideros, Arq. Marcelo Scalia, director de Arquitectura expres\u00f3: \u201ctenemos proyectado que entre lo que resta de abril y mayo recibamos parte de la maquinaria termomec\u00e1nica. Adem\u00e1s comenzar\u00edamos en el quinto mes del a\u00f1o a colocar la chapa de la cubierta de techo. Es importante destacar que estamos con una ocupaci\u00f3n de mano de obra de m\u00e1s de un centenar de personas\u201d.<\/p>\n<p><img loading=\"lazy\" decoding=\"async\" class=\"alignnone wp-image-36876 size-full\" src=\"https:\/\/vocesparalelas.com.ar\/sitio\/wp-content\/uploads\/2021\/04\/WADO-04.jpg\" alt=\"\" width=\"800\" height=\"533\" srcset=\"https:\/\/vocesparalelas.com.ar\/sitio\/wp-content\/uploads\/2021\/04\/WADO-04.jpg 800w, https:\/\/vocesparalelas.com.ar\/sitio\/wp-content\/uploads\/2021\/04\/WADO-04-300x200.jpg 300w, https:\/\/vocesparalelas.com.ar\/sitio\/wp-content\/uploads\/2021\/04\/WADO-04-768x512.jpg 768w\" sizes=\"auto, (max-width: 800px) 100vw, 800px\" \/><\/p>\n<p>&nbsp;<\/p>\n<p>&nbsp;<\/p>\n","protected":false},"excerpt":{"rendered":"<p>La obra completa del Vel\u00f3dromo Cubierto de San Juan cubrir\u00e1 m\u00e1s de 27.000 m2 y cuenta en su cubierta con<\/p>\n","protected":false},"author":3,"featured_media":36875,"comment_status":"closed","ping_status":"closed","sticky":false,"template":"","format":"standard","meta":{"_acf_changed":false,"_seopress_robots_primary_cat":"none","_seopress_titles_title":"","_seopress_titles_desc":"","_seopress_robots_index":"","colormag_page_container_layout":"default_layout","colormag_page_sidebar_layout":"default_layout","footnotes":""},"categories":[1],"tags":[],"class_list":["post-36871","post","type-post","status-publish","format-standard","has-post-thumbnail","hentry","category-destacadas"],"acf":[],"_links":{"self":[{"href":"https:\/\/vocesparalelas.com.ar\/sitio\/wp-json\/wp\/v2\/posts\/36871","targetHints":{"allow":["GET"]}}],"collection":[{"href":"https:\/\/vocesparalelas.com.ar\/sitio\/wp-json\/wp\/v2\/posts"}],"about":[{"href":"https:\/\/vocesparalelas.com.ar\/sitio\/wp-json\/wp\/v2\/types\/post"}],"author":[{"embeddable":true,"href":"https:\/\/vocesparalelas.com.ar\/sitio\/wp-json\/wp\/v2\/users\/3"}],"replies":[{"embeddable":true,"href":"https:\/\/vocesparalelas.com.ar\/sitio\/wp-json\/wp\/v2\/comments?post=36871"}],"version-history":[{"count":1,"href":"https:\/\/vocesparalelas.com.ar\/sitio\/wp-json\/wp\/v2\/posts\/36871\/revisions"}],"predecessor-version":[{"id":36877,"href":"https:\/\/vocesparalelas.com.ar\/sitio\/wp-json\/wp\/v2\/posts\/36871\/revisions\/36877"}],"wp:featuredmedia":[{"embeddable":true,"href":"https:\/\/vocesparalelas.com.ar\/sitio\/wp-json\/wp\/v2\/media\/36875"}],"wp:attachment":[{"href":"https:\/\/vocesparalelas.com.ar\/sitio\/wp-json\/wp\/v2\/media?parent=36871"}],"wp:term":[{"taxonomy":"category","embeddable":true,"href":"https:\/\/vocesparalelas.com.ar\/sitio\/wp-json\/wp\/v2\/categories?post=36871"},{"taxonomy":"post_tag","embeddable":true,"href":"https:\/\/vocesparalelas.com.ar\/sitio\/wp-json\/wp\/v2\/tags?post=36871"}],"curies":[{"name":"wp","href":"https:\/\/api.w.org\/{rel}","templated":true}]}}