{"id":36866,"date":"2021-04-14T21:38:33","date_gmt":"2021-04-15T00:38:33","guid":{"rendered":"http:\/\/vocesparalelas.com.ar\/sitio\/?p=36866"},"modified":"2021-04-14T22:43:03","modified_gmt":"2021-04-15T01:43:03","slug":"encuentro-con-referentes-de-las-camaras-empresarias-de-san-juan","status":"publish","type":"post","link":"https:\/\/vocesparalelas.com.ar\/sitio\/encuentro-con-referentes-de-las-camaras-empresarias-de-san-juan\/","title":{"rendered":"Encuentro con referentes de las c\u00e1maras empresarias de San Juan"},"content":{"rendered":"<p>El gobernador de San Juan, Dr. Sergio U\u00f1ac y el ministro del Interior, Dr. Wado de Pedro, presidieron la reuni\u00f3n con referentes de las principales c\u00e1maras empresariales locales.<\/p>\n<p>El encuentro tuvo como objetivo articular pol\u00edticas en conjunto y potenciar el perfil productivo de la provincia de San Juan, en el marco del Plan de Desarrollo con Federal impulsado por la cartera de Interior.<\/p>\n<p>Tras recorrer diversas obras de gran importancia, como el Acueducto Gran Tulum y el Vel\u00f3dromo de Pocito, visitar el estadio Aldo Cantoni donde se desarrolla el Plan Provincial de Vacunaci\u00f3n contra el COVID-19 y los laboratorios que la farmac\u00e9utica Raffo tiene en San Juan, U\u00f1ac agradeci\u00f3 el apoyo que el Gobierno nacional tiene para con la Provincia, destacando el trabajo conjunto entre el sector privado y el p\u00fablico.<\/p>\n<p>Poniendo en valor la concreci\u00f3n del Acuerdo San Juan, el mandatario sanjuanino indic\u00f3 que \u201clos empresarios presentes ac\u00e1 forman parte de la realidad econ\u00f3mica privada de San Juan, representan a la industria, al sector del comercio y servicio, a la miner\u00eda, al turismo, a la agricultura y a la construcci\u00f3n. Los temas planteados hoy, son temas que le preocupan al sector, al Gobierno provincial y estamos haciendo entre todos que tambi\u00e9n sean parte de la agenda nacional\u201d.<\/p>\n<p>En ese orden, U\u00f1ac se refiri\u00f3 a las pol\u00edticas de federalizaci\u00f3n, destac\u00f3 la importancia de generar igualdad de oportunidades para que el costo de producci\u00f3n sea igual en todo el territorio nacional y marc\u00f3 un nuevo desaf\u00edo: \u201cEmpezar a mirar hacia un nuevo horizonte, mirar hacia el oeste como una nueva oportunidad. San Juan tiene una propuesta, para poder llegar v\u00eda puerto de Chile al Mercado Asi\u00e1tico, a trav\u00e9s del T\u00fanel de Agua Negra\u00bb, asever\u00f3, poniendo el eje en la megaobra que beneficiar\u00e1 a la provincia y la regi\u00f3n.<\/p>\n<p>En la ocasi\u00f3n, el gobernador U\u00f1ac hizo entrega a de Pedro del Proyecto para la construcci\u00f3n de la planta elaboradora de tomate, destacando que San Juan es uno de los principales productores de la mencionada fruta, en la regi\u00f3n.<\/p>\n<p>Al hacer uso de la palabra, el ministro del Interior de la Argentina hizo referencia al motivo de su visita a la provincia y destac\u00f3 que el encuentro con empresarios \u201cbusca que nos pongamos de acuerdo en cu\u00e1les son las iniciativas que van a generar el aumento de producci\u00f3n, el aumento de la inversi\u00f3n y el aumento de puestos de trabajo en Argentina. En ese marco, vinimos a escuchar el an\u00e1lisis y las preocupaciones de los sectores productivos sanjuanino, con el compromiso, como dice el presidente Alberto Fern\u00e1ndez, de priorizar la inversi\u00f3n p\u00fablica en funci\u00f3n de aumentar la matriz productiva y los puestos de trabajo\u201d.<\/p>\n<p>De Pedro tambi\u00e9n se refiri\u00f3 al federalismo y lo asoci\u00f3 a la posibilidad de desarrollarse a lo largo y ancho del pa\u00eds, subrayando que \u201cno se trata de conjunto de normas que ordenan el funcionamiento pol\u00edtico de la Argentina si no que es un hecho concreto y real que tiene que ver con que cada argentino y argentina tengan la posibilidad de vivir, de poder desarrollarse y ser felices en el lugar donde nacieron o donde eligieron vivir\u201d.<\/p>\n<p>Adem\u00e1s puntualiz\u00f3 la mirada nacional sobre el empleo, \u201cen este caso el empleo que dan los empresarios, es parte de la dignidad de los argentinos. Venimos de una tradici\u00f3n y de una cultura pol\u00edtica donde para nosotros el empleo es el ordenador, el empleo genera independencia, dignidad. Nos gusta que las familias coman en sus casas, que los chicos puedan ir a las escuelas y universidades, que cada cual pueda vivir del fruto del esfuerzo y eso se da tambi\u00e9n con empresarios y empresarias que decidan arriesgar, invertir y para eso tienen que tener competitividad\u201d.<\/p>\n<p>Se encontraron presentes en esta ocasi\u00f3n, el vicegobernador Roberto Gattoni; la secretaria de Provincias del Ministerio del Interior, Silvina Batakis; la directora del Banco Naci\u00f3n, Cecilia Fern\u00e1ndez Bugna; el intendente de la Ciudad de San Juan, Emilio Baistrocchi; los ministros provinciales de Hacienda, de Obras y Servicios P\u00fablicos y de Producci\u00f3n y Desarrollo Econ\u00f3mico, adem\u00e1s de Hugo Goransky por la UISJ; Dino Minozzi por la Federaci\u00f3n Econ\u00f3mica; Adriana Martignoni por Bioasist; Eduardo Jaime por Industria y Construcci\u00f3n; Alberto Graffigna por Industria Textil; Adriana Salguero por la C\u00e1mara de Expendedores de Combustible; por la de la Construcci\u00f3n Juli\u00e1n Rins; por la Empresa SanJuanina de la Construcci\u00f3n Enrique Velazco y Carlos Leotta; Indumet, Servicios Mineros; Ricardo Golberg por CASETIC; Asociaci\u00f3n de Mujeres Empresarias Adriana Garade; C\u00e1mara de Comercio Exterior Roberto Guti\u00e9rrez; Juan Igualada por C\u00e1mara de SS Mineros; Gonzalo Lezcano por la C\u00e1mara Oliv\u00edcola; Eduardo Caputo por la Asociaci\u00f3n Empresarios Nacionales; Industria, Comercio y Servicios Eduardo Barcel\u00f3; por Trawel Pack Manuel Peralta; Mulet y Maur\u00edn SA; Antonio S\u00e1nchez por ASPROSEM, Cristian Gonz\u00e1lez por Itexa; representantes de La Campagnola y de la C\u00e1mara de Empresarios de la Construcci\u00f3n de San Juan.<\/p>\n<p><img loading=\"lazy\" decoding=\"async\" class=\"alignnone wp-image-36873 size-full\" src=\"https:\/\/vocesparalelas.com.ar\/sitio\/wp-content\/uploads\/2021\/04\/WADO-01-1.jpg\" alt=\"\" width=\"800\" height=\"455\" srcset=\"https:\/\/vocesparalelas.com.ar\/sitio\/wp-content\/uploads\/2021\/04\/WADO-01-1.jpg 800w, https:\/\/vocesparalelas.com.ar\/sitio\/wp-content\/uploads\/2021\/04\/WADO-01-1-300x171.jpg 300w, https:\/\/vocesparalelas.com.ar\/sitio\/wp-content\/uploads\/2021\/04\/WADO-01-1-768x437.jpg 768w\" sizes=\"auto, (max-width: 800px) 100vw, 800px\" \/><\/p>\n<p>&nbsp;<\/p>\n","protected":false},"excerpt":{"rendered":"<p>El gobernador de San Juan, Dr. Sergio U\u00f1ac y el ministro del Interior, Dr. Wado de Pedro, presidieron la reuni\u00f3n<\/p>\n","protected":false},"author":3,"featured_media":36874,"comment_status":"closed","ping_status":"closed","sticky":false,"template":"","format":"standard","meta":{"_acf_changed":false,"_seopress_robots_primary_cat":"none","_seopress_titles_title":"","_seopress_titles_desc":"","_seopress_robots_index":"","colormag_page_container_layout":"default_layout","colormag_page_sidebar_layout":"default_layout","footnotes":""},"categories":[1],"tags":[],"class_list":["post-36866","post","type-post","status-publish","format-standard","has-post-thumbnail","hentry","category-destacadas"],"acf":[],"_links":{"self":[{"href":"https:\/\/vocesparalelas.com.ar\/sitio\/wp-json\/wp\/v2\/posts\/36866","targetHints":{"allow":["GET"]}}],"collection":[{"href":"https:\/\/vocesparalelas.com.ar\/sitio\/wp-json\/wp\/v2\/posts"}],"about":[{"href":"https:\/\/vocesparalelas.com.ar\/sitio\/wp-json\/wp\/v2\/types\/post"}],"author":[{"embeddable":true,"href":"https:\/\/vocesparalelas.com.ar\/sitio\/wp-json\/wp\/v2\/users\/3"}],"replies":[{"embeddable":true,"href":"https:\/\/vocesparalelas.com.ar\/sitio\/wp-json\/wp\/v2\/comments?post=36866"}],"version-history":[{"count":2,"href":"https:\/\/vocesparalelas.com.ar\/sitio\/wp-json\/wp\/v2\/posts\/36866\/revisions"}],"predecessor-version":[{"id":36881,"href":"https:\/\/vocesparalelas.com.ar\/sitio\/wp-json\/wp\/v2\/posts\/36866\/revisions\/36881"}],"wp:featuredmedia":[{"embeddable":true,"href":"https:\/\/vocesparalelas.com.ar\/sitio\/wp-json\/wp\/v2\/media\/36874"}],"wp:attachment":[{"href":"https:\/\/vocesparalelas.com.ar\/sitio\/wp-json\/wp\/v2\/media?parent=36866"}],"wp:term":[{"taxonomy":"category","embeddable":true,"href":"https:\/\/vocesparalelas.com.ar\/sitio\/wp-json\/wp\/v2\/categories?post=36866"},{"taxonomy":"post_tag","embeddable":true,"href":"https:\/\/vocesparalelas.com.ar\/sitio\/wp-json\/wp\/v2\/tags?post=36866"}],"curies":[{"name":"wp","href":"https:\/\/api.w.org\/{rel}","templated":true}]}}