{"id":36859,"date":"2021-04-14T01:17:00","date_gmt":"2021-04-14T04:17:00","guid":{"rendered":"http:\/\/vocesparalelas.com.ar\/sitio\/?p=36859"},"modified":"2021-04-14T01:17:00","modified_gmt":"2021-04-14T04:17:00","slug":"la-comision-de-educacion-de-diputados-abordo-diversos-proyectos","status":"publish","type":"post","link":"https:\/\/vocesparalelas.com.ar\/sitio\/la-comision-de-educacion-de-diputados-abordo-diversos-proyectos\/","title":{"rendered":"La comisi\u00f3n de Educaci\u00f3n de Diputados abord\u00f3 diversos proyectos"},"content":{"rendered":"<div class=\"itemFullText jbintrotext\">\n<p>Los integrantes de la comisi\u00f3n de Educaci\u00f3n, Cultura, Ciencia y T\u00e9cnica de la C\u00e1mara de Diputados llevaron a cabo una reuni\u00f3n en la sala de situaci\u00f3n del bloque Justicialista para tratar diversos proyectos de Ley otorg\u00e1ndoles despacho favorable.<\/p>\n<\/div>\n<div class=\"itemFullText\">\n<p>El encuentro estuvo encabezado por la titular de la Comisi\u00f3n, diputada Fernanda Paredes y estuvieron presentes las legisladoras Graciela Seva y Marcela Monti; los diputados Carlos Platero, Enrique Monta\u00f1o, Leonardo Gioja, y Silvio Atencio.<\/p>\n<p>En la ocasi\u00f3n, abordaron cinco proyectos de Ley que proponen la ratificaci\u00f3n de diferentes convenios celebrados por la Secretar\u00eda de Estado de Ciencia, Tecnolog\u00eda, e Innovaci\u00f3n de San Juan y otros organismos.<\/p>\n<p>El primero de ellos firmado con la Agencia Calidad San Juan, con la finalidad de establecer canales de comunicaci\u00f3n y colaboraci\u00f3n con el objetivo de crear herramientas de fomento de la competitividad en sectores productivos a trav\u00e9s de la promoci\u00f3n e innovaci\u00f3n tecnol\u00f3gica, en el marco de posibles proyectos y programas de cada una de las partes intervinientes.<\/p>\n<p>El segundo, con el Ministerio de Ciencia, Tecnolog\u00eda e Innovaci\u00f3n Productiva de la Naci\u00f3n y la Universidad Cat\u00f3lica de Cuyo con la finalidad de profundizar y complementar la incorporaci\u00f3n de graduados en el desarrollo de tareas de vinculaci\u00f3n tecnol\u00f3gica, formulaci\u00f3n de proyectos y desarrollo de planes de negocios en las \u00e1reas de Ciencia y Tecnolog\u00eda; adem\u00e1s, impulsar la realizaci\u00f3n de asesoramiento orientado a la integraci\u00f3n de buenas pr\u00e1cticas y conocimientos de instrumentos de transferencia y vinculaci\u00f3n tecnol\u00f3gica, tanto a nivel nacional como internacional.<\/p>\n<p>El tercer proyecto rubricado fue con el Consejo Profesional de En\u00f3logos de San Juan con el objetivo de la ejecuci\u00f3n conjunta y coordinada de proyectos de desarrollo de iniciativa, investigaci\u00f3n, capacitaci\u00f3n, generaci\u00f3n de redes asociativa y otras formas de extensi\u00f3n en \u00e1reas de mutuo inter\u00e9s.<\/p>\n<p>Y los \u00faltimos firmados fueron, uno con la Municipalidad de J\u00e1chal y el otro con la Municipalidad de la Ciudad de San Juan. Ambos con el prop\u00f3sito\u00a0 de brindar asistencia rec\u00edproca y cooperar en todos aquellos aspectos que tengan relaci\u00f3n directa con actividades y fines propios de los organismos, sean de car\u00e1cter t\u00e9cnico, social, productivo, y de todos aquellos que tengan por objeto el desarrollo organizado y sistem\u00e1tico de sus objetivos.<\/p>\n<\/div>\n<p>&nbsp;<\/p>\n<p>&nbsp;<\/p>\n","protected":false},"excerpt":{"rendered":"<p>Los integrantes de la comisi\u00f3n de Educaci\u00f3n, Cultura, Ciencia y T\u00e9cnica de la C\u00e1mara de Diputados llevaron a cabo una<\/p>\n","protected":false},"author":3,"featured_media":36861,"comment_status":"closed","ping_status":"closed","sticky":false,"template":"","format":"standard","meta":{"_acf_changed":false,"_seopress_robots_primary_cat":"none","_seopress_titles_title":"","_seopress_titles_desc":"","_seopress_robots_index":"","colormag_page_container_layout":"default_layout","colormag_page_sidebar_layout":"default_layout","footnotes":""},"categories":[1],"tags":[],"class_list":["post-36859","post","type-post","status-publish","format-standard","has-post-thumbnail","hentry","category-destacadas"],"acf":[],"_links":{"self":[{"href":"https:\/\/vocesparalelas.com.ar\/sitio\/wp-json\/wp\/v2\/posts\/36859","targetHints":{"allow":["GET"]}}],"collection":[{"href":"https:\/\/vocesparalelas.com.ar\/sitio\/wp-json\/wp\/v2\/posts"}],"about":[{"href":"https:\/\/vocesparalelas.com.ar\/sitio\/wp-json\/wp\/v2\/types\/post"}],"author":[{"embeddable":true,"href":"https:\/\/vocesparalelas.com.ar\/sitio\/wp-json\/wp\/v2\/users\/3"}],"replies":[{"embeddable":true,"href":"https:\/\/vocesparalelas.com.ar\/sitio\/wp-json\/wp\/v2\/comments?post=36859"}],"version-history":[{"count":1,"href":"https:\/\/vocesparalelas.com.ar\/sitio\/wp-json\/wp\/v2\/posts\/36859\/revisions"}],"predecessor-version":[{"id":36862,"href":"https:\/\/vocesparalelas.com.ar\/sitio\/wp-json\/wp\/v2\/posts\/36859\/revisions\/36862"}],"wp:featuredmedia":[{"embeddable":true,"href":"https:\/\/vocesparalelas.com.ar\/sitio\/wp-json\/wp\/v2\/media\/36861"}],"wp:attachment":[{"href":"https:\/\/vocesparalelas.com.ar\/sitio\/wp-json\/wp\/v2\/media?parent=36859"}],"wp:term":[{"taxonomy":"category","embeddable":true,"href":"https:\/\/vocesparalelas.com.ar\/sitio\/wp-json\/wp\/v2\/categories?post=36859"},{"taxonomy":"post_tag","embeddable":true,"href":"https:\/\/vocesparalelas.com.ar\/sitio\/wp-json\/wp\/v2\/tags?post=36859"}],"curies":[{"name":"wp","href":"https:\/\/api.w.org\/{rel}","templated":true}]}}