{"id":36855,"date":"2021-04-14T01:13:38","date_gmt":"2021-04-14T04:13:38","guid":{"rendered":"http:\/\/vocesparalelas.com.ar\/sitio\/?p=36855"},"modified":"2021-04-14T01:13:38","modified_gmt":"2021-04-14T04:13:38","slug":"se-reunio-la-comision-de-economia-de-diputados-de-san-juan","status":"publish","type":"post","link":"https:\/\/vocesparalelas.com.ar\/sitio\/se-reunio-la-comision-de-economia-de-diputados-de-san-juan\/","title":{"rendered":"Se reuni\u00f3 la Comisi\u00f3n de Econom\u00eda de Diputados de San Juan"},"content":{"rendered":"<div class=\"itemFullText jbintrotext\">\n<p>La comisi\u00f3n de Econom\u00eda y Defensa al Consumidor, encabezada por el diputado Rub\u00e9n Carri\u00f3n, mantuvo un encuentro en la sala de Situaci\u00f3n del bloque Justicialista para estudiar y analizar diversos proyectos ingresados.<\/p>\n<\/div>\n<div class=\"itemFullText\">\n<p>En la oportunidad, estuvieron presentes los legisladores Federico Hensel, Enrique Monta\u00f1o, Jos\u00e9 Luis Esteve, Eduardo Cabello, Rodolfo Jalife, Mario Romero y la diputada Graciela Seva.<\/p>\n<p>Durante la reuni\u00f3n otorgaron despacho favorable a un proyecto de Ley que ratifica el convenio suscripto el 30 de octubre de 2020, entre la Secretar\u00eda de Estado de Ciencia, Tecnolog\u00eda, e Innovaci\u00f3n de San Juan, representada por su titular Tulio Abel Del Bono, y la Agencia Calidad San Juan, representada por Eduardo D\u00b4anna. La finalidad de este acuerdo consiste en establecer canales de comunicaci\u00f3n y colaboraci\u00f3n con el objetivo de crear herramientas de fomento de la competitividad en sectores productivos a trav\u00e9s de la promoci\u00f3n e innovaci\u00f3n tecnol\u00f3gica, en el marco de posibles proyectos y programas de cada una de las partes intervinientes.<\/p>\n<p>Adem\u00e1s, avanzaron en el tratamiento y estudio de un proyecto de ley que promueve la contrataci\u00f3n de mano de obra local, a cargo de empresas que operan en los departamentos donde se exploran y explotan recursos naturales; y otro proyecto vinculado a la Econom\u00eda del Conocimiento.<\/p>\n<\/div>\n<p>&nbsp;<\/p>\n","protected":false},"excerpt":{"rendered":"<p>La comisi\u00f3n de Econom\u00eda y Defensa al Consumidor, encabezada por el diputado Rub\u00e9n Carri\u00f3n, mantuvo un encuentro en la sala<\/p>\n","protected":false},"author":3,"featured_media":36857,"comment_status":"closed","ping_status":"closed","sticky":false,"template":"","format":"standard","meta":{"_acf_changed":false,"_seopress_robots_primary_cat":"none","_seopress_titles_title":"","_seopress_titles_desc":"","_seopress_robots_index":"","colormag_page_container_layout":"default_layout","colormag_page_sidebar_layout":"default_layout","footnotes":""},"categories":[1],"tags":[],"class_list":["post-36855","post","type-post","status-publish","format-standard","has-post-thumbnail","hentry","category-destacadas"],"acf":[],"_links":{"self":[{"href":"https:\/\/vocesparalelas.com.ar\/sitio\/wp-json\/wp\/v2\/posts\/36855","targetHints":{"allow":["GET"]}}],"collection":[{"href":"https:\/\/vocesparalelas.com.ar\/sitio\/wp-json\/wp\/v2\/posts"}],"about":[{"href":"https:\/\/vocesparalelas.com.ar\/sitio\/wp-json\/wp\/v2\/types\/post"}],"author":[{"embeddable":true,"href":"https:\/\/vocesparalelas.com.ar\/sitio\/wp-json\/wp\/v2\/users\/3"}],"replies":[{"embeddable":true,"href":"https:\/\/vocesparalelas.com.ar\/sitio\/wp-json\/wp\/v2\/comments?post=36855"}],"version-history":[{"count":1,"href":"https:\/\/vocesparalelas.com.ar\/sitio\/wp-json\/wp\/v2\/posts\/36855\/revisions"}],"predecessor-version":[{"id":36858,"href":"https:\/\/vocesparalelas.com.ar\/sitio\/wp-json\/wp\/v2\/posts\/36855\/revisions\/36858"}],"wp:featuredmedia":[{"embeddable":true,"href":"https:\/\/vocesparalelas.com.ar\/sitio\/wp-json\/wp\/v2\/media\/36857"}],"wp:attachment":[{"href":"https:\/\/vocesparalelas.com.ar\/sitio\/wp-json\/wp\/v2\/media?parent=36855"}],"wp:term":[{"taxonomy":"category","embeddable":true,"href":"https:\/\/vocesparalelas.com.ar\/sitio\/wp-json\/wp\/v2\/categories?post=36855"},{"taxonomy":"post_tag","embeddable":true,"href":"https:\/\/vocesparalelas.com.ar\/sitio\/wp-json\/wp\/v2\/tags?post=36855"}],"curies":[{"name":"wp","href":"https:\/\/api.w.org\/{rel}","templated":true}]}}