{"id":36850,"date":"2021-04-14T00:57:23","date_gmt":"2021-04-14T03:57:23","guid":{"rendered":"http:\/\/vocesparalelas.com.ar\/sitio\/?p=36850"},"modified":"2021-04-14T23:19:54","modified_gmt":"2021-04-15T02:19:54","slug":"derechos-politicos-plenos-para-los-docentes-universitarios-regularizados-por-el-art-73","status":"publish","type":"post","link":"https:\/\/vocesparalelas.com.ar\/sitio\/derechos-politicos-plenos-para-los-docentes-universitarios-regularizados-por-el-art-73\/","title":{"rendered":"Derechos Pol\u00edticos Plenos para los Docentes Universitarios Regularizados por el Art 73"},"content":{"rendered":"<p>Hace unos d\u00edas circula una noticia sobre la posible vulneraci\u00f3n de los derechos pol\u00edticos de los docentes regularizados a trav\u00e9s del Art\u00edculo 73, el proceso de efectivizaci\u00f3n de esos cargos que se llev\u00f3 adelante por un mecanismo autom\u00e1tico entendiendo que hac\u00eda a\u00f1os que esos cargos deber\u00edan haber dejado de ser interinos y las diferentes autoridades de la UNSJ los hab\u00eda prorrogado.<\/p>\n<p>Desde ADICUS quieren aclarar, en primer lugar, que la Aplicaci\u00f3n del Art\u00edculo 73 del Convenio Colectivo de Trabajo, es una aplicaci\u00f3n excepcional para casos en los que se ha incumplido con el Estatuto Universitario y la Ley de Educaci\u00f3n Superior sobre los cargos interinos. Y lo que hace este art\u00edculo es resarcir al Docente damnificado con la posibilidad de tener un cargo regular.<\/p>\n<p>Esta discusi\u00f3n, acerca del alcance de los derechos pol\u00edticos para los cargos regularizados seg\u00fan este art\u00edculo del CCT, se plante\u00f3 por el Gremio y Federaci\u00f3n Nacional en la Comisi\u00f3n de Seguimiento e Interpretaci\u00f3n de nuestro Convenio.<\/p>\n<p>De hecho, en un acta de dicha comisi\u00f3n del 04 de Julio de 2019, se trat\u00f3 este tema en una reuni\u00f3n realizada en la sede del CIN, en la cual estuvo presente el Secretario General de CONADU Hist\u00f3rica, Luis Tiscornia.<\/p>\n<p>El acta que publicamos a continuaci\u00f3n, con la resoluci\u00f3n de la Comisi\u00f3n de Seguimiento e Interpretaci\u00f3n, dice claramente \u201c\u2026esta Comisi\u00f3n aclara que, a partir de la Incorporaci\u00f3n a la Carrera Docente por aplicaci\u00f3n del Art. 73 del CCT, el docente adquiere la totalidad de los derechos pol\u00edticos\u201d.<\/p>\n<p>Es por esta resoluci\u00f3n que la posici\u00f3n est\u00e1 clara desde hace casi dos a\u00f1os: Todos los docentes regularizados a trav\u00e9s del Art\u00edculo 73, aprobado por la Paritaria Local Docente de la Universidad Nacional de San Juan, deben gozar de la totalidad de los derechos pol\u00edticos, es decir que son ciudadanos universitarios plenos, pueden votar y ser candidatos a los cargos de la UNSJ.<\/p>\n<p>Niegan cualquier intento de instalar en la UNSJ que existan docentes de primera y docentes de segunda, todos los docentes con cargos regulares deben gozar de su ciudadan\u00eda y de los derechos que eso conlleva.<\/p>\n<p>#ADICUS #ElGremioUniversitario #UNSJ<\/p>\n<p>&nbsp;<\/p>\n<p><img loading=\"lazy\" decoding=\"async\" class=\"alignnone wp-image-36884 size-full\" src=\"https:\/\/vocesparalelas.com.ar\/sitio\/wp-content\/uploads\/2021\/04\/ADICUS-ARTICULO.jpg\" alt=\"\" width=\"800\" height=\"1000\" srcset=\"https:\/\/vocesparalelas.com.ar\/sitio\/wp-content\/uploads\/2021\/04\/ADICUS-ARTICULO.jpg 800w, https:\/\/vocesparalelas.com.ar\/sitio\/wp-content\/uploads\/2021\/04\/ADICUS-ARTICULO-240x300.jpg 240w, https:\/\/vocesparalelas.com.ar\/sitio\/wp-content\/uploads\/2021\/04\/ADICUS-ARTICULO-640x800.jpg 640w, https:\/\/vocesparalelas.com.ar\/sitio\/wp-content\/uploads\/2021\/04\/ADICUS-ARTICULO-768x960.jpg 768w\" sizes=\"auto, (max-width: 800px) 100vw, 800px\" \/><\/p>\n<p>&nbsp;<\/p>\n<p>&nbsp;<\/p>\n","protected":false},"excerpt":{"rendered":"<p>Hace unos d\u00edas circula una noticia sobre la posible vulneraci\u00f3n de los derechos pol\u00edticos de los docentes regularizados a trav\u00e9s<\/p>\n","protected":false},"author":3,"featured_media":12481,"comment_status":"closed","ping_status":"closed","sticky":false,"template":"","format":"standard","meta":{"_acf_changed":false,"_seopress_robots_primary_cat":"none","_seopress_titles_title":"","_seopress_titles_desc":"","_seopress_robots_index":"","colormag_page_container_layout":"default_layout","colormag_page_sidebar_layout":"default_layout","footnotes":""},"categories":[10],"tags":[],"class_list":["post-36850","post","type-post","status-publish","format-standard","has-post-thumbnail","hentry","category-opiniones"],"acf":[],"_links":{"self":[{"href":"https:\/\/vocesparalelas.com.ar\/sitio\/wp-json\/wp\/v2\/posts\/36850","targetHints":{"allow":["GET"]}}],"collection":[{"href":"https:\/\/vocesparalelas.com.ar\/sitio\/wp-json\/wp\/v2\/posts"}],"about":[{"href":"https:\/\/vocesparalelas.com.ar\/sitio\/wp-json\/wp\/v2\/types\/post"}],"author":[{"embeddable":true,"href":"https:\/\/vocesparalelas.com.ar\/sitio\/wp-json\/wp\/v2\/users\/3"}],"replies":[{"embeddable":true,"href":"https:\/\/vocesparalelas.com.ar\/sitio\/wp-json\/wp\/v2\/comments?post=36850"}],"version-history":[{"count":3,"href":"https:\/\/vocesparalelas.com.ar\/sitio\/wp-json\/wp\/v2\/posts\/36850\/revisions"}],"predecessor-version":[{"id":36886,"href":"https:\/\/vocesparalelas.com.ar\/sitio\/wp-json\/wp\/v2\/posts\/36850\/revisions\/36886"}],"wp:featuredmedia":[{"embeddable":true,"href":"https:\/\/vocesparalelas.com.ar\/sitio\/wp-json\/wp\/v2\/media\/12481"}],"wp:attachment":[{"href":"https:\/\/vocesparalelas.com.ar\/sitio\/wp-json\/wp\/v2\/media?parent=36850"}],"wp:term":[{"taxonomy":"category","embeddable":true,"href":"https:\/\/vocesparalelas.com.ar\/sitio\/wp-json\/wp\/v2\/categories?post=36850"},{"taxonomy":"post_tag","embeddable":true,"href":"https:\/\/vocesparalelas.com.ar\/sitio\/wp-json\/wp\/v2\/tags?post=36850"}],"curies":[{"name":"wp","href":"https:\/\/api.w.org\/{rel}","templated":true}]}}